{"id":95611,"date":"2024-11-19T23:29:58","date_gmt":"2024-11-19T20:29:58","guid":{"rendered":"https:\/\/www.tgrthaber.com\/mavikadin\/?p=95611"},"modified":"2024-11-20T08:44:51","modified_gmt":"2024-11-20T05:44:51","slug":"ozcan-deniz-ve-samar-dadgar-cifti-avrupa-turuna-cikti-almanya-pozlari-begeni-rekoru-kirdi","status":"publish","type":"post","link":"https:\/\/www.tgrthaber.com\/mavikadin\/ozcan-deniz-ve-samar-dadgar-cifti-avrupa-turuna-cikti-almanya-pozlari-begeni-rekoru-kirdi\/","title":{"rendered":"\u00d6zcan Deniz ve Samar Dadgar \u00e7ifti Avrupa turuna \u00e7\u0131kt\u0131: Almanya pozlar\u0131 be\u011feni rekoru k\u0131rd\u0131"},"content":{"rendered":"<p>Aralar\u0131ndaki ya\u015f fark\u0131 ile s\u0131k s\u0131k g\u00fcndeme gelen \u00fcnl\u00fc sanat\u00e7\u0131 \u00d6zcan Deniz ve \u0130ranl\u0131 e\u015fi Samar Dadgar, yurtd\u0131\u015f\u0131 tatiline \u00e7\u0131kt\u0131. \u00dcnl\u00fc \u00e7iftten Samar Dadgar e\u015fi \u00d6zcan Deniz ile yeni bir foto\u011fraf\u0131n\u0131 payla\u015ft\u0131. \u00d6zcan Deniz hayranlar\u0131 o foto\u011fraflara k\u0131sa s\u00fcrede y\u00fczlerce kalp emojisi ve yorum yapt\u0131.<\/p>\n<h3>\u00d6ZCAN DEN\u0130Z VE SAMAR DADGAR \u00c7\u0130FT\u0130NDEN ALMANYA POZU<\/h3>\n<p>Birliktelikleri ilk g\u00fcnden beri g\u00fcndem olan 53 ya\u015f\u0131ndaki \u00d6zcan Deniz ile 31 ya\u015f\u0131ndaki Samar Dadgar \u00e7ifti, a\u015fklar\u0131n\u0131 dolu dizgin ya\u015famaya devam ediyor. \u00dcnl\u00fc \u00e7ift, k\u0131\u015f\u0131n gelmesi ile birlikte yurtd\u0131\u015f\u0131 tatillerine h\u0131z verdi. Yaz aylar\u0131n\u0131 dolu dolu konserlerle ge\u00e7iren \u00d6zcan Deniz ve Samar Dadgar Avrupa turuna \u00e7\u0131kt\u0131. \u00c7ift, Almanya&#8217;dan yeni bir karesini payla\u015ft\u0131.<\/p>\n<figure id=\"attachment_95624\" aria-describedby=\"caption-attachment-95624\" style=\"width: 1080px\" class=\"wp-caption alignnone\"><img loading=\"lazy\" decoding=\"async\" class=\"size-full wp-image-95624\" src=\"https:\/\/www.tgrthaber.com\/mavikadin\/wp-content\/uploads\/\ufe0f-4.jpg\" alt=\"\u00d6zcan Deniz ve Samar Dadgar \u00e7ifti\" width=\"1080\" height=\"1350\" title=\"\" srcset=\"https:\/\/www.tgrthaber.com\/mavikadin\/wp-content\/uploads\/\ufe0f-4.jpg 1080w, https:\/\/www.tgrthaber.com\/mavikadin\/wp-content\/uploads\/\ufe0f-4-240x300.jpg 240w, https:\/\/www.tgrthaber.com\/mavikadin\/wp-content\/uploads\/\ufe0f-4-819x1024.jpg 819w, https:\/\/www.tgrthaber.com\/mavikadin\/wp-content\/uploads\/\ufe0f-4-768x960.jpg 768w\" sizes=\"(max-width: 1080px) 100vw, 1080px\" \/><figcaption id=\"caption-attachment-95624\" class=\"wp-caption-text\">\u00d6zcan Deniz ve Samar Dadgar \u00e7ifti<\/figcaption><\/figure>\n<h3>\u00d6ZCAN DEN\u0130Z&#8217;\u0130N \u0130K\u0130NC\u0130 \u00c7OCUK A\u00c7IKLAMASI G\u00dcNDEM OLMU\u015eTU<\/h3>\n<p>2023 y\u0131l\u0131nda hayat\u0131n\u0131 Samar Dadgar ile birle\u015ftiren ve mutlu bir evlilik s\u00fcrd\u00fcren \u00d6zcan Deniz, ge\u00e7ti\u011fimiz aylarda e\u015fine \u00f6zel bir do\u011fum g\u00fcn\u00fc partisi d\u00fczenlemi\u015fti. Parti \u00f6ncesinde bas\u0131n mensuplar\u0131yla k\u0131sa bir sohbet eden \u00fcnl\u00fc sanat\u00e7\u0131, &#8220;Tekrar baba olmay\u0131 d\u00fc\u015f\u00fcn\u00fcyor musunuz?&#8221; sorusuna cevap vermi\u015fti. Feyza Aktan ile evlili\u011finden Kuzey ad\u0131nda bir o\u011flu bulunan \u00d6zcan Deniz, &#8220;53 ya\u015f\u0131nday\u0131m. E\u015fim Samar ve o\u011flum hayat\u0131m\u0131n anlam\u0131. Ka\u00e7 y\u0131l daha onlarla birlikte olabilece\u011fimi bilemiyorum. Onlar gen\u00e7ken, ben ilerlemi\u015f bir ya\u015fta olmak istemem. Bu y\u00fczden bir \u00e7ocuk daha sahibi olup, o hen\u00fcz 10\u2019lu ya\u015flar\u0131ndayken 70\u2019li ya\u015flar\u0131m\u0131 g\u00f6rmek istemiyorum. Bu riski g\u00f6ze alam\u0131yorum ama Samar gen\u00e7 bir kad\u0131n, benim her \u015feyim. \u2018Hayat\u2019 diyelim&#8230; Onun da bu hakk\u0131 var,&#8221; ifadelerini kulland\u0131.<\/p>\n<figure id=\"attachment_95625\" aria-describedby=\"caption-attachment-95625\" style=\"width: 1080px\" class=\"wp-caption alignnone\"><img loading=\"lazy\" decoding=\"async\" class=\"size-full wp-image-95625\" src=\"https:\/\/www.tgrthaber.com\/mavikadin\/wp-content\/uploads\/\ufe0f-5.jpg\" alt=\"\u00d6zcan Deniz ve Samar Dadgar Almanya&#039;ya gitti\" width=\"1080\" height=\"1350\" title=\"\" srcset=\"https:\/\/www.tgrthaber.com\/mavikadin\/wp-content\/uploads\/\ufe0f-5.jpg 1080w, https:\/\/www.tgrthaber.com\/mavikadin\/wp-content\/uploads\/\ufe0f-5-240x300.jpg 240w, https:\/\/www.tgrthaber.com\/mavikadin\/wp-content\/uploads\/\ufe0f-5-819x1024.jpg 819w, https:\/\/www.tgrthaber.com\/mavikadin\/wp-content\/uploads\/\ufe0f-5-768x960.jpg 768w\" sizes=\"(max-width: 1080px) 100vw, 1080px\" \/><figcaption id=\"caption-attachment-95625\" class=\"wp-caption-text\">\u00d6zcan Deniz ve Samar Dadgar Almanya&#8217;ya gitti<\/figcaption><\/figure>\n<h3>S\u00d6ZLER\u0130 SOSYAL MEDYANIN G\u00d6BE\u011e\u0130NE OTURDU<\/h3>\n<p>Samar Dadgar ise e\u015finin bu s\u00f6zlerinin ard\u0131ndan &#8220;Daha birlikte biriktirece\u011fimiz \u00e7ok an\u0131 var&#8221; ifadelerini kulland\u0131. \u00d6zcan Deniz\u2019in bu a\u00e7\u0131klamalar\u0131 sosyal medyada b\u00fcy\u00fck yank\u0131 uyand\u0131rd\u0131. \u00dcnl\u00fc sanat\u00e7\u0131n\u0131n s\u00f6zleri sonras\u0131, &#8220;E\u015fi anne olmak istiyorsa buna ne diyecek?&#8221;, &#8220;Sizin nas\u0131l baba olma hakk\u0131n\u0131z varsa onun da anne olma hakk\u0131 var&#8221;, &#8220;Bence bu konuda karar Samar Dadgar\u2019a b\u0131rak\u0131lmal\u0131; o anne olmay\u0131 d\u00fc\u015f\u00fcn\u00fcyor mu?&#8221; gibi yorumlar yap\u0131ld\u0131.<\/p>\n<figure id=\"attachment_95626\" aria-describedby=\"caption-attachment-95626\" style=\"width: 1080px\" class=\"wp-caption alignnone\"><img loading=\"lazy\" decoding=\"async\" class=\"size-full wp-image-95626\" src=\"https:\/\/www.tgrthaber.com\/mavikadin\/wp-content\/uploads\/\ufe0f-3.jpg\" alt=\"\u00d6zcan Deniz&#039;den \u00e7ocuk a\u00e7\u0131klamas\u0131\" width=\"1080\" height=\"1350\" title=\"\" srcset=\"https:\/\/www.tgrthaber.com\/mavikadin\/wp-content\/uploads\/\ufe0f-3.jpg 1080w, https:\/\/www.tgrthaber.com\/mavikadin\/wp-content\/uploads\/\ufe0f-3-240x300.jpg 240w, https:\/\/www.tgrthaber.com\/mavikadin\/wp-content\/uploads\/\ufe0f-3-819x1024.jpg 819w, https:\/\/www.tgrthaber.com\/mavikadin\/wp-content\/uploads\/\ufe0f-3-768x960.jpg 768w\" sizes=\"(max-width: 1080px) 100vw, 1080px\" \/><figcaption id=\"caption-attachment-95626\" class=\"wp-caption-text\">\u00d6zcan Deniz&#8217;den \u00e7ocuk a\u00e7\u0131klamas\u0131<\/figcaption><\/figure>\n<h3>\u00d6ZCAN DEN\u0130Z ELE\u015eT\u0130R\u0130L\u0130NCE SAMAR DADGAR SESS\u0130ZL\u0130\u011e\u0130N\u0130 BOZDU<\/h3>\n<p>Samar Dadgar, e\u015finin a\u00e7\u0131klamalar\u0131na gelen yorumlar\u0131n ard\u0131ndan sessizli\u011fini bozarak \u015fu ifadeleri kulland\u0131: \u201cHer kad\u0131n anne olmak zorunda de\u011fil. Kad\u0131nlar, mutlaka anne olma iste\u011fiyle yan\u0131p tutu\u015fmak zorunda de\u011fil. Her evlili\u011fin \u00e7ocukla ta\u00e7lanmas\u0131 gerekti\u011fi gibi bir \u015fart yok. Zaten bir \u00e7ocuk var ve o bizim can\u0131m\u0131z, ci\u011ferimiz. \u0130ki insan birbirini seviyorsa ve \u00e7ocuk sahibi olma \u00f6zlemi duymuyorsa, bunu kad\u0131n haklar\u0131yla ili\u015fkilendirmek ya da \u2018Mutlaka istersin, bir g\u00fcn fikrin de\u011fi\u015fir\u2019 gibi dayatmalarla dikte etmek do\u011fru de\u011fil. Baz\u0131 konular \u00e7ok ki\u015fisel ve \u00f6zel. Hasta de\u011filim ama hasta olup \u00e7ocuk sahibi olamasayd\u0131m ne olacakt\u0131? Bu t\u00fcr yorumlar kad\u0131nlar\u0131 derinden etkiliyor. Herkesin, ba\u015fkalar\u0131n\u0131n ya\u015fam tercihlerine sayg\u0131 g\u00f6stermesi gerekiyor. Sevgi ve anlay\u0131\u015fla kal\u0131n.\u201d<\/p>\n","protected":false},"excerpt":{"rendered":"<p>Birliktelikleri ile magazin d\u00fcnyas\u0131n\u0131n en merak edilen \u00e7iftlerinden biri olan \u00d6zcan Deniz ve Samar Dadgar Avrupa turuna \u00e7\u0131kt\u0131. \u00dcnl\u00fc \u00e7ift, Almanya&#8217;dan yapt\u0131klar\u0131 yeni payla\u015f\u0131mla binlerce be\u011feni ald\u0131. Hayranlar\u0131 \u00fcnl\u00fc \u00e7ifte onlarca &#8216;ma\u015fallah&#8217; yorumu yazd\u0131.<\/p>\n","protected":false},"author":2,"featured_media":95628,"comment_status":"closed","ping_status":"closed","sticky":false,"template":"","format":"standard","meta":{"rank_math_lock_modified_date":false,"footnotes":""},"categories":[76],"tags":[133,2393,2394],"class_list":["post-95611","post","type-post","status-publish","format-standard","has-post-thumbnail","hentry","category-magazin","tag-magazin","tag-ozcan-deniz","tag-samar-dadgar"],"_links":{"self":[{"href":"https:\/\/www.tgrthaber.com\/mavikadin\/wp-json\/wp\/v2\/posts\/95611"}],"collection":[{"href":"https:\/\/www.tgrthaber.com\/mavikadin\/wp-json\/wp\/v2\/posts"}],"about":[{"href":"https:\/\/www.tgrthaber.com\/mavikadin\/wp-json\/wp\/v2\/types\/post"}],"author":[{"embeddable":true,"href":"https:\/\/www.tgrthaber.com\/mavikadin\/wp-json\/wp\/v2\/users\/2"}],"replies":[{"embeddable":true,"href":"https:\/\/www.tgrthaber.com\/mavikadin\/wp-json\/wp\/v2\/comments?post=95611"}],"version-history":[{"count":1,"href":"https:\/\/www.tgrthaber.com\/mavikadin\/wp-json\/wp\/v2\/posts\/95611\/revisions"}],"predecessor-version":[{"id":95629,"href":"https:\/\/www.tgrthaber.com\/mavikadin\/wp-json\/wp\/v2\/posts\/95611\/revisions\/95629"}],"wp:featuredmedia":[{"embeddable":true,"href":"https:\/\/www.tgrthaber.com\/mavikadin\/wp-json\/wp\/v2\/media\/95628"}],"wp:attachment":[{"href":"https:\/\/www.tgrthaber.com\/mavikadin\/wp-json\/wp\/v2\/media?parent=95611"}],"wp:term":[{"taxonomy":"category","embeddable":true,"href":"https:\/\/www.tgrthaber.com\/mavikadin\/wp-json\/wp\/v2\/categories?post=95611"},{"taxonomy":"post_tag","embeddable":true,"href":"https:\/\/www.tgrthaber.com\/mavikadin\/wp-json\/wp\/v2\/tags?post=95611"}],"curies":[{"name":"wp","href":"https:\/\/api.w.org\/{rel}","templated":true}]}}