{"id":95734,"date":"2024-11-20T10:51:59","date_gmt":"2024-11-20T07:51:59","guid":{"rendered":"https:\/\/www.tgrthaber.com\/mavikadin\/?p=95734"},"modified":"2024-11-20T10:53:43","modified_gmt":"2024-11-20T07:53:43","slug":"duygu-kiraz-neden-oldu-duygu-kiraz-kimdir-duygu-kiraz-meslegi-neydi-kac-yasindaydi","status":"publish","type":"post","link":"https:\/\/www.tgrthaber.com\/mavikadin\/duygu-kiraz-neden-oldu-duygu-kiraz-kimdir-duygu-kiraz-meslegi-neydi-kac-yasindaydi\/","title":{"rendered":"Duygu Kiraz neden \u00f6ld\u00fc? Duygu Kiraz kimdir? Duygu Kiraz mesle\u011fi neydi, ka\u00e7 ya\u015f\u0131ndayd\u0131?"},"content":{"rendered":"<p>Ani \u00f6l\u00fcm\u00fcyle sanat camias\u0131n\u0131 ve sevenlerini derin bir h\u00fczne bo\u011fan Duygu Kiraz\u2019\u0131n vefat haberini menajeri duyurdu. Menajerinin vefat haberini payla\u015fmas\u0131 \u00fczerine Duygu Kiraz\u2019\u0131n sevenleri vefat haberiyle y\u0131k\u0131ld\u0131. Gen\u00e7 ya\u015fta hayat\u0131n\u0131 kaybeden Duygu Kiraz\u2019\u0131n kim oldu\u011fu merak ediliyor. Duygu Kiraz neden hayat\u0131n\u0131 kaybetti? Duygu Kiraz kimdir? Duygu Kiraz\u2019\u0131n mesle\u011fi neydi, ka\u00e7 ya\u015f\u0131ndayd\u0131? Duygu Kiraz hakk\u0131nda merak edilenleri sizin i\u00e7in ara\u015ft\u0131rd\u0131k. \u0130\u015fte Duygu Kiraz hakk\u0131nda merak edilenler\u2026<\/p>\n<h3>DUYGU K\u0130RAZ NEDEN \u00d6LD\u00dc?<\/h3>\n<p>Gen\u00e7 ya\u015fta hayat\u0131n\u0131 kaybeden Duygu Kiraz\u2019\u0131n neden vefat etti\u011fi merak ediliyor. Peki, Duygu Kiraz neden hayat\u0131n\u0131 kaybetti? \u0130\u015fte Duygu Kiraz\u2019\u0131n vefat\u0131 hakk\u0131nda merak edilenler.<\/p>\n<figure id=\"attachment_95738\" aria-describedby=\"caption-attachment-95738\" style=\"width: 1600px\" class=\"wp-caption alignnone\"><img loading=\"lazy\" decoding=\"async\" class=\"size-full wp-image-95738\" src=\"https:\/\/www.tgrthaber.com\/mavikadin\/wp-content\/uploads\/Adsiz-tasarim-35-1.jpg\" alt=\"Duygu Kiraz kimdi, neden \u00f6ld\u00fc?\" width=\"1600\" height=\"900\" title=\"\" srcset=\"https:\/\/www.tgrthaber.com\/mavikadin\/wp-content\/uploads\/Adsiz-tasarim-35-1.jpg 1600w, https:\/\/www.tgrthaber.com\/mavikadin\/wp-content\/uploads\/Adsiz-tasarim-35-1-300x169.jpg 300w, https:\/\/www.tgrthaber.com\/mavikadin\/wp-content\/uploads\/Adsiz-tasarim-35-1-1024x576.jpg 1024w, https:\/\/www.tgrthaber.com\/mavikadin\/wp-content\/uploads\/Adsiz-tasarim-35-1-768x432.jpg 768w, https:\/\/www.tgrthaber.com\/mavikadin\/wp-content\/uploads\/Adsiz-tasarim-35-1-1536x864.jpg 1536w\" sizes=\"(max-width: 1600px) 100vw, 1600px\" \/><figcaption id=\"caption-attachment-95738\" class=\"wp-caption-text\">Duygu Kiraz kimdi, neden \u00f6ld\u00fc?<\/figcaption><\/figure>\n<p>Duygu Kiraz, ge\u00e7irdi\u011fi epilepsi krizi sonucu hastaneye kald\u0131r\u0131ld\u0131. Hastaneye kald\u0131r\u0131lan Duygu Kiraz, t\u00fcm m\u00fcdahalelere ra\u011fmen ya\u015fam\u0131n\u0131 yitirdi. Ani \u00f6l\u00fcm\u00fcyle t\u00fcm sevenlerini ve sanat camias\u0131n\u0131 derin bir h\u00fczne bo\u011fan Duygu Kiraz, hayata g\u00f6zlerini yuman gen\u00e7 m\u00fczisyenler aras\u0131nda yer al\u0131yor.<\/p>\n<h3>DUYGU K\u0130RAZ K\u0130MD\u0130, MESLE\u011e\u0130 NEYD\u0130?<\/h3>\n<p>T\u00fcrk m\u00fczi\u011finin gen\u00e7 seslerinden olan Duygu Kiraz, solistlik ve m\u00fczisyenlik yap\u0131yordu. Sanat camias\u0131n\u0131n gen\u00e7 ve ba\u015far\u0131l\u0131 isimleri aras\u0131nda yer alan Duygu Kiraz, m\u00fczisyenlik yap\u0131yordu. Gen\u00e7 sanat\u00e7\u0131 ge\u00e7irdi\u011fi epilepsi rahats\u0131zl\u0131\u011f\u0131 nedeniyle kald\u0131r\u0131ld\u0131\u011f\u0131 hastanede ya\u015fam\u0131n\u0131 yitirdi.<\/p>\n<h3>VEFAT HABER\u0130N\u0130 MENAJER\u0130 DUYURDU!<\/h3>\n<p>Duygu Kiraz\u2019\u0131n menajeri yapt\u0131\u011f\u0131 payla\u015f\u0131mla, Duygu Kiraz\u2019\u0131n hayat\u0131n\u0131 kaybetti\u011fini duyurdu. Kiraz\u2019\u0131n menajeri yapt\u0131\u011f\u0131 payla\u015f\u0131mda: \u201cBu hayat\u0131m\u0131n en zor payla\u015f\u0131m\u0131. Duygum, karde\u015fim inanam\u0131yorum. Elim de dilim de gitmiyor haberini yay\u0131nlamaya. Can\u0131m \u00e7ok ac\u0131yor. Kuzum hakk\u0131n rahmetine kavu\u015ftu. Yar\u0131n (bug\u00fcn) Sultan Murat Camii&#8217;nden kald\u0131r\u0131lacakt\u0131r o k\u00fc\u00e7\u00fcc\u00fck bedeni&#8230; \u0130kindide gelmek isteyen son g\u00f6revini yapmak isteyen dostlar\u0131na arkada\u015flar\u0131na duyurulur.\u201d ifadelerini kulland\u0131.<\/p>\n<p>Ayn\u0131 zamanda Kiraz\u2019\u0131n vefat\u0131 \u00fczerine Film-San Vakf\u0131 da sosyal medya hesab\u0131ndan yapt\u0131\u011f\u0131 payla\u015f\u0131mla gen\u00e7 \u015fark\u0131c\u0131ya taziye mesajlar\u0131nda bulundu. Film-San Vakf\u0131 yapt\u0131\u011f\u0131 payla\u015f\u0131mda: \u201cFilm-San Vakf\u0131 \u00dcyelerimizden Ses Sanat\u00e7\u0131s\u0131 Duygu Kiraz\u2019\u0131 kaybetmenin \u00fcz\u00fcnt\u00fcs\u00fc i\u00e7indeyiz. Kendisine Allah&#8217;tan rahmet, ailesine ve sevenlerine ba\u015fsa\u011fl\u0131\u011f\u0131 ve sab\u0131r diliyoruz\u201d ifadelerine yer verdi.<\/p>\n<h3>EP\u0130LEPS\u0130 HASTALI\u011eI NED\u0130R?<\/h3>\n<p>Kas\u0131lma, istemsiz hareketler ve bilin\u00e7 kayb\u0131 n\u00f6betleriyle meydana gelen epilepsi, bir beyin hastal\u0131\u011f\u0131 olarak kar\u015f\u0131m\u0131za \u00e7\u0131kar. Epilepsi hastalar\u0131, n\u00f6bet ge\u00e7irdikleri anlarda ani ve k\u0131sa s\u00fcreli bilin\u00e7 kayb\u0131 ya da bilin\u00e7 de\u011fi\u015fikli\u011fi ya\u015fayabilir.<\/p>\n<p>Epilepsi krizi ge\u00e7iren bir bireyde, istemsiz hareketler ve kas\u0131lmalar meydana gelir. Bu hareketler daha \u00e7ok kollarda ve bacaklarda sallanma \u015feklinde meydana gelir.<\/p>\n<figure id=\"attachment_95737\" aria-describedby=\"caption-attachment-95737\" style=\"width: 1600px\" class=\"wp-caption alignnone\"><img loading=\"lazy\" decoding=\"async\" class=\"size-full wp-image-95737\" src=\"https:\/\/www.tgrthaber.com\/mavikadin\/wp-content\/uploads\/Adsiz-tasarim-36-1.jpg\" alt=\"Epilepsi hastal\u0131\u011f\u0131 nedir?\" width=\"1600\" height=\"900\" title=\"\" srcset=\"https:\/\/www.tgrthaber.com\/mavikadin\/wp-content\/uploads\/Adsiz-tasarim-36-1.jpg 1600w, https:\/\/www.tgrthaber.com\/mavikadin\/wp-content\/uploads\/Adsiz-tasarim-36-1-300x169.jpg 300w, https:\/\/www.tgrthaber.com\/mavikadin\/wp-content\/uploads\/Adsiz-tasarim-36-1-1024x576.jpg 1024w, https:\/\/www.tgrthaber.com\/mavikadin\/wp-content\/uploads\/Adsiz-tasarim-36-1-768x432.jpg 768w, https:\/\/www.tgrthaber.com\/mavikadin\/wp-content\/uploads\/Adsiz-tasarim-36-1-1536x864.jpg 1536w\" sizes=\"(max-width: 1600px) 100vw, 1600px\" \/><figcaption id=\"caption-attachment-95737\" class=\"wp-caption-text\">Epilepsi hastal\u0131\u011f\u0131 nedir?<\/figcaption><\/figure>\n<p>Epilepsi ataklar\u0131, epilepsi hastal\u0131\u011f\u0131 ya\u015fayan her bireyde s\u0131k\u00e7a g\u00f6r\u00fclebilir. Fakat bu s\u00fcreci do\u011fru ve zamanl\u0131 kullanmak olduk\u00e7a \u00f6nemlidir. \u00d6m\u00fcr boyu s\u00fcren epilepsi hastal\u0131\u011f\u0131, do\u011fru n\u00f6bet kontrol\u00fc sa\u011fland\u0131\u011f\u0131nda ki\u015fi normal hayat\u0131na kald\u0131\u011f\u0131 yerden devam edebilir.<\/p>\n<p>Epilepsi, halk aras\u0131nda \u201csara\u201d hastal\u0131\u011f\u0131 olarak da bilinir. Epilepsi, beyinde bulunan sinir h\u00fccrelerinde anormal\u00a0elektriksel\u00a0aktivite dalgalanmalar\u0131 sonucu\u00a0olu\u015fur. Bu dalgalanmalarla birlikte ise hastada ge\u00e7ici ve s\u00fcreli haf\u0131za kay\u0131plar\u0131 meydana gelebilir.<\/p>\n","protected":false},"excerpt":{"rendered":"<p>Son dakika haberine g\u00f6re \u015fark\u0131c\u0131 Duygu Kiraz, hayat\u0131n\u0131 kaybetti. Duygu Kiraz\u2019\u0131n vefat haberini menajeri duyurdu. Peki, Duygu Kiraz neden vefat etti? Duygu Kiraz kimdir? Duygu Kiraz mesle\u011fi nedir, ka\u00e7 ya\u015f\u0131nda? \u0130\u015fte Duygu Kiraz hakk\u0131nda merak edilenler\u2026 <\/p>\n","protected":false},"author":26,"featured_media":95739,"comment_status":"closed","ping_status":"closed","sticky":false,"template":"","format":"standard","meta":{"rank_math_lock_modified_date":false,"footnotes":""},"categories":[491],"tags":[2424,2425],"class_list":["post-95734","post","type-post","status-publish","format-standard","has-post-thumbnail","hentry","category-biyografi","tag-duygu-kiraz","tag-epilepsi"],"_links":{"self":[{"href":"https:\/\/www.tgrthaber.com\/mavikadin\/wp-json\/wp\/v2\/posts\/95734"}],"collection":[{"href":"https:\/\/www.tgrthaber.com\/mavikadin\/wp-json\/wp\/v2\/posts"}],"about":[{"href":"https:\/\/www.tgrthaber.com\/mavikadin\/wp-json\/wp\/v2\/types\/post"}],"author":[{"embeddable":true,"href":"https:\/\/www.tgrthaber.com\/mavikadin\/wp-json\/wp\/v2\/users\/26"}],"replies":[{"embeddable":true,"href":"https:\/\/www.tgrthaber.com\/mavikadin\/wp-json\/wp\/v2\/comments?post=95734"}],"version-history":[{"count":1,"href":"https:\/\/www.tgrthaber.com\/mavikadin\/wp-json\/wp\/v2\/posts\/95734\/revisions"}],"predecessor-version":[{"id":95742,"href":"https:\/\/www.tgrthaber.com\/mavikadin\/wp-json\/wp\/v2\/posts\/95734\/revisions\/95742"}],"wp:featuredmedia":[{"embeddable":true,"href":"https:\/\/www.tgrthaber.com\/mavikadin\/wp-json\/wp\/v2\/media\/95739"}],"wp:attachment":[{"href":"https:\/\/www.tgrthaber.com\/mavikadin\/wp-json\/wp\/v2\/media?parent=95734"}],"wp:term":[{"taxonomy":"category","embeddable":true,"href":"https:\/\/www.tgrthaber.com\/mavikadin\/wp-json\/wp\/v2\/categories?post=95734"},{"taxonomy":"post_tag","embeddable":true,"href":"https:\/\/www.tgrthaber.com\/mavikadin\/wp-json\/wp\/v2\/tags?post=95734"}],"curies":[{"name":"wp","href":"https:\/\/api.w.org\/{rel}","templated":true}]}}