{"id":95856,"date":"2024-11-20T14:28:11","date_gmt":"2024-11-20T11:28:11","guid":{"rendered":"https:\/\/www.tgrthaber.com\/mavikadin\/?p=95856"},"modified":"2024-11-20T15:34:25","modified_gmt":"2024-11-20T12:34:25","slug":"nagihan-karadere-survivor-2025-kadrosunda-olacak-mi-unlu-isimden-survivor-2025-itirafi","status":"publish","type":"post","link":"https:\/\/www.tgrthaber.com\/mavikadin\/nagihan-karadere-survivor-2025-kadrosunda-olacak-mi-unlu-isimden-survivor-2025-itirafi\/","title":{"rendered":"Nagihan Karadere Survivor 2025 kadrosunda olacak m\u0131? \u00dcnl\u00fc isimden Survivor 2025 itiraf\u0131!"},"content":{"rendered":"<p>\u015eimdilerde yay\u0131nlanan ve yo\u011fun bir izleyici kitlesi olan Masterchef program\u0131n\u0131n \u015fampiyonu belli olduktan sonra ba\u015flayacak olan\u00a0 bu sene ki Survivor 2025 yar\u0131\u015fmas\u0131 yeniden izleyici kar\u015f\u0131s\u0131na \u00e7\u0131kmaya haz\u0131rlan\u0131yor.<\/p>\n<p>2025 y\u0131l\u0131nda Survivor kadrosunda hangi isimlerin yer alaca\u011f\u0131 hen\u00fcz merak konusu iken eski yar\u0131\u015fmac\u0131lardan Nagihan Karadere, sitemli a\u00e7\u0131klamalar\u0131yla g\u00fcndeme bomba gibi d\u00fc\u015ft\u00fc.<\/p>\n<p>Survivor All Star&#8217;\u0131n en \u00e7ok konu\u015fulan\u00a0 isimlerinden biri olan eski yar\u0131\u015fmac\u0131 Karadere, Acun Il\u0131cal\u0131&#8217;ya seslenerek konu\u015ftu.<\/p>\n<h3>SURV\u0130VOR&#8217;UN ESK\u0130 YARI\u015eMACISI NAG\u0130HAN KARADERE&#8217;DEN ACUN&#8217;A G\u00d6NDERME!<\/h3>\n<p>TV8 kanal\u0131nda her sene belirli d\u00f6nemlerde yay\u0131nlanan ve sunuculu\u011funu Acun Il\u0131cal\u0131&#8217;n\u0131n ger\u00e7ekle\u015ftirdi\u011fi Survivor All Star&#8217;\u0131n en dikkat \u00e7eken ve en \u00e7ok konu\u015fulan yar\u0131\u015fmac\u0131lar\u0131ndan olan Nagihan Karadere, Survivor yar\u0131\u015fmas\u0131n\u0131n yeni sezon kadrosunda yer al\u0131p almayaca\u011f\u0131na dair a\u00e7\u0131klama yaparak Acun&#8217;a g\u00f6ndermede bulundu.<\/p>\n<p><img loading=\"lazy\" decoding=\"async\" class=\"size-full wp-image-95865\" src=\"https:\/\/www.tgrthaber.com\/mavikadin\/wp-content\/uploads\/Adsiz-tasarim-2024-11-20T141102.664.jpg\" alt=\"Nagihan karadere\" width=\"1920\" height=\"1080\" title=\"\" srcset=\"https:\/\/www.tgrthaber.com\/mavikadin\/wp-content\/uploads\/Adsiz-tasarim-2024-11-20T141102.664.jpg 1920w, https:\/\/www.tgrthaber.com\/mavikadin\/wp-content\/uploads\/Adsiz-tasarim-2024-11-20T141102.664-300x169.jpg 300w, https:\/\/www.tgrthaber.com\/mavikadin\/wp-content\/uploads\/Adsiz-tasarim-2024-11-20T141102.664-1024x576.jpg 1024w, https:\/\/www.tgrthaber.com\/mavikadin\/wp-content\/uploads\/Adsiz-tasarim-2024-11-20T141102.664-768x432.jpg 768w, https:\/\/www.tgrthaber.com\/mavikadin\/wp-content\/uploads\/Adsiz-tasarim-2024-11-20T141102.664-1536x864.jpg 1536w\" sizes=\"(max-width: 1920px) 100vw, 1920px\" \/><\/p>\n<p>Survivor&#8217;da yar\u0131\u015f\u0131rken ba\u015f\u0131na gelen talihsiz bir kaza sonras\u0131nda s\u0131k\u0131nt\u0131l\u0131 ve zor g\u00fcnlerden ge\u00e7en yar\u0131\u015fmac\u0131 ve atletik Nagihan Karadere, magazin g\u00fcndeminde son olarak bir \u00f6d\u00fcl t\u00f6reninde ortaya \u00e7\u0131kt\u0131.<\/p>\n<p>\u00d6d\u00fcl t\u00f6reni gecesi bu seneki Survivor 2025 yar\u0131\u015fmac\u0131 kadrosunda yeniden yer al\u0131p alamayaca\u011f\u0131 soruldu\u011funda Nagihan Karadere, Acun&#8217;dan teklif gelse bay\u0131la bay\u0131la kabul edece\u011finin i\u015faretini verdi\u011fi bir yan\u0131tta bulundu.<\/p>\n<p>Survivor 2025 kadrosunda yar\u0131\u015fmak istedi\u011finin sinyallerini veren \u00fcnl\u00fc isim, muhabirin sorudu\u011fu bu soruya \u015f\u00f6yle bir cevap verdi;<\/p>\n<h3>SURV\u0130VOR&#8217;UN ESK\u0130 YARI\u015eMACILARINDAN NAG\u0130HAN KARADERE: &#8220;TEKL\u0130F YOK&#8221;<\/h3>\n<p>Acun Il\u0131cal\u0131&#8217;n\u0131n sundu\u011fu ve izleyicilerin aksiyon ve heyecan dolu yar\u0131\u015fma program\u0131 olan Survivor yar\u0131\u015fmas\u0131n\u0131n yeni sezonu i\u00e7in &#8216;Survivor g\u00fcndemimiz yok. Bir teklif de yok. G\u00f6r\u00fc\u015fme de yok. O y\u00fczden ben bu sene nadasa \u00e7ekilece\u011fim. Ya\u015f itibar\u0131yla ve sa\u011fl\u0131k sorunlar\u0131 sebebiyle&#8230;&#8217;<\/p>\n<p><img loading=\"lazy\" decoding=\"async\" class=\"alignnone size-full wp-image-95867\" src=\"https:\/\/www.tgrthaber.com\/mavikadin\/wp-content\/uploads\/Adsiz-tasarim-2024-11-20T141015.352.jpg\" alt=\"\" width=\"1920\" height=\"1080\" title=\"\" srcset=\"https:\/\/www.tgrthaber.com\/mavikadin\/wp-content\/uploads\/Adsiz-tasarim-2024-11-20T141015.352.jpg 1920w, https:\/\/www.tgrthaber.com\/mavikadin\/wp-content\/uploads\/Adsiz-tasarim-2024-11-20T141015.352-300x169.jpg 300w, https:\/\/www.tgrthaber.com\/mavikadin\/wp-content\/uploads\/Adsiz-tasarim-2024-11-20T141015.352-1024x576.jpg 1024w, https:\/\/www.tgrthaber.com\/mavikadin\/wp-content\/uploads\/Adsiz-tasarim-2024-11-20T141015.352-768x432.jpg 768w, https:\/\/www.tgrthaber.com\/mavikadin\/wp-content\/uploads\/Adsiz-tasarim-2024-11-20T141015.352-1536x864.jpg 1536w\" sizes=\"(max-width: 1920px) 100vw, 1920px\" \/><\/p>\n<p>&#8216;Acun Bey&#8217;e buradan sesleniyorum&#8217; diyen Nagihan Karadere &#8216;Ne zaman gelecek bu teklif ben de merak ediyorum.&#8217; diyerek s\u00f6zlerini bitirdi. \u00dcnl\u00fc isim Nagihan Karadere&#8217;nin Acun Il\u0131cal\u0131&#8217;ya bu sesleni\u015fi ile hayranlar\u0131 Nagihan Karadere&#8217;nin Survivor yar\u0131\u015fmas\u0131nda yar\u0131\u015fmak istedi\u011fini ancak sunucu Acun Il\u0131cal\u0131&#8217;dan herhangi bir teklif ya da konuya dair bir \u0131\u015f\u0131k g\u00f6remedi\u011fi i\u00e7in \u015fimdilik sessizli\u011fini korudu\u011fu yorumland\u0131.<\/p>\n","protected":false},"excerpt":{"rendered":"<p>Ekranlar\u0131n sevilen yar\u0131\u015fma programlar\u0131ndan olup her b\u00f6l\u00fcm\u00fc ayr\u0131 bir heyecan ve adrenalinli ge\u00e7en Survivor 2025 program\u0131n\u0131n yar\u0131\u015fmac\u0131 kadrosuna girebilmek i\u00e7in eski yar\u0131\u015fmac\u0131lardan Nagihan Karadere, Acun Il\u0131cal\u0131&#8217;ya sitemli bir g\u00f6ndermede bulundu.<\/p>\n","protected":false},"author":27,"featured_media":95868,"comment_status":"closed","ping_status":"closed","sticky":false,"template":"","format":"standard","meta":{"rank_math_lock_modified_date":false,"footnotes":""},"categories":[76],"tags":[2368,2447,2448],"class_list":["post-95856","post","type-post","status-publish","format-standard","has-post-thumbnail","hentry","category-magazin","tag-acun-ilicali","tag-nagihan-karadere","tag-survivor-2025-kadrosu"],"_links":{"self":[{"href":"https:\/\/www.tgrthaber.com\/mavikadin\/wp-json\/wp\/v2\/posts\/95856"}],"collection":[{"href":"https:\/\/www.tgrthaber.com\/mavikadin\/wp-json\/wp\/v2\/posts"}],"about":[{"href":"https:\/\/www.tgrthaber.com\/mavikadin\/wp-json\/wp\/v2\/types\/post"}],"author":[{"embeddable":true,"href":"https:\/\/www.tgrthaber.com\/mavikadin\/wp-json\/wp\/v2\/users\/27"}],"replies":[{"embeddable":true,"href":"https:\/\/www.tgrthaber.com\/mavikadin\/wp-json\/wp\/v2\/comments?post=95856"}],"version-history":[{"count":5,"href":"https:\/\/www.tgrthaber.com\/mavikadin\/wp-json\/wp\/v2\/posts\/95856\/revisions"}],"predecessor-version":[{"id":95892,"href":"https:\/\/www.tgrthaber.com\/mavikadin\/wp-json\/wp\/v2\/posts\/95856\/revisions\/95892"}],"wp:featuredmedia":[{"embeddable":true,"href":"https:\/\/www.tgrthaber.com\/mavikadin\/wp-json\/wp\/v2\/media\/95868"}],"wp:attachment":[{"href":"https:\/\/www.tgrthaber.com\/mavikadin\/wp-json\/wp\/v2\/media?parent=95856"}],"wp:term":[{"taxonomy":"category","embeddable":true,"href":"https:\/\/www.tgrthaber.com\/mavikadin\/wp-json\/wp\/v2\/categories?post=95856"},{"taxonomy":"post_tag","embeddable":true,"href":"https:\/\/www.tgrthaber.com\/mavikadin\/wp-json\/wp\/v2\/tags?post=95856"}],"curies":[{"name":"wp","href":"https:\/\/api.w.org\/{rel}","templated":true}]}}