{"id":95882,"date":"2024-11-20T14:37:48","date_gmt":"2024-11-20T11:37:48","guid":{"rendered":"https:\/\/www.tgrthaber.com\/mavikadin\/?p=95882"},"modified":"2024-11-20T15:06:17","modified_gmt":"2024-11-20T12:06:17","slug":"tum-turkiye-muge-anliya-kitlendi-tutku-dilara-kayikciya-ne-oldu","status":"publish","type":"post","link":"https:\/\/www.tgrthaber.com\/mavikadin\/tum-turkiye-muge-anliya-kitlendi-tutku-dilara-kayikciya-ne-oldu\/","title":{"rendered":"T\u00fcm T\u00fcrkiye M\u00fcge Anl\u0131\u2019ya kitlendi! Tutku Dilara Kay\u0131k\u00e7\u0131&#8217;ya ne oldu?"},"content":{"rendered":"<p>M\u00fcge Anl\u0131 program\u0131nda, 9 ya\u015f\u0131nda ka\u00e7\u0131r\u0131ld\u0131\u011f\u0131 iddialar\u0131yla g\u00fcndeme gelen Tutku Dilara Kay\u0131k\u00e7\u0131\u2019ya ne oldu\u011fu merak ediliyor. T\u00fcm T\u00fcrkiye\u2019yi ekran ba\u015f\u0131na kitleyen \u015f\u00fcpheli kay\u0131pta Tutku Dilara Kay\u0131k\u00e7\u0131\u2019n\u0131n ba\u015f\u0131na neler geldi\u011fi de merak edildi.<\/p>\n<h3>T\u00dcM T\u00dcRK\u0130YE M\u00dcGE ANLI\u2019YA K\u0130TLEND\u0130!<\/h3>\n<p>Ersel \u00c7aml\u0131\u2019y\u0131 ve ye\u011feni Erg\u00fcl G\u00fcrgen\u2019i M\u00fcge Anl\u0131 program\u0131na getiren neden, 21 Nisan 2008 tarihinde 9 ya\u015f\u0131ndayken Samsun\u2019un Terme il\u00e7esinden ka\u00e7\u0131r\u0131ld\u0131\u011f\u0131 iddia edilen ye\u011fenleri Tutku Dilara Kay\u0131k\u00e7\u0131 oldu.<\/p>\n<p><img loading=\"lazy\" decoding=\"async\" class=\"size-full wp-image-95873\" src=\"https:\/\/www.tgrthaber.com\/mavikadin\/wp-content\/uploads\/Adsiz-tasarim-51.jpg\" alt=\"Tutku Dilara Kay\u0131k\u00e7\u0131&#039;ya ne oldu?\" width=\"1600\" height=\"900\" title=\"\" srcset=\"https:\/\/www.tgrthaber.com\/mavikadin\/wp-content\/uploads\/Adsiz-tasarim-51.jpg 1600w, https:\/\/www.tgrthaber.com\/mavikadin\/wp-content\/uploads\/Adsiz-tasarim-51-300x169.jpg 300w, https:\/\/www.tgrthaber.com\/mavikadin\/wp-content\/uploads\/Adsiz-tasarim-51-1024x576.jpg 1024w, https:\/\/www.tgrthaber.com\/mavikadin\/wp-content\/uploads\/Adsiz-tasarim-51-768x432.jpg 768w, https:\/\/www.tgrthaber.com\/mavikadin\/wp-content\/uploads\/Adsiz-tasarim-51-1536x864.jpg 1536w\" sizes=\"(max-width: 1600px) 100vw, 1600px\" \/><\/p>\n<p>Tutku Dilara Kay\u0131k\u00e7\u0131\u2019n\u0131n teyzelerinin iddias\u0131na g\u00f6re: 9 ya\u015f\u0131ndaki ye\u011fenleri k\u00f6y meydan\u0131ndan bir arabaya, a\u011fz\u0131 kapat\u0131larak bindirildi\u011fi ve ka\u00e7\u0131r\u0131ld\u0131\u011f\u0131 y\u00f6n\u00fcnde. 16 y\u0131ld\u0131r ye\u011fen hasreti \u00e7eken teyze, ye\u011feni Tutku Dilara Kay\u0131k\u00e7\u0131\u2019ya ne oldu\u011funu merak ediyor.<\/p>\n<h3>\u00a0TUTKU D\u0130LARA KAYIK\u00c7I&#8217;YA NE OLDU?<\/h3>\n<p>Her ge\u00e7en g\u00fcn yeni iddialarla g\u00fcndeme gelen kay\u0131p Tutku Dilara Kay\u0131k\u00e7\u0131 olay\u0131nda yeni geli\u015fmeler ya\u015fanmaya devam ediyor. 16 y\u0131ld\u0131r kay\u0131p oldu\u011fu bilinen ve kendisinden haber al\u0131namayan Tutku Dilara Kay\u0131k\u00e7\u0131\u2019ya ne oldu\u011fu merak ediliyor.<\/p>\n<p>\u015e\u00fcpheli bir \u015fekilde kaybolan Tutku Dilara Kay\u0131k\u00e7\u0131\u2019n\u0131n babas\u0131 Mustafa Kay\u0131k\u00e7\u0131 taraf\u0131ndan evlatl\u0131k verildi\u011fi iddia edildi. M\u00fcge Anl\u0131 program\u0131na bomba gibi oturan bu olayda baba Mustafa Kay\u0131k\u00e7\u0131, iddialar\u0131 yalanlad\u0131 ve su\u00e7lamalar\u0131 kabul etmedi.<\/p>\n<p><img loading=\"lazy\" decoding=\"async\" class=\"size-full wp-image-95871\" src=\"https:\/\/www.tgrthaber.com\/mavikadin\/wp-content\/uploads\/Adsiz-tasarim-54.jpg\" alt=\"Tutku Dilara Kay\u0131k\u00e7\u0131&#039;ya ne oldu?\" width=\"1600\" height=\"900\" title=\"\" srcset=\"https:\/\/www.tgrthaber.com\/mavikadin\/wp-content\/uploads\/Adsiz-tasarim-54.jpg 1600w, https:\/\/www.tgrthaber.com\/mavikadin\/wp-content\/uploads\/Adsiz-tasarim-54-300x169.jpg 300w, https:\/\/www.tgrthaber.com\/mavikadin\/wp-content\/uploads\/Adsiz-tasarim-54-1024x576.jpg 1024w, https:\/\/www.tgrthaber.com\/mavikadin\/wp-content\/uploads\/Adsiz-tasarim-54-768x432.jpg 768w, https:\/\/www.tgrthaber.com\/mavikadin\/wp-content\/uploads\/Adsiz-tasarim-54-1536x864.jpg 1536w\" sizes=\"(max-width: 1600px) 100vw, 1600px\" \/><\/p>\n<p>M\u00fcge Anl\u0131 program\u0131nda g\u00fcndem olan olayda Tutku Dilara Kay\u0131k\u00e7\u0131\u2019n\u0131n karde\u015fi Umut Kay\u0131k\u00e7\u0131\u2019n\u0131n ger\u00e7ekleri bildi\u011fi ve sustu\u011fu iddialar\u0131 da g\u00fcndeme geldi. Ablas\u0131n\u0131n \u00f6l\u00fcm\u00fc hakk\u0131nda elle tutulur a\u00e7\u0131klamalarda bulunmayan Umut Kay\u0131k\u00e7\u0131\u2019n\u0131n ger\u00e7e\u011fi bilip bilmedi\u011fi hen\u00fcz anla\u015f\u0131lamad\u0131.<\/p>\n<h3>TUTKU D\u0130LARA PARA KAR\u015eILI\u011eINDA EVLATLIK MI VER\u0130LD\u0130?<\/h3>\n<p>Tutku Dilara Kay\u0131k\u00e7\u0131\u2019n\u0131n \u015f\u00fcpheli \u00f6l\u00fcm\u00fcyle alakal\u0131 ya\u015fanan geli\u015fmelere bir yenisi eklendi. M\u00fcge Anl\u0131 program\u0131n\u0131n ge\u00e7ti\u011fimiz g\u00fcn yay\u0131mlanan b\u00f6l\u00fcm\u00fcnde, kay\u0131p Tutku Dilara\u2019n\u0131n teyzesi Necla Arslan, ye\u011feni Tutku Dilara\u2019n\u0131n babas\u0131 Mustafa Kay\u0131k\u00e7\u0131 taraf\u0131ndan para kar\u015f\u0131l\u0131\u011f\u0131nda evlatl\u0131k verildi\u011fi iddia edildi.<\/p>\n<p>Ayn\u0131 zamanda teyze Necla Arslan, Mustafa Kay\u0131k\u00e7\u0131\u2019n\u0131n k\u0131z\u0131 Tutku Dilara\u2019n\u0131n kayb\u0131ndan sonra etrafa para sa\u00e7t\u0131\u011f\u0131n\u0131 iddia etti. Baba Mustafa Kay\u0131\u0131k\u00e7\u0131 ise iddialar\u0131 kabul etmedi.<\/p>\n<p><img loading=\"lazy\" decoding=\"async\" class=\"size-full wp-image-95874\" src=\"https:\/\/www.tgrthaber.com\/mavikadin\/wp-content\/uploads\/Adsiz-tasarim-53.jpg\" alt=\"Tutku Dilara Kay\u0131k\u00e7\u0131&#039;ya ne oldu?\" width=\"1600\" height=\"900\" title=\"\" srcset=\"https:\/\/www.tgrthaber.com\/mavikadin\/wp-content\/uploads\/Adsiz-tasarim-53.jpg 1600w, https:\/\/www.tgrthaber.com\/mavikadin\/wp-content\/uploads\/Adsiz-tasarim-53-300x169.jpg 300w, https:\/\/www.tgrthaber.com\/mavikadin\/wp-content\/uploads\/Adsiz-tasarim-53-1024x576.jpg 1024w, https:\/\/www.tgrthaber.com\/mavikadin\/wp-content\/uploads\/Adsiz-tasarim-53-768x432.jpg 768w, https:\/\/www.tgrthaber.com\/mavikadin\/wp-content\/uploads\/Adsiz-tasarim-53-1536x864.jpg 1536w\" sizes=\"(max-width: 1600px) 100vw, 1600px\" \/><\/p>\n<p>Kay\u0131p Tutku Dilara\u2019n\u0131n bir di\u011fer teyzesi Havva Ayd\u0131n, canl\u0131 yay\u0131na ba\u011flanarak ye\u011feninin Kastamonu\u2019nun Cide il\u00e7esinde oldu\u011funu iddia etti.<\/p>\n<p>Havva Ayd\u0131n, canl\u0131 yay\u0131n ba\u011flant\u0131s\u0131yla kat\u0131ld\u0131\u011f\u0131 M\u00fcge Anl\u0131 program\u0131nda, \u201c\u00c7ocuk kayboldu\u011funda beni telefonla arad\u0131lar. Siz k\u0131z\u0131 neden ar\u0131yorsunuz. K\u0131z, Kastamonu Cide&#8217;de bir \u00e7iftlik a\u011fas\u0131n\u0131n yan\u0131nda diyerek telefonu y\u00fcz\u00fcme kapatt\u0131lar.&#8221;\u00a0ifadelerine yer verdi.<\/p>\n<h3>BABA MUSTAFA KAYIK\u00c7I \u0130DD\u0130ALARI REDDETT\u0130!<\/h3>\n<p>\u0130ddialarla dolu \u015f\u00fcpheli kay\u0131pta teyzelerin iddialar\u0131yla kar\u015f\u0131 kar\u015f\u0131ya kalan baba Mustafa Kay\u0131k\u00e7\u0131, iddialar\u0131 kabul etmedi.<\/p>\n<p>\u0130ddialar\u0131 reddeden Mustafa Kay\u0131k\u00e7\u0131, \u201c&#8221;Ben bu \u00e7ocu\u011fu ne verdim ne de satt\u0131m. \u00c7ocu\u011fun nerde oldu\u011fundan haberim yok. Ben bu \u00e7ocu\u011fu vermedim. Ben su\u00e7lan\u0131yorum ama ben \u00e7ocu\u011fu hi\u00e7bir yere vermedim, nerede oldu\u011funu da bilmiyorum.&#8221;\u00a0ifadelerini kulland\u0131.<\/p>\n<h3>UMUT KAYIK\u00c7I GER\u00c7EKLER\u0130 S\u00d6YLEYECEK M\u0130?<\/h3>\n<p>Tutku Dilara\u2019n\u0131n karde\u015fi olarak canl\u0131 yay\u0131na kat\u0131lan Umut Kay\u0131k\u00e7\u0131\u2019n\u0131n ger\u00e7ekleri itiraf edip etmeyece\u011fi merak ediliyor. Umut Kay\u0131k\u00e7\u0131\u2019n\u0131n 5 ya\u015f\u0131ndayken ger\u00e7ekle\u015fen olay ile alakal\u0131 s\u00f6yledi\u011fi, \u201cParkta oynuyorduk kirli sakall\u0131, 1.75 boyunda bir adam geldi\u201d ifadeleri dikkatleri \u00fczerine toplamas\u0131na sebep olmu\u015ftu.<\/p>\n<div style=\"width: 640px;\" class=\"wp-video\"><!--[if lt IE 9]><script>document.createElement('video');<\/script><![endif]-->\n<video class=\"wp-video-shortcode\" id=\"video-95882-1\" width=\"640\" height=\"360\" preload=\"metadata\" controls=\"controls\"><source type=\"video\/mp4\" src=\"https:\/\/www.tgrthaber.com\/mavikadin\/wp-content\/uploads\/Adsiz-580-x-485-piksel-1600-x-900-piksel-2.mp4?_=1\" \/><a href=\"https:\/\/www.tgrthaber.com\/mavikadin\/wp-content\/uploads\/Adsiz-580-x-485-piksel-1600-x-900-piksel-2.mp4\">https:\/\/www.tgrthaber.com\/mavikadin\/wp-content\/uploads\/Adsiz-580-x-485-piksel-1600-x-900-piksel-2.mp4<\/a><\/video><\/div>\n<p>Bir dedi\u011fi di\u011ferini tutmayan Umut Kay\u0131k\u00e7\u0131\u2019n\u0131n ablas\u0131 Tutku Dilara hakk\u0131nda bir bilgiye sahip olup olmad\u0131\u011f\u0131 merak ediliyor. Ge\u00e7ti\u011fimiz g\u00fcnk\u00fc b\u00f6l\u00fcmde M\u00fcge Anl\u0131 ile ba\u015f ba\u015fa konu\u015faca\u011f\u0131n\u0131 s\u00f6yleyen Umut\u2019un, ablas\u0131n\u0131n kayb\u0131yla alakal\u0131 bir bilgi vermedi\u011fi \u00f6\u011frenildi. Umut Kay\u0131k\u00e7\u0131\u2019n\u0131n bug\u00fcn ger\u00e7ekle\u015fen canl\u0131 yay\u0131nda da tutarl\u0131 konu\u015fmad\u0131\u011f\u0131 ve ger\u00e7ekleri a\u00e7\u0131\u011fa \u00e7\u0131karmad\u0131\u011f\u0131 g\u00f6r\u00fcld\u00fc.<\/p>\n<p>\u0130lerleyen b\u00f6l\u00fcmlerde karde\u015f Umut Kay\u0131k\u00e7\u0131\u2019n\u0131n bildiklerini anlat\u0131p anlatmayaca\u011f\u0131 merak ediliyor. \u015e\u00fcpheli kayb\u0131yla t\u00fcm T\u00fcrkiye\u2019nin g\u00fcndemine oturan Tutku Dilara\u2019n\u0131n kayb\u0131nda ger\u00e7ekler g\u00fcn y\u00fcz\u00fcne \u00e7\u0131kacak m\u0131 merak ediliyor.<\/p>\n<h3>G\u0130ZL\u0130 TANIK\u2019TAN \u00c7ARPICI A\u00c7IKLAMA!<\/h3>\n<p>M\u00fcge Anl\u0131\u2019n\u0131n yay\u0131nlanan yeni b\u00f6l\u00fcm\u00fcnde Tutku Dilara olay\u0131 hakk\u0131nda konu\u015fan gizli tan\u0131\u011f\u0131n ifadeleri dikkatleri \u00fczerine toplad\u0131.<\/p>\n<p><img loading=\"lazy\" decoding=\"async\" class=\"size-full wp-image-95893\" src=\"https:\/\/www.tgrthaber.com\/mavikadin\/wp-content\/uploads\/Adsiz-tasarim-56.jpg\" alt=\"Tutku Dilara Kay\u0131k\u00e7\u0131&#039;ya ne oldu?\" width=\"1600\" height=\"900\" title=\"\" srcset=\"https:\/\/www.tgrthaber.com\/mavikadin\/wp-content\/uploads\/Adsiz-tasarim-56.jpg 1600w, https:\/\/www.tgrthaber.com\/mavikadin\/wp-content\/uploads\/Adsiz-tasarim-56-300x169.jpg 300w, https:\/\/www.tgrthaber.com\/mavikadin\/wp-content\/uploads\/Adsiz-tasarim-56-1024x576.jpg 1024w, https:\/\/www.tgrthaber.com\/mavikadin\/wp-content\/uploads\/Adsiz-tasarim-56-768x432.jpg 768w, https:\/\/www.tgrthaber.com\/mavikadin\/wp-content\/uploads\/Adsiz-tasarim-56-1536x864.jpg 1536w\" sizes=\"(max-width: 1600px) 100vw, 1600px\" \/><\/p>\n<p>Tutku Dilara Kay\u0131k\u00e7\u0131&#8217;n\u0131n kayb\u0131na ili\u015fkin konu\u015fan gizli tan\u0131k konu\u015fams\u0131nda, &#8220;Dilara kaybolmadan \u00f6nce yard\u0131mla ge\u00e7iniyordu. Yetmiyordu \u00e7\u00fcnk\u00fc 7 \u00e7ocuk vard\u0131, k\u00f6yl\u00fc yard\u0131m ediyordu. Kumar da alkol de vard\u0131. S\u0131k\u0131\u015f\u0131k zaman\u0131nda koltuk tak\u0131m\u0131 ald\u0131klar\u0131 s\u00f6ylendi. Birtak\u0131m para art\u0131\u015f\u0131 oldu\u011fu s\u00f6ylendi. Para g\u00f6stermeyi sever.\u00a0Kendi \u00e7evresi, day\u0131s\u0131 Seyit ile Dilara&#8217;y\u0131 verdikleri konu\u015fuldu. Uzun zamand\u0131r gelmeyen Seyit&#8217;in Bursa&#8217;dan geldi\u011fi g\u00fcn \u00e7ocuk ortadan kayboldu.&#8221; ifadelerine yer verdi.<\/p>\n","protected":false},"excerpt":{"rendered":"<p>M\u00fcge Anl\u0131 program\u0131nda g\u00fcndem olan, Samsun\u2019un Terme il\u00e7esinde 16 y\u0131l \u00f6nce kaybolan Tutku Dilara Kay\u0131k\u00e7\u0131\u2019ya ne oldu\u011fu merak ediliyor. 9 ya\u015f\u0131nda kaybolan Tutku Dilara para kar\u015f\u0131l\u0131\u011f\u0131nda evlatl\u0131k m\u0131 verildi? Y\u0131llar \u00f6nce kaybolan Tutku Dilara Kay\u0131k\u00e7\u0131\u2019n\u0131n ba\u015f\u0131na ne geldi? T\u00fcm T\u00fcrkiye Tutku Dilara Kay\u0131k\u00e7\u0131\u2019n\u0131n \u015f\u00fcpheli kayb\u0131n\u0131 konu\u015fuyor\u2026 <\/p>\n","protected":false},"author":26,"featured_media":95895,"comment_status":"closed","ping_status":"closed","sticky":false,"template":"","format":"standard","meta":{"rank_math_lock_modified_date":false,"footnotes":""},"categories":[76],"tags":[2453,2454],"class_list":["post-95882","post","type-post","status-publish","format-standard","has-post-thumbnail","hentry","category-magazin","tag-muge-anli","tag-tutku-dilara-kayikci"],"_links":{"self":[{"href":"https:\/\/www.tgrthaber.com\/mavikadin\/wp-json\/wp\/v2\/posts\/95882"}],"collection":[{"href":"https:\/\/www.tgrthaber.com\/mavikadin\/wp-json\/wp\/v2\/posts"}],"about":[{"href":"https:\/\/www.tgrthaber.com\/mavikadin\/wp-json\/wp\/v2\/types\/post"}],"author":[{"embeddable":true,"href":"https:\/\/www.tgrthaber.com\/mavikadin\/wp-json\/wp\/v2\/users\/26"}],"replies":[{"embeddable":true,"href":"https:\/\/www.tgrthaber.com\/mavikadin\/wp-json\/wp\/v2\/comments?post=95882"}],"version-history":[{"count":4,"href":"https:\/\/www.tgrthaber.com\/mavikadin\/wp-json\/wp\/v2\/posts\/95882\/revisions"}],"predecessor-version":[{"id":96060,"href":"https:\/\/www.tgrthaber.com\/mavikadin\/wp-json\/wp\/v2\/posts\/95882\/revisions\/96060"}],"wp:featuredmedia":[{"embeddable":true,"href":"https:\/\/www.tgrthaber.com\/mavikadin\/wp-json\/wp\/v2\/media\/95895"}],"wp:attachment":[{"href":"https:\/\/www.tgrthaber.com\/mavikadin\/wp-json\/wp\/v2\/media?parent=95882"}],"wp:term":[{"taxonomy":"category","embeddable":true,"href":"https:\/\/www.tgrthaber.com\/mavikadin\/wp-json\/wp\/v2\/categories?post=95882"},{"taxonomy":"post_tag","embeddable":true,"href":"https:\/\/www.tgrthaber.com\/mavikadin\/wp-json\/wp\/v2\/tags?post=95882"}],"curies":[{"name":"wp","href":"https:\/\/api.w.org\/{rel}","templated":true}]}}