{"id":96009,"date":"2024-11-20T20:20:45","date_gmt":"2024-11-20T17:20:45","guid":{"rendered":"https:\/\/www.tgrthaber.com\/mavikadin\/?p=96009"},"modified":"2024-11-20T20:21:17","modified_gmt":"2024-11-20T17:21:17","slug":"masterchefte-elenecek-isim-aciklandi-sosyal-medya-calkalaniyor","status":"publish","type":"post","link":"https:\/\/www.tgrthaber.com\/mavikadin\/masterchefte-elenecek-isim-aciklandi-sosyal-medya-calkalaniyor\/","title":{"rendered":"MasterChef&#8217;te elenecek isim a\u00e7\u0131kland\u0131! Sosyal medya \u00e7alkalan\u0131yor"},"content":{"rendered":"<p>MasterChef T\u00fcrkiye&#8217;de heyecan dorukta! Yar\u0131\u015fman\u0131n bu haftaki b\u00f6l\u00fcmlerinde yine k\u0131yas\u0131ya bir rekabet ya\u015fan\u0131rken, sosyal medyada g\u00fcndeme bomba gibi d\u00fc\u015fen bir iddia konu\u015fuluyor. Yar\u0131\u015fmay\u0131 yak\u0131ndan takip eden baz\u0131 sosyal medya hesaplar\u0131, bu hafta elenecek yar\u0131\u015fmac\u0131n\u0131n ad\u0131n\u0131 \u015fimdiden duyurdu. \u0130ddialar, izleyiciler aras\u0131nda merak ve tart\u0131\u015fma konusu oldu.<\/p>\n<h3>MASTERCHEF&#8217;TE ELENECEK \u0130S\u0130M A\u00c7IKLANDI<\/h3>\n<p class=\"p1\">MasterChef T\u00fcrkiye\u2019de rekabet giderek sertle\u015fiyor, heyecan ise zirveye ula\u015f\u0131yor! Her hafta \u015feflerin kar\u015f\u0131s\u0131nda h\u00fcnerlerini sergileyen yar\u0131\u015fmac\u0131lar, elemeye kalmamak i\u00e7in ter d\u00f6kerken, bu haftaya dair \u00e7arp\u0131c\u0131 bir iddia sosyal medyada g\u00fcndeme oturdu. Pop\u00fcler bir sosyal medya hesab\u0131, elenecek ismi if\u015fa etti. Bu bilgi, yar\u0131\u015fman\u0131n hayranlar\u0131 aras\u0131nda b\u00fcy\u00fck bir tart\u0131\u015fmaya neden olarak g\u00fcndemi hareketlendirdi.<\/p>\n<p><img loading=\"lazy\" decoding=\"async\" class=\"alignnone wp-image-96015 size-full\" src=\"https:\/\/www.tgrthaber.com\/mavikadin\/wp-content\/uploads\/MasterChefte-buyuk-ifsa-Elenecek-isim-aciklandi.png\" alt=\"MASTERCHEF\" width=\"1920\" height=\"1080\" title=\"\" srcset=\"https:\/\/www.tgrthaber.com\/mavikadin\/wp-content\/uploads\/MasterChefte-buyuk-ifsa-Elenecek-isim-aciklandi.png 1920w, https:\/\/www.tgrthaber.com\/mavikadin\/wp-content\/uploads\/MasterChefte-buyuk-ifsa-Elenecek-isim-aciklandi-300x169.png 300w, https:\/\/www.tgrthaber.com\/mavikadin\/wp-content\/uploads\/MasterChefte-buyuk-ifsa-Elenecek-isim-aciklandi-1024x576.png 1024w, https:\/\/www.tgrthaber.com\/mavikadin\/wp-content\/uploads\/MasterChefte-buyuk-ifsa-Elenecek-isim-aciklandi-768x432.png 768w, https:\/\/www.tgrthaber.com\/mavikadin\/wp-content\/uploads\/MasterChefte-buyuk-ifsa-Elenecek-isim-aciklandi-1536x864.png 1536w\" sizes=\"(max-width: 1920px) 100vw, 1920px\" \/><\/p>\n<h3><strong>EZG\u0130 YARI\u015eMAYA VEDA EDEN \u0130S\u0130M OLMU\u015eTU\u00a0<\/strong><\/h3>\n<p>MasterChef T\u00fcrikye&#8217;de gerilim her ge\u00e7en hafta art\u0131yor. Yar\u0131\u015fman\u0131n son 11 ismi aras\u0131nda elemeye kalmamak i\u00e7in yo\u011fun bir m\u00fccadele ya\u015fan\u0131yor. Yar\u0131\u015fmac\u0131lar, \u015feflerin verdi\u011fi zorlu tarifleri haz\u0131rlamak ve g\u00fc\u00e7l\u00fc tabaklar sunmak i\u00e7in t\u00fcm h\u00fcnerlerini sergiliyor. Ge\u00e7ti\u011fimiz hafta, j\u00fcrinin eleme karar\u0131yla veda eden isim Ezgi olmu\u015ftu. Performans\u0131 ve tarz\u0131yla dikkat \u00e7eken Ezgi\u2019nin ayr\u0131l\u0131\u011f\u0131, sevenlerini \u00fczm\u00fc\u015ft\u00fc.<\/p>\n<h3><strong>SOSYAL MEDYADA B\u00dcY\u00dcK \u0130F\u015eA<\/strong><\/h3>\n<p>Sosyal medyada dola\u015fan yeni bir bilgiye g\u00f6re, bu hafta elenecek isim \u015fimdiden belli. &#8220;BossHaber&#8221; isimli bir sosyal medya hesab\u0131ndan yap\u0131lan payla\u015f\u0131m, MasterChef izleyicileri aras\u0131nda g\u00fcndem oldu. Payla\u015f\u0131ma g\u00f6re, yar\u0131\u015fmaya veda edecek isim Muratcan olacak.<\/p>\n<p><img loading=\"lazy\" decoding=\"async\" class=\"alignnone wp-image-96018 size-full\" src=\"https:\/\/www.tgrthaber.com\/mavikadin\/wp-content\/uploads\/MasterChefte-buyuk-ifsa-Elenecek-isim-aciklandi-1.png\" alt=\"masterchef \" width=\"1920\" height=\"1080\" title=\"\" srcset=\"https:\/\/www.tgrthaber.com\/mavikadin\/wp-content\/uploads\/MasterChefte-buyuk-ifsa-Elenecek-isim-aciklandi-1.png 1920w, https:\/\/www.tgrthaber.com\/mavikadin\/wp-content\/uploads\/MasterChefte-buyuk-ifsa-Elenecek-isim-aciklandi-1-300x169.png 300w, https:\/\/www.tgrthaber.com\/mavikadin\/wp-content\/uploads\/MasterChefte-buyuk-ifsa-Elenecek-isim-aciklandi-1-1024x576.png 1024w, https:\/\/www.tgrthaber.com\/mavikadin\/wp-content\/uploads\/MasterChefte-buyuk-ifsa-Elenecek-isim-aciklandi-1-768x432.png 768w, https:\/\/www.tgrthaber.com\/mavikadin\/wp-content\/uploads\/MasterChefte-buyuk-ifsa-Elenecek-isim-aciklandi-1-1536x864.png 1536w\" sizes=\"(max-width: 1920px) 100vw, 1920px\" \/><\/p>\n<p>Bu iddialar\u0131n ard\u0131ndan g\u00f6zler, haftan\u0131n eleme potas\u0131nda olacak yar\u0131\u015fmac\u0131lara \u00e7evrildi. Ancak bu bilgi do\u011frulanmam\u0131\u015f olmakla birlikte izleyiciler, sonucu \u00f6\u011frenmek i\u00e7in eleme gecesini sab\u0131rs\u0131zl\u0131kla bekliyor.<\/p>\n<p><img loading=\"lazy\" decoding=\"async\" class=\"alignnone wp-image-96016 size-full\" src=\"https:\/\/www.tgrthaber.com\/mavikadin\/wp-content\/uploads\/MasterChefte-buyuk-ifsa-Elenecek-isim-aciklandi2.png\" alt=\"MASTERCHEF\" width=\"1920\" height=\"1080\" title=\"\" srcset=\"https:\/\/www.tgrthaber.com\/mavikadin\/wp-content\/uploads\/MasterChefte-buyuk-ifsa-Elenecek-isim-aciklandi2.png 1920w, https:\/\/www.tgrthaber.com\/mavikadin\/wp-content\/uploads\/MasterChefte-buyuk-ifsa-Elenecek-isim-aciklandi2-300x169.png 300w, https:\/\/www.tgrthaber.com\/mavikadin\/wp-content\/uploads\/MasterChefte-buyuk-ifsa-Elenecek-isim-aciklandi2-1024x576.png 1024w, https:\/\/www.tgrthaber.com\/mavikadin\/wp-content\/uploads\/MasterChefte-buyuk-ifsa-Elenecek-isim-aciklandi2-768x432.png 768w, https:\/\/www.tgrthaber.com\/mavikadin\/wp-content\/uploads\/MasterChefte-buyuk-ifsa-Elenecek-isim-aciklandi2-1536x864.png 1536w\" sizes=\"(max-width: 1920px) 100vw, 1920px\" \/><\/p>\n<h3>\u0130F\u015eALARI ELE\u015eT\u0130REN DE VAR DESTEKLEYEN DE<\/h3>\n<p>MasterChef\u2019te ya\u015fanan bu tarz if\u015falar, yar\u0131\u015fma heyecan\u0131n\u0131 baltalad\u0131\u011f\u0131 gerek\u00e7esiyle baz\u0131 izleyicilerden tepki al\u0131yor. Ancak di\u011fer bir kesim, sosyal medyada bu t\u00fcr payla\u015f\u0131mlar\u0131n pop\u00fclerli\u011fin bir par\u00e7as\u0131 oldu\u011funu d\u00fc\u015f\u00fcn\u00fcyor. Bakal\u0131m bu hafta ger\u00e7ekten if\u015fa edilen isim mi elenecek, yoksa MasterChef\u2019te s\u00fcrprizlerle dolu bir b\u00f6l\u00fcm m\u00fc izleyece\u011fiz?<\/p>\n<p><img loading=\"lazy\" decoding=\"async\" class=\"alignnone wp-image-96017 size-full\" src=\"https:\/\/www.tgrthaber.com\/mavikadin\/wp-content\/uploads\/MasterChefte-buyuk-ifsa-Elenecek-isim-aciklandi3.png\" alt=\"MASTERCHEF\" width=\"1920\" height=\"1080\" title=\"\" srcset=\"https:\/\/www.tgrthaber.com\/mavikadin\/wp-content\/uploads\/MasterChefte-buyuk-ifsa-Elenecek-isim-aciklandi3.png 1920w, https:\/\/www.tgrthaber.com\/mavikadin\/wp-content\/uploads\/MasterChefte-buyuk-ifsa-Elenecek-isim-aciklandi3-300x169.png 300w, https:\/\/www.tgrthaber.com\/mavikadin\/wp-content\/uploads\/MasterChefte-buyuk-ifsa-Elenecek-isim-aciklandi3-1024x576.png 1024w, https:\/\/www.tgrthaber.com\/mavikadin\/wp-content\/uploads\/MasterChefte-buyuk-ifsa-Elenecek-isim-aciklandi3-768x432.png 768w, https:\/\/www.tgrthaber.com\/mavikadin\/wp-content\/uploads\/MasterChefte-buyuk-ifsa-Elenecek-isim-aciklandi3-1536x864.png 1536w\" sizes=\"(max-width: 1920px) 100vw, 1920px\" \/><\/p>\n<h3>19 KASIM 2024 \u00d6D\u00dcL OYUNUNU K\u0130M KAZANDI?<\/h3>\n<p class=\"p1\">19 Kas\u0131m 2024 ak\u015fam\u0131 MasterChef T\u00fcrkiye mutfa\u011f\u0131nda \u00f6d\u00fcl oyunu heyecan\u0131 ya\u015fand\u0131. Yar\u0131\u015fmac\u0131lar, \u015feflerin belirledi\u011fi zorlu g\u00f6revlerde<span class=\"Apple-converted-space\">\u00a0 <\/span>yeteneklerini sergileyerek \u00f6d\u00fcl\u00fc kazanmak i\u00e7in m\u00fccadele etti. \u0130ki turdan olu\u015fan oyun, hem gerilim dolu anlara sahne oldu hem de yar\u0131\u015fmac\u0131lar\u0131n s\u0131n\u0131rlar\u0131n\u0131 zorlad\u0131.<\/p>\n<p class=\"p1\">\u00d6d\u00fcl oyununun ilk turunda yar\u0131\u015fmac\u0131lara kuzu but ve yaln\u0131zca yedi malzeme kullanarak lezzetli<span class=\"Apple-converted-space\">\u00a0 <\/span>bir yemek haz\u0131rlama g\u00f6revi verildi. Bu zorlu g\u00f6revde her biri, \u015fefleri etkilemek ve bir \u00fcst tura ge\u00e7mek i\u00e7in en iyi taba\u011f\u0131n\u0131 haz\u0131rlamaya \u00e7al\u0131\u015ft\u0131. Gecenin ba\u015far\u0131l\u0131 isimleri \u015eirin, Erim, Kerem, Eda, Beyza ve Semih oldu. Bu alt\u0131 yar\u0131\u015fmac\u0131, haz\u0131rlad\u0131klar\u0131 lezzetlerle \u015feflerin be\u011fenisini kazanarak ikinci tura ge\u00e7me hakk\u0131 elde etti.<\/p>\n<p><img loading=\"lazy\" decoding=\"async\" class=\"alignnone wp-image-96019 size-full\" src=\"https:\/\/www.tgrthaber.com\/mavikadin\/wp-content\/uploads\/MasterChefte-buyuk-ifsa-Elenecek-isim-aciklandi-2.png\" alt=\"masterchef \" width=\"1920\" height=\"1080\" title=\"\" srcset=\"https:\/\/www.tgrthaber.com\/mavikadin\/wp-content\/uploads\/MasterChefte-buyuk-ifsa-Elenecek-isim-aciklandi-2.png 1920w, https:\/\/www.tgrthaber.com\/mavikadin\/wp-content\/uploads\/MasterChefte-buyuk-ifsa-Elenecek-isim-aciklandi-2-300x169.png 300w, https:\/\/www.tgrthaber.com\/mavikadin\/wp-content\/uploads\/MasterChefte-buyuk-ifsa-Elenecek-isim-aciklandi-2-1024x576.png 1024w, https:\/\/www.tgrthaber.com\/mavikadin\/wp-content\/uploads\/MasterChefte-buyuk-ifsa-Elenecek-isim-aciklandi-2-768x432.png 768w, https:\/\/www.tgrthaber.com\/mavikadin\/wp-content\/uploads\/MasterChefte-buyuk-ifsa-Elenecek-isim-aciklandi-2-1536x864.png 1536w\" sizes=\"(max-width: 1920px) 100vw, 1920px\" \/><\/p>\n<p class=\"p1\">\u0130kinci turda ise yar\u0131\u015fmac\u0131lar daha da zor bir g\u00f6revle kar\u015f\u0131la\u015ft\u0131. \u015eefler, yar\u0131\u015fmac\u0131lardan armut ve ilk turda se\u00e7tikleri malzemelerle yarat\u0131c\u0131 bir yemek yapmalar\u0131n\u0131 istedi. S\u00fcre doldu\u011funda, ortaya \u00e7\u0131kan tabaklar \u015feflerin de\u011ferlendirmesine sunuldu. Hem sunum hem de lezzet a\u00e7\u0131s\u0131ndan titizlikle de\u011ferlendirilen tabaklar aras\u0131nda b\u00fcy\u00fck bir \u00e7eki\u015fme ya\u015fand\u0131. Nefes kesen m\u00fccadelelerin sonunda \u00f6d\u00fcl oyununu kazanan isim Erim oldu. Erim, hem hayal g\u00fcc\u00fc hem de teknik becerileriyle \u015feflerden tam not alarak gecenin y\u0131ld\u0131z\u0131 olmay\u0131 ba\u015fard\u0131.<span class=\"Apple-converted-space\">\u00a0<\/span><\/p>\n","protected":false},"excerpt":{"rendered":"<p>MasterChef T\u00fcrkiye&#8217;de heyecan ve rekabet t\u00fcm h\u0131z\u0131yla s\u00fcrerken, sosyal medyada bomba etkisine neden olan bir if\u015fa g\u00fcndeme geldi. Yar\u0131\u015fmay\u0131 yak\u0131ndan takip eden baz\u0131 platformlar, bu haftan\u0131n elenecek ismini erkenden duyurdu. \u0130zleyiciler aras\u0131nda b\u00fcy\u00fck merak uyand\u0131ran bu iddia, MasterChef&#8217;e dair heyecan\u0131 daha da art\u0131rd\u0131.<\/p>\n","protected":false},"author":16,"featured_media":96020,"comment_status":"closed","ping_status":"closed","sticky":false,"template":"","format":"standard","meta":{"rank_math_lock_modified_date":false,"footnotes":""},"categories":[76],"tags":[2482,2292],"class_list":["post-96009","post","type-post","status-publish","format-standard","has-post-thumbnail","hentry","category-magazin","tag-masterchef-elenecek-isim","tag-masterchef-elenen-isim"],"_links":{"self":[{"href":"https:\/\/www.tgrthaber.com\/mavikadin\/wp-json\/wp\/v2\/posts\/96009"}],"collection":[{"href":"https:\/\/www.tgrthaber.com\/mavikadin\/wp-json\/wp\/v2\/posts"}],"about":[{"href":"https:\/\/www.tgrthaber.com\/mavikadin\/wp-json\/wp\/v2\/types\/post"}],"author":[{"embeddable":true,"href":"https:\/\/www.tgrthaber.com\/mavikadin\/wp-json\/wp\/v2\/users\/16"}],"replies":[{"embeddable":true,"href":"https:\/\/www.tgrthaber.com\/mavikadin\/wp-json\/wp\/v2\/comments?post=96009"}],"version-history":[{"count":1,"href":"https:\/\/www.tgrthaber.com\/mavikadin\/wp-json\/wp\/v2\/posts\/96009\/revisions"}],"predecessor-version":[{"id":96022,"href":"https:\/\/www.tgrthaber.com\/mavikadin\/wp-json\/wp\/v2\/posts\/96009\/revisions\/96022"}],"wp:featuredmedia":[{"embeddable":true,"href":"https:\/\/www.tgrthaber.com\/mavikadin\/wp-json\/wp\/v2\/media\/96020"}],"wp:attachment":[{"href":"https:\/\/www.tgrthaber.com\/mavikadin\/wp-json\/wp\/v2\/media?parent=96009"}],"wp:term":[{"taxonomy":"category","embeddable":true,"href":"https:\/\/www.tgrthaber.com\/mavikadin\/wp-json\/wp\/v2\/categories?post=96009"},{"taxonomy":"post_tag","embeddable":true,"href":"https:\/\/www.tgrthaber.com\/mavikadin\/wp-json\/wp\/v2\/tags?post=96009"}],"curies":[{"name":"wp","href":"https:\/\/api.w.org\/{rel}","templated":true}]}}