{"id":96101,"date":"2024-11-21T00:09:52","date_gmt":"2024-11-20T21:09:52","guid":{"rendered":"https:\/\/www.tgrthaber.com\/mavikadin\/?p=96101"},"modified":"2024-11-21T00:14:19","modified_gmt":"2024-11-20T21:14:19","slug":"annem-ankara-dizisinin-zuhali-kimdir-berguzar-korel-kac-yasinda-evli-mi","status":"publish","type":"post","link":"https:\/\/www.tgrthaber.com\/mavikadin\/annem-ankara-dizisinin-zuhali-kimdir-berguzar-korel-kac-yasinda-evli-mi\/","title":{"rendered":"Annem Ankara dizisinin Zuhal&#8217;i kimdir? Berg\u00fczar Korel ka\u00e7 ya\u015f\u0131nda, evli mi?"},"content":{"rendered":"<p>Kanal D&#8217;nin bu ak\u015fam ilk b\u00f6l\u00fcm\u00fcyle izleyiciyle bulu\u015facak olan Annem Ankara dizisi, dikkat \u00e7eken oyuncu kadrosu ile b\u00fcy\u00fck ilgi topluyor. Dizinin ba\u015frollerinde yer alan ve Zuhal karakterini canland\u0131ran Berg\u00fczar Korel, izleyiciler taraf\u0131ndan merak ediliyor. Annem Ankara dizisinin Zuhal&#8217;i Berg\u00fczar Korel kimdir? Ka\u00e7 ya\u015f\u0131nda ve evli mi? \u0130\u015fte detaylar&#8230;<\/p>\n<h3>ANNEM ANKARA D\u0130Z\u0130S\u0130 ZUHAL K\u0130MD\u0130R?<\/h3>\n<p>Berg\u00fczar Korel, Annem Ankara dizisinde Zuhal karakteri ile be\u011feni toplad\u0131. Zuhal, Erzurum\u2019da do\u011fmu\u015f ve ailesinin ge\u00e7im m\u00fccadelesine tan\u0131kl\u0131k etmi\u015f bir kad\u0131nd\u0131r. Ailesiyle birlikte hem g\u00fc\u00e7l\u00fc hem de k\u0131r\u0131lgan bir hayat ya\u015fayan Zuhal\u2019in, hayat\u0131n getirdi\u011fi zorluklar kar\u015f\u0131s\u0131nda g\u00f6sterdi\u011fi m\u00fccadele ve ya\u015fad\u0131\u011f\u0131 ac\u0131lar, dizinin \u00f6nemli konular\u0131ndan biri olacak. Zuhal\u2019in, o\u011fullar\u0131 i\u00e7in yapt\u0131\u011f\u0131 fedakarl\u0131klar ve ya\u015fad\u0131\u011f\u0131 ac\u0131larla \u015fekillenen hayat\u0131 daha ilk b\u00f6l\u00fcmden izleyiciyi ekran ba\u015f\u0131na kilitledi.<\/p>\n<p><img loading=\"lazy\" decoding=\"async\" class=\"alignnone wp-image-96106\" src=\"https:\/\/www.tgrthaber.com\/mavikadin\/wp-content\/uploads\/Ekran-goruntusu-2024-11-21-000615.png\" alt=\"\" width=\"1100\" height=\"601\" title=\"\" srcset=\"https:\/\/www.tgrthaber.com\/mavikadin\/wp-content\/uploads\/Ekran-goruntusu-2024-11-21-000615.png 827w, https:\/\/www.tgrthaber.com\/mavikadin\/wp-content\/uploads\/Ekran-goruntusu-2024-11-21-000615-300x164.png 300w, https:\/\/www.tgrthaber.com\/mavikadin\/wp-content\/uploads\/Ekran-goruntusu-2024-11-21-000615-768x420.png 768w\" sizes=\"(max-width: 1100px) 100vw, 1100px\" \/><\/p>\n<h3>BERG\u00dcZAR KOREL K\u0130MD\u0130R?<\/h3>\n<p>Berg\u00fczar Korel, 27 A\u011fustos 1982 y\u0131l\u0131nda \u0130stanbul\u2019da d\u00fcnyaya geldi. T\u00fcrk sinemas\u0131n\u0131n ve televizyon d\u00fcnyas\u0131n\u0131n en ba\u015far\u0131l\u0131 oyuncular\u0131ndan biri olarak tan\u0131nan Korel, ayn\u0131 zamanda \u015fark\u0131c\u0131l\u0131k ve sunuculuk kariyerine de sahip. \u00dcnl\u00fc oyuncu, Girit, Rumeli ve Arnavut k\u00f6kenli olup, \u00e7ocuklu\u011funu \u0130stanbul\u2019un Ulus semtinde ge\u00e7irdi. Mimar Sinan \u00dcniversitesi Devlet Konservatuvar\u0131 Tiyatro B\u00f6l\u00fcm\u00fc\u2019nden mezun olan Korel, okul y\u0131llar\u0131nda bir\u00e7ok tiyatro oyununda yer ald\u0131. Ayr\u0131ca profesyonel olarak voleybol da oynad\u0131.<\/p>\n<p><img loading=\"lazy\" decoding=\"async\" class=\"alignnone wp-image-96103\" src=\"https:\/\/www.tgrthaber.com\/mavikadin\/wp-content\/uploads\/Ekran-goruntusu-2024-11-20-234121.png\" alt=\"\" width=\"1110\" height=\"618\" title=\"\" srcset=\"https:\/\/www.tgrthaber.com\/mavikadin\/wp-content\/uploads\/Ekran-goruntusu-2024-11-20-234121.png 821w, https:\/\/www.tgrthaber.com\/mavikadin\/wp-content\/uploads\/Ekran-goruntusu-2024-11-20-234121-300x167.png 300w, https:\/\/www.tgrthaber.com\/mavikadin\/wp-content\/uploads\/Ekran-goruntusu-2024-11-20-234121-768x427.png 768w\" sizes=\"(max-width: 1110px) 100vw, 1110px\" \/><\/p>\n<p>Berg\u00fczar Korel, oyunculuk kariyerine 1998 yap\u0131m\u0131 K\u0131r\u0131k Hayatlar dizisi ile ba\u015flad\u0131. Ancak b\u00fcy\u00fck \u00e7\u0131k\u0131\u015f\u0131n\u0131 2006 y\u0131l\u0131nda Kanal D ekranlar\u0131nda yay\u0131nlanan ve b\u00fcy\u00fck ilgi g\u00f6ren Binbir Gece dizisinde \u015eehrazat Evliyao\u011flu rol\u00fcyle yapt\u0131. Bu rol\u00fcyle 2006 Alt\u0131n Kelebek En Ba\u015far\u0131l\u0131 Kad\u0131n Oyuncu \u00d6d\u00fcl\u00fc\u2019n\u00fc kazand\u0131. Ard\u0131ndan Kurtlar Vadisi: Irak filmindeki Leyla karakteri ile be\u011feni toplad\u0131.<\/p>\n<h3>B\u0130NB\u0130R GECE \u0130LE ADINI DUYURDU<\/h3>\n<p>Binbir Gece dizisindeki ba\u015far\u0131s\u0131 ile ad\u0131n\u0131 duyuran Berg\u00fczar Korel bir\u00e7ok projede yer ald\u0131. Zeytin Dal\u0131 dizisinde \u0130klim karakterini, Karaday\u0131 dizisinde ise Feride \u015eado\u011flu karakterini canland\u0131rarak b\u00fcy\u00fck be\u011feni toplad\u0131. 2016-2018 y\u0131llar\u0131 aras\u0131nda Vatan\u0131m Sensin dizisinde, e\u015fi Halit Ergen\u00e7 ile ba\u015frol oynayarak dikkatleri \u00fczerine \u00e7ekti. 2020 y\u0131l\u0131nda caz alb\u00fcm\u00fc Aykut G\u00fcrel Presents Berg\u00fczar Korel, Vol. 2\u2019yi yay\u0131mlayarak m\u00fczik kariyerine de ad\u0131m att\u0131.<\/p>\n<p><img loading=\"lazy\" decoding=\"async\" class=\"alignnone wp-image-96104\" src=\"https:\/\/www.tgrthaber.com\/mavikadin\/wp-content\/uploads\/Ekran-goruntusu-2024-11-20-234149.png\" alt=\"\" width=\"1122\" height=\"621\" title=\"\" srcset=\"https:\/\/www.tgrthaber.com\/mavikadin\/wp-content\/uploads\/Ekran-goruntusu-2024-11-20-234149.png 831w, https:\/\/www.tgrthaber.com\/mavikadin\/wp-content\/uploads\/Ekran-goruntusu-2024-11-20-234149-300x166.png 300w, https:\/\/www.tgrthaber.com\/mavikadin\/wp-content\/uploads\/Ekran-goruntusu-2024-11-20-234149-768x425.png 768w\" sizes=\"(max-width: 1122px) 100vw, 1122px\" \/><\/p>\n<h3>BERG\u00dcZAR KOREL K\u0130M\u0130NLE EVL\u0130?<\/h3>\n<p>Berg\u00fczar Korel, \u00fcnl\u00fc oyuncu Halit Ergen\u00e7 ile 2009 y\u0131l\u0131nda evlendi. \u00c7iftin 2010 y\u0131l\u0131nda Ali isminde bir erkek \u00e7ocuklar\u0131, 2020 y\u0131l\u0131nda ise Han isminde bir ikinci \u00e7ocuklar\u0131 d\u00fcnyaya geldi. 2021 y\u0131l\u0131nda ise \u00e7iftin Leyla isminde bir k\u0131z \u00e7ocuklar\u0131 oldu.<\/p>\n<p><img loading=\"lazy\" decoding=\"async\" class=\"alignnone wp-image-96105\" src=\"https:\/\/www.tgrthaber.com\/mavikadin\/wp-content\/uploads\/korel.png\" alt=\"\" width=\"1121\" height=\"693\" title=\"\" srcset=\"https:\/\/www.tgrthaber.com\/mavikadin\/wp-content\/uploads\/korel.png 610w, https:\/\/www.tgrthaber.com\/mavikadin\/wp-content\/uploads\/korel-300x185.png 300w\" sizes=\"(max-width: 1121px) 100vw, 1121px\" \/><\/p>\n<p>Berg\u00fczar Korel, kariyerinde oldu\u011fu kadar ailesine de olduk\u00e7a d\u00fc\u015fk\u00fcn bir isimdir. E\u015fi Halit Ergen\u00e7 ile olan mutlu evlili\u011fi ve \u00fc\u00e7 \u00e7ocuklar\u0131 ile huzurlu bir hayat s\u00fcrmektedir. Korel, hem oyunculuk hem de m\u00fczik alan\u0131nda bir\u00e7ok ba\u015far\u0131ya imza atarak, T\u00fcrk televizyon ve sinemas\u0131n\u0131n en sevilen isimlerinden biri olmay\u0131 ba\u015farm\u0131\u015ft\u0131r.<\/p>\n","protected":false},"excerpt":{"rendered":"<p>Annem Ankara dizisinde Zuhal karakterini oynayan Berg\u00fczar Korel hakk\u0131nda t\u00fcm merak edilenler! Berg\u00fczar Korel kimdir, ka\u00e7 ya\u015f\u0131nda, aslen nereli ve evli mi? Berg\u00fczar Korel\u2019in kariyerine dair detaylar\u0131 sizler i\u00e7in derledik.<\/p>\n","protected":false},"author":4,"featured_media":96107,"comment_status":"closed","ping_status":"closed","sticky":false,"template":"","format":"standard","meta":{"rank_math_lock_modified_date":false,"footnotes":""},"categories":[491],"tags":[2459,2461,2500],"class_list":["post-96101","post","type-post","status-publish","format-standard","has-post-thumbnail","hentry","category-biyografi","tag-annem-ankara","tag-berguzar-korel","tag-zuhal"],"_links":{"self":[{"href":"https:\/\/www.tgrthaber.com\/mavikadin\/wp-json\/wp\/v2\/posts\/96101"}],"collection":[{"href":"https:\/\/www.tgrthaber.com\/mavikadin\/wp-json\/wp\/v2\/posts"}],"about":[{"href":"https:\/\/www.tgrthaber.com\/mavikadin\/wp-json\/wp\/v2\/types\/post"}],"author":[{"embeddable":true,"href":"https:\/\/www.tgrthaber.com\/mavikadin\/wp-json\/wp\/v2\/users\/4"}],"replies":[{"embeddable":true,"href":"https:\/\/www.tgrthaber.com\/mavikadin\/wp-json\/wp\/v2\/comments?post=96101"}],"version-history":[{"count":4,"href":"https:\/\/www.tgrthaber.com\/mavikadin\/wp-json\/wp\/v2\/posts\/96101\/revisions"}],"predecessor-version":[{"id":96117,"href":"https:\/\/www.tgrthaber.com\/mavikadin\/wp-json\/wp\/v2\/posts\/96101\/revisions\/96117"}],"wp:featuredmedia":[{"embeddable":true,"href":"https:\/\/www.tgrthaber.com\/mavikadin\/wp-json\/wp\/v2\/media\/96107"}],"wp:attachment":[{"href":"https:\/\/www.tgrthaber.com\/mavikadin\/wp-json\/wp\/v2\/media?parent=96101"}],"wp:term":[{"taxonomy":"category","embeddable":true,"href":"https:\/\/www.tgrthaber.com\/mavikadin\/wp-json\/wp\/v2\/categories?post=96101"},{"taxonomy":"post_tag","embeddable":true,"href":"https:\/\/www.tgrthaber.com\/mavikadin\/wp-json\/wp\/v2\/tags?post=96101"}],"curies":[{"name":"wp","href":"https:\/\/api.w.org\/{rel}","templated":true}]}}