{"id":96123,"date":"2024-11-21T01:44:42","date_gmt":"2024-11-20T22:44:42","guid":{"rendered":"https:\/\/www.tgrthaber.com\/mavikadin\/?p=96123"},"modified":"2024-11-21T01:44:42","modified_gmt":"2024-11-20T22:44:42","slug":"yali-capkininda-surpriz-veda-izleyicinin-tepkisinin-ardindan-pelin-akil-diziden-ayriliyor","status":"publish","type":"post","link":"https:\/\/www.tgrthaber.com\/mavikadin\/yali-capkininda-surpriz-veda-izleyicinin-tepkisinin-ardindan-pelin-akil-diziden-ayriliyor\/","title":{"rendered":"Yal\u0131 \u00c7apk\u0131n\u0131&#8217;nda s\u00fcrpriz veda! \u0130zleyicinin tepkisinin ard\u0131ndan Pelin Akil diziden ayr\u0131l\u0131yor"},"content":{"rendered":"<p>Star TV&#8217;nin b\u00fcy\u00fck ilgiyle izlenen dizisi Yal\u0131 \u00c7apk\u0131n\u0131, 3. sezonuyla da izleyiciyi ekrana kilitlemeye devam ediyor. Dizinin sad\u0131k takip\u00e7ileri, son d\u00f6nemde ya\u015fanan geli\u015fmelerle b\u00fcy\u00fck bir \u015fok ya\u015fad\u0131. Seyran ve Ferit\u2019in a\u015fk\u0131n\u0131n etraf\u0131nda d\u00f6nen hikayelerdeki ayr\u0131l\u0131klar, izleyiciyi bir hayli etkileyince, kulislerden bomba gibi bir haber s\u0131zd\u0131: Yal\u0131 \u00c7apk\u0131n\u0131\u2019na bu sezon dahil olan Pelin Akil, diziden ayr\u0131l\u0131yor.<\/p>\n<h3>\u0130ZLEY\u0130C\u0130N\u0130N TEPK\u0130S\u0130N\u0130 \u00c7EKT\u0130<\/h3>\n<p>Ge\u00e7ti\u011fimiz sezonun finalinde, Seyran ve Ferit&#8217;in birbirlerine olan b\u00fcy\u00fck a\u015fk\u0131yla ekran ba\u015f\u0131ndaki izleyiciler adeta mest olmu\u015ftu. Ancak, yeni sezona ba\u015flarken ya\u015fanan zaman atlamas\u0131 ve ikilinin iki y\u0131l sonra ba\u015fkalar\u0131yla hayatlar\u0131na devam etmeleri, seyircinin b\u00fcy\u00fck tepkisini \u00e7ekti. Seyran ve Ferit\u2019i ba\u015fkalar\u0131yla g\u00f6rmek istemeyen izleyiciler, diziyi izlemeyi b\u0131rakmaya kadar varan tepkiler g\u00f6sterdi. Sosyal medyada yo\u011fun ele\u015ftiriler al\u0131nd\u0131 ve reytinglerdeki ini\u015f \u00e7\u0131k\u0131\u015flar bu durumu yans\u0131tt\u0131.<\/p>\n<p>Bu sezonun ba\u015f\u0131nda, Yal\u0131 \u00c7apk\u0131n\u0131 ekibine Diyar karakteriyle kat\u0131lan Pelin Akil dizide kaos \u00e7\u0131kard\u0131. Akil\u2019in dizideki karakteri, izleyiciyi k\u0131zd\u0131rd\u0131. Seyran ve Ferit\u2019in a\u015fk\u0131na engel olan Diyar karakteri Seyran ve Ferit \u00e7iftinin fanlar\u0131 taraf\u0131ndan sevilmedi.<\/p>\n<p><img loading=\"lazy\" decoding=\"async\" class=\"alignnone  wp-image-96125\" src=\"https:\/\/www.tgrthaber.com\/mavikadin\/wp-content\/uploads\/s-a5afbaf18a47a059b4e4e5404358dafa38994bec-1024x672.jpg\" alt=\"\" width=\"1086\" height=\"713\" title=\"\" srcset=\"https:\/\/www.tgrthaber.com\/mavikadin\/wp-content\/uploads\/s-a5afbaf18a47a059b4e4e5404358dafa38994bec-1024x672.jpg 1024w, https:\/\/www.tgrthaber.com\/mavikadin\/wp-content\/uploads\/s-a5afbaf18a47a059b4e4e5404358dafa38994bec-300x197.jpg 300w, https:\/\/www.tgrthaber.com\/mavikadin\/wp-content\/uploads\/s-a5afbaf18a47a059b4e4e5404358dafa38994bec-768x504.jpg 768w, https:\/\/www.tgrthaber.com\/mavikadin\/wp-content\/uploads\/s-a5afbaf18a47a059b4e4e5404358dafa38994bec.jpg 1200w\" sizes=\"(max-width: 1086px) 100vw, 1086px\" \/><\/p>\n<p>Seyran\u2019\u0131n yeni partneri Altan\u2019a kar\u015f\u0131 tepkiler de, dizinin izleyicisi taraf\u0131ndan sosyal medyada adeta patlama yapt\u0131. Seyran ve Ferit&#8217;in hayatlar\u0131nda ba\u015fkalar\u0131n\u0131n olmas\u0131 izleyicinin sabr\u0131n\u0131 ta\u015f\u0131rd\u0131. Buna kar\u015f\u0131l\u0131k, senaristler Seyran ve Ferit\u2019i yeniden bir araya getirmek i\u00e7in harekete ge\u00e7ti.<\/p>\n<h3>PEL\u0130N AK\u0130L D\u0130Z\u0130DEN AYRILIYOR<\/h3>\n<p>Birsen Altunta\u015f\u2019\u0131n haberine g\u00f6re, Pelin Akil, izleyicinin tepkilerinin ard\u0131ndan Yal\u0131 \u00c7apk\u0131n\u0131\u2019ndan ayr\u0131l\u0131yor. Akil&#8217;in ayr\u0131l\u0131\u011f\u0131, hem izleyici hem de oyuncu kadrosu i\u00e7in s\u00fcrpriz bir geli\u015fme olarak g\u00fcndeme oturdu.<\/p>\n<p><img loading=\"lazy\" decoding=\"async\" class=\"alignnone  wp-image-96124\" src=\"https:\/\/www.tgrthaber.com\/mavikadin\/wp-content\/uploads\/6-scaled-1-1024x683.jpg\" alt=\"\" width=\"1105\" height=\"737\" title=\"\" srcset=\"https:\/\/www.tgrthaber.com\/mavikadin\/wp-content\/uploads\/6-scaled-1-1024x683.jpg 1024w, https:\/\/www.tgrthaber.com\/mavikadin\/wp-content\/uploads\/6-scaled-1-300x200.jpg 300w, https:\/\/www.tgrthaber.com\/mavikadin\/wp-content\/uploads\/6-scaled-1-768x512.jpg 768w, https:\/\/www.tgrthaber.com\/mavikadin\/wp-content\/uploads\/6-scaled-1-1536x1024.jpg 1536w, https:\/\/www.tgrthaber.com\/mavikadin\/wp-content\/uploads\/6-scaled-1-2048x1366.jpg 2048w\" sizes=\"(max-width: 1105px) 100vw, 1105px\" \/><\/p>\n<h3>SEYRAN VE FER\u0130T&#8217;\u0130N AYRILI\u011eI REYT\u0130NGLER\u0130 D\u00dc\u015e\u00dcRD\u00dc<\/h3>\n<p>Yal\u0131 \u00c7apk\u0131n\u0131 dizisinin \u00fc\u00e7\u00fcnc\u00fc sezonu, ba\u015flang\u0131\u00e7tan itibaren pek \u00e7ok olayla \u00e7alkalanm\u0131\u015ft\u0131. Seyran ve Ferit\u2019in s\u00fcrekli ayr\u0131 yaz\u0131lmas\u0131, dizinin reytinglerine de yans\u0131d\u0131. \u0130kilinin aras\u0131ndaki mesafe, izleyicinin g\u00f6z\u00fcnde dizinin ana \u00e7ekim g\u00fcc\u00fcn\u00fc zay\u0131flatt\u0131 ve tepki toplad\u0131. Seyran ve Ferit\u2019in birlikte oldu\u011fu sahneler, izleyicinin ilgisini yeniden kazanmaya ba\u015flarken, dizideki di\u011fer karakterlerin hikayeleri ise geri planda kalmaya ba\u015flad\u0131.<\/p>\n<p><img loading=\"lazy\" decoding=\"async\" class=\"alignnone  wp-image-96126\" src=\"https:\/\/www.tgrthaber.com\/mavikadin\/wp-content\/uploads\/374-1024x683.jpg\" alt=\"\" width=\"1102\" height=\"735\" title=\"\" srcset=\"https:\/\/www.tgrthaber.com\/mavikadin\/wp-content\/uploads\/374-1024x683.jpg 1024w, https:\/\/www.tgrthaber.com\/mavikadin\/wp-content\/uploads\/374-300x200.jpg 300w, https:\/\/www.tgrthaber.com\/mavikadin\/wp-content\/uploads\/374-768x512.jpg 768w, https:\/\/www.tgrthaber.com\/mavikadin\/wp-content\/uploads\/374-1536x1024.jpg 1536w, https:\/\/www.tgrthaber.com\/mavikadin\/wp-content\/uploads\/374-2048x1365.jpg 2048w\" sizes=\"(max-width: 1102px) 100vw, 1102px\" \/><\/p>\n","protected":false},"excerpt":{"rendered":"<p>Star TV&#8217;nin b\u00fcy\u00fck ilgiyle izlenen dizisi Yal\u0131 \u00c7apk\u0131n\u0131, 3. sezonuyla ekrana kilitlenirken, izleyiciyi \u015foke eden bir geli\u015fme ya\u015fand\u0131. Seyran ve Ferit\u2019in a\u015fk\u0131na engel olan Diyar karakteriyle bu sezona dahil olan Pelin Akil, b\u00fcy\u00fck tepkiler sonras\u0131 diziden ayr\u0131l\u0131yor.<\/p>\n","protected":false},"author":4,"featured_media":96127,"comment_status":"closed","ping_status":"closed","sticky":false,"template":"","format":"standard","meta":{"rank_math_lock_modified_date":false,"footnotes":""},"categories":[602],"tags":[2506,2507,2505],"class_list":["post-96123","post","type-post","status-publish","format-standard","has-post-thumbnail","hentry","category-diziler","tag-diyar","tag-pelin-akil","tag-yali-capkini"],"_links":{"self":[{"href":"https:\/\/www.tgrthaber.com\/mavikadin\/wp-json\/wp\/v2\/posts\/96123"}],"collection":[{"href":"https:\/\/www.tgrthaber.com\/mavikadin\/wp-json\/wp\/v2\/posts"}],"about":[{"href":"https:\/\/www.tgrthaber.com\/mavikadin\/wp-json\/wp\/v2\/types\/post"}],"author":[{"embeddable":true,"href":"https:\/\/www.tgrthaber.com\/mavikadin\/wp-json\/wp\/v2\/users\/4"}],"replies":[{"embeddable":true,"href":"https:\/\/www.tgrthaber.com\/mavikadin\/wp-json\/wp\/v2\/comments?post=96123"}],"version-history":[{"count":2,"href":"https:\/\/www.tgrthaber.com\/mavikadin\/wp-json\/wp\/v2\/posts\/96123\/revisions"}],"predecessor-version":[{"id":96129,"href":"https:\/\/www.tgrthaber.com\/mavikadin\/wp-json\/wp\/v2\/posts\/96123\/revisions\/96129"}],"wp:featuredmedia":[{"embeddable":true,"href":"https:\/\/www.tgrthaber.com\/mavikadin\/wp-json\/wp\/v2\/media\/96127"}],"wp:attachment":[{"href":"https:\/\/www.tgrthaber.com\/mavikadin\/wp-json\/wp\/v2\/media?parent=96123"}],"wp:term":[{"taxonomy":"category","embeddable":true,"href":"https:\/\/www.tgrthaber.com\/mavikadin\/wp-json\/wp\/v2\/categories?post=96123"},{"taxonomy":"post_tag","embeddable":true,"href":"https:\/\/www.tgrthaber.com\/mavikadin\/wp-json\/wp\/v2\/tags?post=96123"}],"curies":[{"name":"wp","href":"https:\/\/api.w.org\/{rel}","templated":true}]}}