{"id":96138,"date":"2024-11-21T08:39:29","date_gmt":"2024-11-21T05:39:29","guid":{"rendered":"https:\/\/www.tgrthaber.com\/mavikadin\/?p=96138"},"modified":"2024-11-21T09:01:44","modified_gmt":"2024-11-21T06:01:44","slug":"wanda-nara-filtreyi-kaldirinca-herkes-izzet-altinmeseyeye-benzetti","status":"publish","type":"post","link":"https:\/\/www.tgrthaber.com\/mavikadin\/wanda-nara-filtreyi-kaldirinca-herkes-izzet-altinmeseyeye-benzetti\/","title":{"rendered":"Wanda Nara filtreyi kald\u0131r\u0131nca herkes \u0130zzet Alt\u0131nme\u015feye&#8217;ye benzetti"},"content":{"rendered":"<p>\u0130cardi ile bo\u015fanma a\u015famas\u0131na gelen Wanda Nara filtreyi kald\u0131r\u0131nca \u0130zzet Alt\u0131nme\u015fe&#8217;ye benzetildi. Sosyal medya payla\u015f\u0131mlar\u0131yla b\u00fcy\u00fck tepki toplayan ve Galatasarayl\u0131 sporcu \u0130cardi ile bo\u015fanma a\u015famas\u0131na gelen Wanda Nara g\u00fcndemden d\u00fc\u015fm\u00fcyor. Her a\u00e7\u0131klamas\u0131 ve payla\u015f\u0131m\u0131 olay olan Wanda Nara en son \u0130cardi&#8217;nin servetinin yar\u0131s\u0131n\u0131 istemesiyle ele\u015ftirilerin oda\u011f\u0131na gelmi\u015fti. \u015eimdi ise Wanda Nara&#8217;n\u0131n sosyal medyadaki filtresiz payla\u015f\u0131m\u0131 g\u00fcndem oldu. Filtresiz haliyle \u0130zzet Alt\u0131nme\u015fe&#8217;ye benzetilen Wanda Nara&#8217;n\u0131n bu hali herkesi \u015fa\u015f\u0131rtt\u0131. Her zaman filtreli payla\u015f\u0131m yapan Wanda Nara&#8217;n\u0131n ger\u00e7ek y\u00fcz\u00fc herkesi \u015fok etti.<\/p>\n<h3>WANDA NARA F\u0130LTREY\u0130 KALDIRINCA HERKES \u0130ZZET ALTINME\u015eEYE&#8217;YE BENZETT\u0130<\/h3>\n<p>Galatasarayl\u0131 sporcu \u0130cardi ile sorunlar ya\u015fayan ve art\u0131k bo\u015fanma a\u015famas\u0131na gelen Wanda Nara g\u00fcndemden d\u00fc\u015fm\u00fcyor. Her hareketi ve payla\u015f\u0131m\u0131 g\u00fcndem olan Wanda Nara \u015fimdi de filtresiz payla\u015f\u0131m\u0131 ile g\u00fcndem oldu. Herkesin \u00fczerine bir\u00e7ok mizah yapt\u0131\u011f\u0131 filtresiz payla\u015f\u0131mda baz\u0131 sosyal medya kullan\u0131c\u0131lar\u0131 model ve manken olan Wanda Nara\u2019y\u0131 \u0130zzet Alt\u0131nme\u015fe&#8217;ye benzetti. Wanda Nara \u0130cardi ile sorunlar ya\u015famaya devam ederken bu payla\u015f\u0131m sosyal medyada b\u00fcy\u00fck yank\u0131 uyand\u0131rd\u0131.<\/p>\n<p><img loading=\"lazy\" decoding=\"async\" class=\"alignnone wp-image-96139 size-full\" src=\"https:\/\/www.tgrthaber.com\/mavikadin\/wp-content\/uploads\/WhatsApp-Image-2024-11-21-at-07.53.31-e1732167236601.jpeg\" alt=\"\" width=\"660\" height=\"414\" title=\"\" srcset=\"https:\/\/www.tgrthaber.com\/mavikadin\/wp-content\/uploads\/WhatsApp-Image-2024-11-21-at-07.53.31-e1732167236601.jpeg 660w, https:\/\/www.tgrthaber.com\/mavikadin\/wp-content\/uploads\/WhatsApp-Image-2024-11-21-at-07.53.31-e1732167236601-300x188.jpeg 300w\" sizes=\"(max-width: 660px) 100vw, 660px\" \/><\/p>\n<p>T\u00fcrkiye&#8217;de \u0130cardi&#8217;nin hayranlar\u0131 ve sevenleri taraf\u0131ndan s\u00fcrekli ele\u015ftiriye maruz kalan Wanda Nara \u0130cardi&#8217;nin servetinin de yar\u0131s\u0131n\u0131 istiyor. Bu durum Wanda Nara&#8217;n\u0131n \u0130cardi&#8217;yi aldatarak ma\u011fdur etmesinin \u00fczerine sevenleri taraf\u0131ndan b\u00fcy\u00fck tepkiyle kar\u015f\u0131land\u0131. Wanda Nara \u0130cardi&#8217;nin evine giderek onu taciz etti\u011fini s\u00f6yledi.<\/p>\n<h3>\u0130CARD\u0130 WANDA NARA&#8217;NIN TAC\u0130Z\u0130NE MARUZ KALIYOR<\/h3>\n<p>Wanda Nara ve \u0130cardi aras\u0131nda bo\u015fanma gerginli\u011fi devam ediyor. Bir t\u00fcrl\u00fc sular\u0131n durulmad\u0131\u011f\u0131 ikili aras\u0131nda gerginlik hakim. Galatasaray&#8217;\u0131n Arjantinli y\u0131ld\u0131z\u0131 olan Mauro \u0130cardi sosyal medya hesab\u0131ndan yapt\u0131\u011f\u0131 payla\u015f\u0131mda herkesi \u015fok etti. Wanda Nara i\u00e7in &#8216;2 saat boyunca evimde b\u00f6yle durup beni taciz etti.&#8217; a\u00e7\u0131klamas\u0131nda bulundu. Wanda Nara ise &#8220;Avukatlara\u00a0s\u00f6yleyerek; g\u00f6n\u00fcll\u00fc olarak ona verdi\u011fim evime geldim. Seyahat belgelerimi ve yazl\u0131k k\u0131yafetlerimi al\u0131p gidiyorum. Tek ba\u015f\u0131ma gelmemi\u015ftim&#8221; ifadelerini kulland\u0131.<\/p>\n<h3><img loading=\"lazy\" decoding=\"async\" class=\"alignnone size-full wp-image-96140\" src=\"https:\/\/www.tgrthaber.com\/mavikadin\/wp-content\/uploads\/Ekran-goruntusu-2024-11-21-083508.png\" alt=\"\" width=\"789\" height=\"705\" title=\"\" srcset=\"https:\/\/www.tgrthaber.com\/mavikadin\/wp-content\/uploads\/Ekran-goruntusu-2024-11-21-083508.png 789w, https:\/\/www.tgrthaber.com\/mavikadin\/wp-content\/uploads\/Ekran-goruntusu-2024-11-21-083508-300x268.png 300w, https:\/\/www.tgrthaber.com\/mavikadin\/wp-content\/uploads\/Ekran-goruntusu-2024-11-21-083508-768x686.png 768w\" sizes=\"(max-width: 789px) 100vw, 789px\" \/><\/h3>\n<p>\u0130kili aras\u0131nda ne zaman uzla\u015fmaya var\u0131laca\u011f\u0131 ise merak ediliyor. \u0130cardi Wanda Nara i\u00e7in &#8220;Avukatlar\u0131m beni engellese de hakk\u0131mda s\u00f6ylenen onca sa\u00e7mal\u0131ktan sonra kendimi kamuoyuna savunmak ad\u0131na bunu s\u00f6ylemek istiyorum. 2 saat boyunca evimde durup beni taciz etti. Buna ne isim veriyoruz, hangi ba\u015fl\u0131\u011f\u0131 koyuyoruz?&#8221; payla\u015f\u0131m\u0131 yapt\u0131. K\u0131sa s\u00fcrede sosyal medyada g\u00fcndem olan payla\u015f\u0131m herkesin Wanda Nara&#8217;ya tepki g\u00f6stermesine neden oldu.<\/p>\n<p><img loading=\"lazy\" decoding=\"async\" class=\"alignnone size-full wp-image-96141\" src=\"https:\/\/www.tgrthaber.com\/mavikadin\/wp-content\/uploads\/Ekran-goruntusu-2024-11-21-083556.png\" alt=\"\" width=\"1224\" height=\"692\" title=\"\" srcset=\"https:\/\/www.tgrthaber.com\/mavikadin\/wp-content\/uploads\/Ekran-goruntusu-2024-11-21-083556.png 1224w, https:\/\/www.tgrthaber.com\/mavikadin\/wp-content\/uploads\/Ekran-goruntusu-2024-11-21-083556-300x170.png 300w, https:\/\/www.tgrthaber.com\/mavikadin\/wp-content\/uploads\/Ekran-goruntusu-2024-11-21-083556-1024x579.png 1024w, https:\/\/www.tgrthaber.com\/mavikadin\/wp-content\/uploads\/Ekran-goruntusu-2024-11-21-083556-768x434.png 768w\" sizes=\"(max-width: 1224px) 100vw, 1224px\" \/><\/p>\n<p>Wanda Nara ve \u0130cardi aras\u0131nda nas\u0131l bir uzla\u015fmaya gidilece\u011fi ve \u00e7ocuklar\u0131n\u0131n velayetini nas\u0131l payla\u015facaklar\u0131 marka konusu. Olayl\u0131 \u00e7iftin davas\u0131 T\u00fcrkiye&#8217;de g\u00f6r\u00fclebilir. Bulunulan \u00fclkenin yasalar\u0131na g\u00f6re dava s\u00fcre\u00e7leri devam edecek olan \u00e7ift i\u00e7in h\u00e2kim nas\u0131l bir karar verecek bilinmiyor.<\/p>\n","protected":false},"excerpt":{"rendered":"<p>\u0130cardi ile bo\u015fanma a\u015famas\u0131nda olan Wanda Nara sosyal medyada filtresiz payla\u015f\u0131m yap\u0131nca \u0130zzet Alt\u0131nme\u015fe&#8217;ye benzetildi. Wanda Nara&#8217;n\u0131n filtresiz hali herkesi \u015fa\u015f\u0131rtt\u0131.<\/p>\n","protected":false},"author":25,"featured_media":96142,"comment_status":"closed","ping_status":"closed","sticky":false,"template":"","format":"standard","meta":{"rank_math_lock_modified_date":false,"footnotes":""},"categories":[76],"tags":[2241,2222],"class_list":["post-96138","post","type-post","status-publish","format-standard","has-post-thumbnail","hentry","category-magazin","tag-mauro-icardi","tag-wanda-nara"],"_links":{"self":[{"href":"https:\/\/www.tgrthaber.com\/mavikadin\/wp-json\/wp\/v2\/posts\/96138"}],"collection":[{"href":"https:\/\/www.tgrthaber.com\/mavikadin\/wp-json\/wp\/v2\/posts"}],"about":[{"href":"https:\/\/www.tgrthaber.com\/mavikadin\/wp-json\/wp\/v2\/types\/post"}],"author":[{"embeddable":true,"href":"https:\/\/www.tgrthaber.com\/mavikadin\/wp-json\/wp\/v2\/users\/25"}],"replies":[{"embeddable":true,"href":"https:\/\/www.tgrthaber.com\/mavikadin\/wp-json\/wp\/v2\/comments?post=96138"}],"version-history":[{"count":1,"href":"https:\/\/www.tgrthaber.com\/mavikadin\/wp-json\/wp\/v2\/posts\/96138\/revisions"}],"predecessor-version":[{"id":96143,"href":"https:\/\/www.tgrthaber.com\/mavikadin\/wp-json\/wp\/v2\/posts\/96138\/revisions\/96143"}],"wp:featuredmedia":[{"embeddable":true,"href":"https:\/\/www.tgrthaber.com\/mavikadin\/wp-json\/wp\/v2\/media\/96142"}],"wp:attachment":[{"href":"https:\/\/www.tgrthaber.com\/mavikadin\/wp-json\/wp\/v2\/media?parent=96138"}],"wp:term":[{"taxonomy":"category","embeddable":true,"href":"https:\/\/www.tgrthaber.com\/mavikadin\/wp-json\/wp\/v2\/categories?post=96138"},{"taxonomy":"post_tag","embeddable":true,"href":"https:\/\/www.tgrthaber.com\/mavikadin\/wp-json\/wp\/v2\/tags?post=96138"}],"curies":[{"name":"wp","href":"https:\/\/api.w.org\/{rel}","templated":true}]}}