{"id":96171,"date":"2024-11-21T14:02:39","date_gmt":"2024-11-21T11:02:39","guid":{"rendered":"https:\/\/www.tgrthaber.com\/mavikadin\/?p=96171"},"modified":"2024-11-21T14:30:40","modified_gmt":"2024-11-21T11:30:40","slug":"sakir-pasa-dizisi-kitaptan-ya-da-gercek-hayattan-uyarlama-mi","status":"publish","type":"post","link":"https:\/\/www.tgrthaber.com\/mavikadin\/sakir-pasa-dizisi-kitaptan-ya-da-gercek-hayattan-uyarlama-mi\/","title":{"rendered":"\u015eakir Pa\u015fa Ailesi dizisi kitaptan ya da ger\u00e7ek hayattan uyarlama m\u0131?"},"content":{"rendered":"<p>Merakla beklenen dizi \u015eakir Pa\u015fa Ailesi: Mucizeler ve Skandallar kitaptan ya da ger\u00e7ek hayattan uyarlama m\u0131 merak ediliyor. \u015eakir Pa\u015fa Ailesi&#8217;nin entrikalarla dolu ya\u015fam\u0131n\u0131 konu alan dizi yak\u0131nda ekranlarda olacak.<\/p>\n<h3>\u015eAK\u0130R PA\u015eA A\u0130LES\u0130 D\u0130Z\u0130S\u0130 UYARLAMA MI?<\/h3>\n<p>\u015eakir Pa\u015fa ailesi fragman\u0131 yay\u0131nland\u0131\u011f\u0131 g\u00fcnden beri dillerden d\u00fc\u015fm\u00fcyor. Herkesin ilgisini \u00e7eken dizi b\u00fcy\u00fck yank\u0131 uyand\u0131rd\u0131. Pek \u00e7ok sosyal medya kullan\u0131c\u0131s\u0131 da \u015eakir Pa\u015fa Ailesi ger\u00e7ek hayattan uyarlama m\u0131 diye soruyor. Ancak \u015eakir Pa\u015fa Ailesi ger\u00e7ek hayattan de\u011fil bir kitaptan uyarlama olarak ekranlara gelecek. Hande Altayl\u0131&#8217;n\u0131n senaryosunu yazd\u0131\u011f\u0131 dizi Medyap\u0131m \u00f6nc\u00fcl\u00fc\u011f\u00fcnde yap\u0131lacak. \u015eakir Pa\u015fa ailesinin \u00e7alkant\u0131l\u0131 ya\u015fant\u0131s\u0131n\u0131 biyografi olarak ele alan kitap Semra Karam\u00fcrsel taraf\u0131ndan \u00e7evrildi. \u015eakir Pa\u015fa ilesi 2. Abd\u00fclhamit d\u00f6neminin soylu bir ailesindeki ini\u015f ve \u00e7\u0131k\u0131\u015flar\u0131 anlat\u0131yor.<\/p>\n<p><img loading=\"lazy\" decoding=\"async\" class=\"alignnone size-full wp-image-96260\" src=\"https:\/\/www.tgrthaber.com\/mavikadin\/wp-content\/uploads\/3738861_e08eeadc467073df87597583813fc8af_640x640.jpg\" alt=\"\" width=\"640\" height=\"360\" title=\"\" srcset=\"https:\/\/www.tgrthaber.com\/mavikadin\/wp-content\/uploads\/3738861_e08eeadc467073df87597583813fc8af_640x640.jpg 640w, https:\/\/www.tgrthaber.com\/mavikadin\/wp-content\/uploads\/3738861_e08eeadc467073df87597583813fc8af_640x640-300x169.jpg 300w\" sizes=\"(max-width: 640px) 100vw, 640px\" \/><\/p>\n<p>Fahr\u00fcnnisa Zeyd, F\u00fcreya Koral, Aliye Berger,\u00a0Nejad Devrim gibi tan\u0131nm\u0131\u015f sanat\u00e7\u0131lar, Halikarnas Bal\u0131k\u00e7\u0131s\u0131-Cevat \u015eakir gibi \u0130zzet Melih Devrim gibi yazarlar, Suat \u015eakir ve \u015eirin Devrim gibi tiyatrocular&#8230;<\/p>\n<p>Hepsi de tek bir ailenin fertleri. II. Abd\u00fclhamid d\u00f6neminde \u00f6nemli g\u00f6revlerde bulunmu\u015f \u015eakir Pa\u015fa\u2019n\u0131n \u00e7ocuklar\u0131, akrabalar\u0131. Dizi bu isimler \u00e7er\u00e7evesinde b\u00fcy\u00fck mucizeler ve skandallar sunacak.<\/p>\n<p><img loading=\"lazy\" decoding=\"async\" class=\"alignnone size-full wp-image-96263\" src=\"https:\/\/www.tgrthaber.com\/mavikadin\/wp-content\/uploads\/3738861_886b85955eede76634f2143b455f5256_640x640.jpg\" alt=\"\" width=\"640\" height=\"360\" title=\"\" srcset=\"https:\/\/www.tgrthaber.com\/mavikadin\/wp-content\/uploads\/3738861_886b85955eede76634f2143b455f5256_640x640.jpg 640w, https:\/\/www.tgrthaber.com\/mavikadin\/wp-content\/uploads\/3738861_886b85955eede76634f2143b455f5256_640x640-300x169.jpg 300w\" sizes=\"(max-width: 640px) 100vw, 640px\" \/><\/p>\n<p>Kitap ailenin i\u00e7erisinde bizzat bulunan \u015eirin Devrim taraf\u0131ndan biyografi olarak kaleme al\u0131nm\u0131\u015f. Bu y\u00fczden olaylar\u0131n do\u011frulu\u011fu konusunda kesin bilgi bulunmuyor ancak \u015eakir Pa\u015fa Ailesi&#8217;nin ya\u015fant\u0131s\u0131n\u0131 \u015eirin Devrim a\u00e7\u0131s\u0131ndan okuyabiliyoruz bu kitapta.<\/p>\n<p><img loading=\"lazy\" decoding=\"async\" class=\"alignnone size-full wp-image-96264\" src=\"https:\/\/www.tgrthaber.com\/mavikadin\/wp-content\/uploads\/3738861_44d32e885bf010b8d3a0bf5f3fc02f0a_640x640.jpg\" alt=\"\" width=\"640\" height=\"360\" title=\"\" srcset=\"https:\/\/www.tgrthaber.com\/mavikadin\/wp-content\/uploads\/3738861_44d32e885bf010b8d3a0bf5f3fc02f0a_640x640.jpg 640w, https:\/\/www.tgrthaber.com\/mavikadin\/wp-content\/uploads\/3738861_44d32e885bf010b8d3a0bf5f3fc02f0a_640x640-300x169.jpg 300w\" sizes=\"(max-width: 640px) 100vw, 640px\" \/><\/p>\n<p>B\u00fcy\u00fckada\u2019daki k\u00f6\u015fkte ge\u00e7en \u00e7ocuklu\u011fu Osmanl\u0131\u2019n\u0131n y\u0131k\u0131ld\u0131\u011f\u0131, Kurtulu\u015f Sava\u015f\u0131\u2019n\u0131n ya\u015fand\u0131\u011f\u0131 ve Cumhuriyet\u2019in kuruldu\u011fu g\u00fcnleri kaps\u0131yor. \u015eirin Devrim \u2018\u015fahane \u00e7\u0131lg\u0131nlar\u2019 diye hat\u0131rlad\u0131\u011f\u0131 aile bireylerinin hik\u00e2yelerini yak\u0131n tan\u0131klardan biri olarak anlat\u0131yor bize. Annesi Fahr\u00fcnissa Zeyd, day\u0131s\u0131 Cevat \u015eakir, karde\u015fi Melih Devrim\u2026 \u00c7anakkale kahraman\u0131 Osmanl\u0131 subaylar\u0131, zaman\u0131n\u0131n tan\u0131nm\u0131\u015f gazetecileri g\u00fcn\u00fcm\u00fcz\u00fcn unutulmayan sanat\u00e7\u0131lar\u0131. Onlar \u015eirin Devrim\u2019in an\u0131lar\u0131nda babacan aile b\u00fcy\u00fckleri, tutkular\u0131n\u0131n pe\u015finde bir anne, ba\u015f\u0131na buyruk bir karde\u015f olarak kar\u015f\u0131m\u0131za \u00e7\u0131k\u0131yor.<\/p>\n<p><img loading=\"lazy\" decoding=\"async\" class=\"alignnone size-full wp-image-96265\" src=\"https:\/\/www.tgrthaber.com\/mavikadin\/wp-content\/uploads\/3738861_5942bbd620ef42194031c8847b7b9587_640x640.jpg\" alt=\"\" width=\"640\" height=\"360\" title=\"\" srcset=\"https:\/\/www.tgrthaber.com\/mavikadin\/wp-content\/uploads\/3738861_5942bbd620ef42194031c8847b7b9587_640x640.jpg 640w, https:\/\/www.tgrthaber.com\/mavikadin\/wp-content\/uploads\/3738861_5942bbd620ef42194031c8847b7b9587_640x640-300x169.jpg 300w\" sizes=\"(max-width: 640px) 100vw, 640px\" \/><\/p>\n<p>\u015eakir Pa\u015fa Ailesi&#8217;nin her bir ferdi ayr\u0131 bir kitaba konu olacak cinsten renkli bir d\u00fcnyaya sahip. Hepsi farkl\u0131 bir ya\u015fant\u0131 sunuyor. Medyap\u0131m da bu ailenin skandallar ve mucizelerle dolu ya\u015fant\u0131s\u0131n\u0131n anlat\u0131ld\u0131\u011f\u0131 kitab\u0131 uyarlama yaparak izleyicilere sunacak.<\/p>\n<p>&nbsp;<\/p>\n<p>Meryem Uzerli, Vahide Per\u00e7in gibi \u00f6nemli oyuncular\u0131n yer ald\u0131\u011f\u0131 dizi merakla bekleniyor.<\/p>\n<p><img loading=\"lazy\" decoding=\"async\" class=\"alignnone size-full wp-image-96266\" src=\"https:\/\/www.tgrthaber.com\/mavikadin\/wp-content\/uploads\/3738861_803639c182f144bfb03cb1591758911f_640x640.jpg\" alt=\"\" width=\"640\" height=\"360\" title=\"\" srcset=\"https:\/\/www.tgrthaber.com\/mavikadin\/wp-content\/uploads\/3738861_803639c182f144bfb03cb1591758911f_640x640.jpg 640w, https:\/\/www.tgrthaber.com\/mavikadin\/wp-content\/uploads\/3738861_803639c182f144bfb03cb1591758911f_640x640-300x169.jpg 300w\" sizes=\"(max-width: 640px) 100vw, 640px\" \/><\/p>\n<h3>MEDYAPIM&#8217;IN \u015eAK\u0130R PA\u015eA A\u0130LES\u0130 D\u0130Z\u0130S\u0130 HAKKINDA A\u00c7IKLAMASI<\/h3>\n<p>Bir\u00e7ok dizi ve filmin yap\u0131mc\u0131l\u0131\u011f\u0131n\u0131 \u00fcstlenen Medyap\u0131m aylar \u00f6nce \u015eakir Pa\u015fa Ailesi&#8217;nin de dizi olarak yay\u0131nlanaca\u011f\u0131n\u0131 ancak dijital platformlardan birinde olaca\u011f\u0131n\u0131 duyurmu\u015ftu. Bu dijital platformlardan biri el de\u011fi\u015ftirince dizi projesi de iptal edildi ancak Medyap\u0131m diziyi NOW TV\u2019ye kabul ettirmeyi ba\u015fard\u0131. Dizi yak\u0131nda Now TV&#8217;de yay\u0131nlanacak ve \u015eakir Pa\u015fa Ailesi&#8217;nin skandallar ve mucizelerle dolu ya\u015fant\u0131s\u0131n\u0131 izleyiciye sunacak. Med yap\u0131m payla\u015f\u0131m\u0131nda; \u201cHer bir ferdi sanat\u0131n \u00f6nc\u00fclerinden olan \u015eakir Pa\u015fa Ailesi; Halikarnas Bal\u0131k\u00e7\u0131s\u0131 ad\u0131yla Bodrum\u2019u bug\u00fcnk\u00fc \u00fcn\u00fcne kavu\u015fturan Cevat \u015eakir Kabaa\u011fa\u00e7l\u0131, modern resmin ustas\u0131 Fahrelnisa Zeid, ilk T\u00fcrk grav\u00fcr sanat\u00e7\u0131s\u0131 Aliye Berger ve ilk T\u00fcrk seramik sanat\u00e7\u0131s\u0131 F\u00fcreya Koral\u2019\u0131n bulundu\u011fu s\u0131ra d\u0131\u015f\u0131 bir aile. Medyap\u0131m\u2019\u0131n, bu \u00f6nemli isimlerin oldu\u011fu bir ailenin ini\u015f \u00e7\u0131k\u0131\u015flarla dolu hayat \u00f6yk\u00fclerinin Hande Altayl\u0131 taraf\u0131ndan kaleme al\u0131nd\u0131\u011f\u0131 yeni dizisi \u00e7ok yak\u0131nda dijital platformda!\u201d a\u00e7\u0131klamas\u0131na yer vermi\u015fti.<\/p>\n<p><img loading=\"lazy\" decoding=\"async\" class=\"alignnone size-full wp-image-96267\" src=\"https:\/\/www.tgrthaber.com\/mavikadin\/wp-content\/uploads\/3738861_c026a862b4a2f0e75dd9af5d7921167f_640x640.jpg\" alt=\"\" width=\"640\" height=\"360\" title=\"\" srcset=\"https:\/\/www.tgrthaber.com\/mavikadin\/wp-content\/uploads\/3738861_c026a862b4a2f0e75dd9af5d7921167f_640x640.jpg 640w, https:\/\/www.tgrthaber.com\/mavikadin\/wp-content\/uploads\/3738861_c026a862b4a2f0e75dd9af5d7921167f_640x640-300x169.jpg 300w\" sizes=\"(max-width: 640px) 100vw, 640px\" \/><\/p>\n<h3>\u015eAK\u0130R PA\u015eA A\u0130LES\u0130\u00a0 D\u0130Z\u0130S\u0130 OYUNCULARI<\/h3>\n<p>\u015eakir Pa\u015fa Ailesi dizisinde yer alacak oyuncular da bir hayli merak ediliyordu. Herkesin b\u00fcy\u00fck \u00f6l\u00e7\u00fcde izlemek i\u00e7in g\u00fcn sayd\u0131\u011f\u0131 dizinin oyuncular\u0131 da yay\u0131nlanan fragmanla belli oldu. Meryem Uzerli ve Vahide Per\u00e7in ise dizide dikkat \u00e7eken iki isim oldu. \u0130kili daha \u00f6nce Muhte\u015fem Y\u00fczy\u0131l dizisinde farkl\u0131 sezonlarda H\u00fcrrem karakterini oynam\u0131\u015ft\u0131.<\/p>\n<p>&nbsp;<\/p>\n<p>Y\u0131llar sonra iki H\u00fcrrem ayn\u0131 dizide yer alacak. Dizide oyuncular aras\u0131nda Vahide Per\u00e7in, F\u0131rat Tan\u0131\u015f, Cem Yi\u011fit \u00dcz\u00fcmo\u011flu, Devrim Yakut, Denise Capezza, Nilsu Berfin Akta\u015f, Helin Kandemir, Ya\u011fmur Ba\u015fkurt, Onur Durmaz gibi birbirinden ba\u015far\u0131l\u0131 isimlerden olu\u015fan kadroda Meryem Uzerli de yer al\u0131yor.<\/p>\n","protected":false},"excerpt":{"rendered":"<p>Fragman\u0131 g\u00fcndeme bomba gibi d\u00fc\u015fen \u015eakir Pa\u015fa Ailesi dizisi kitaptan ya da ger\u00e7ek hayattan uyarlama m\u0131 merak ediliyor. Bir ailenin 2. Abd\u00fclhamit d\u00f6nemindeki entrika ve skandallarla dolu ya\u015fant\u0131s\u0131n\u0131 ele alan dizi d\u00f6nem dizisi olarak izleyicilerin ilgisini \u00e7ekti. <\/p>\n","protected":false},"author":25,"featured_media":96260,"comment_status":"closed","ping_status":"closed","sticky":false,"template":"","format":"standard","meta":{"rank_math_lock_modified_date":false,"footnotes":""},"categories":[602,101],"tags":[2324,2535],"class_list":["post-96171","post","type-post","status-publish","format-standard","has-post-thumbnail","hentry","category-diziler","category-kesfet","tag-sakir-pasa-ailesi","tag-sakir-pasa-ailesi-uyarlama-mi"],"_links":{"self":[{"href":"https:\/\/www.tgrthaber.com\/mavikadin\/wp-json\/wp\/v2\/posts\/96171"}],"collection":[{"href":"https:\/\/www.tgrthaber.com\/mavikadin\/wp-json\/wp\/v2\/posts"}],"about":[{"href":"https:\/\/www.tgrthaber.com\/mavikadin\/wp-json\/wp\/v2\/types\/post"}],"author":[{"embeddable":true,"href":"https:\/\/www.tgrthaber.com\/mavikadin\/wp-json\/wp\/v2\/users\/25"}],"replies":[{"embeddable":true,"href":"https:\/\/www.tgrthaber.com\/mavikadin\/wp-json\/wp\/v2\/comments?post=96171"}],"version-history":[{"count":3,"href":"https:\/\/www.tgrthaber.com\/mavikadin\/wp-json\/wp\/v2\/posts\/96171\/revisions"}],"predecessor-version":[{"id":96270,"href":"https:\/\/www.tgrthaber.com\/mavikadin\/wp-json\/wp\/v2\/posts\/96171\/revisions\/96270"}],"wp:featuredmedia":[{"embeddable":true,"href":"https:\/\/www.tgrthaber.com\/mavikadin\/wp-json\/wp\/v2\/media\/96260"}],"wp:attachment":[{"href":"https:\/\/www.tgrthaber.com\/mavikadin\/wp-json\/wp\/v2\/media?parent=96171"}],"wp:term":[{"taxonomy":"category","embeddable":true,"href":"https:\/\/www.tgrthaber.com\/mavikadin\/wp-json\/wp\/v2\/categories?post=96171"},{"taxonomy":"post_tag","embeddable":true,"href":"https:\/\/www.tgrthaber.com\/mavikadin\/wp-json\/wp\/v2\/tags?post=96171"}],"curies":[{"name":"wp","href":"https:\/\/api.w.org\/{rel}","templated":true}]}}