{"id":96252,"date":"2024-11-21T14:13:45","date_gmt":"2024-11-21T11:13:45","guid":{"rendered":"https:\/\/www.tgrthaber.com\/mavikadin\/?p=96252"},"modified":"2024-11-21T14:13:45","modified_gmt":"2024-11-21T11:13:45","slug":"sizce-once-hangi-sabanci-cifti-evlenir-hande-ercel-hakan-sabanci-mi-faruk-sabanci-esra-bilgic-mi","status":"publish","type":"post","link":"https:\/\/www.tgrthaber.com\/mavikadin\/sizce-once-hangi-sabanci-cifti-evlenir-hande-ercel-hakan-sabanci-mi-faruk-sabanci-esra-bilgic-mi\/","title":{"rendered":"Sizce \u00f6nce hangi Sabanc\u0131 \u00e7ifti evlenir? Hande Er\u00e7el-Hakan Sabanc\u0131 m\u0131, Faruk Sabanc\u0131- Esra Bilgi\u00e7 mi?"},"content":{"rendered":"<p>Son g\u00fcnlerde pop\u00fcler olan \u00e7iftler aras\u0131nda yer alan Hande Er\u00e7el ile Hakan Sabanc\u0131 \u00e7iftine rakip Esra Bilgi\u00e7 ve Faruk Sabanc\u0131 \u00e7\u0131kt\u0131. G\u00f6zlerden uzak a\u015fk hayat\u0131n\u0131 s\u00fcrd\u00fcren \u00e7iftler sosyal medyada konu\u015fulmaya devam ediyor.<\/p>\n<h3>HAKAN SABANCI-HANDE ER\u00c7EL M\u0130, FARUK SABANCI-ESRA B\u0130LG\u0130\u00c7 M\u0130?<\/h3>\n<p>Kitle olarak bak\u0131ld\u0131\u011f\u0131nda Hande Er\u00e7el ve Hakan Sabanc\u0131 ne kadarda pop\u00fcler olsa, Esra Bilgi\u00e7 ve Faruk Sabanc\u0131&#8217;n\u0131n da ciddi bir kitlesi olu\u015fmaya ba\u015flad\u0131. Hande Er\u00e7el uluslararas\u0131 t\u00fcm etkinliklerde Hakan Sabanc\u0131 ile giderken, Esra Bilgi\u00e7 a\u015fk\u0131n\u0131 biraz daha uzaktan ya\u015famaya \u00e7al\u0131\u015f\u0131yor.<\/p>\n<p>Objektiflere nadir yans\u0131yan \u00e7iftin beraberliklerini uzaklarda ya\u015famay\u0131 tercih etmesi dikkatlerden ka\u00e7mad\u0131. Esra Bilgi\u00e7 daha \u00f6nce Be\u015fikta\u015f&#8217;ta forma giyen G\u00f6khan T\u00f6re ile\u00a0 2017 evlenmi\u015fti.<\/p>\n<p>Ancak bu evlilik 2 y\u0131l s\u00fcrd\u00fc. Daha sonra Bilgi\u00e7 a\u015fk hayat\u0131ndan uzak durdu. \u015eimdilerde ise sosyal medyada iki Sabanc\u0131 \u00e7iftinin ne zaman evlenece\u011fi konu\u015fuluyor. Peki sizce Hakan Sabanc\u0131-Hande Er\u00e7el mi, Esra Bilgi\u00e7 ile Faruk Sabanc\u0131 m\u0131 daha \u00f6nce evlenir? Yan\u0131t i\u00e7in t\u0131klay\u0131n\u0131z!<\/p>\n","protected":false},"excerpt":{"rendered":"<p>Son g\u00fcnlerde pop\u00fcler olan \u00e7iftler aras\u0131nda yer alan Hande Er\u00e7el ile Hakan Sabanc\u0131 \u00e7iftine rakip Esra Bilgi\u00e7 ve Faruk Sabanc\u0131 \u00e7\u0131kt\u0131. G\u00f6zlerden uzak a\u015fk hayat\u0131n\u0131 s\u00fcrd\u00fcren \u00e7iftler sosyal medyada konu\u015fulmaya devam ediyor. HAKAN SABANCI-HANDE ER\u00c7EL M\u0130, FARUK SABANCI-ESRA B\u0130LG\u0130\u00c7 M\u0130? Kitle olarak bak\u0131ld\u0131\u011f\u0131nda Hande Er\u00e7el ve Hakan Sabanc\u0131 ne kadarda pop\u00fcler olsa, Esra Bilgi\u00e7 ve [&hellip;]<\/p>\n","protected":false},"author":24,"featured_media":96257,"comment_status":"closed","ping_status":"closed","sticky":false,"template":"","format":"standard","meta":{"rank_math_lock_modified_date":false,"footnotes":""},"categories":[2464],"tags":[],"class_list":["post-96252","post","type-post","status-publish","format-standard","has-post-thumbnail","hentry","category-forum"],"_links":{"self":[{"href":"https:\/\/www.tgrthaber.com\/mavikadin\/wp-json\/wp\/v2\/posts\/96252"}],"collection":[{"href":"https:\/\/www.tgrthaber.com\/mavikadin\/wp-json\/wp\/v2\/posts"}],"about":[{"href":"https:\/\/www.tgrthaber.com\/mavikadin\/wp-json\/wp\/v2\/types\/post"}],"author":[{"embeddable":true,"href":"https:\/\/www.tgrthaber.com\/mavikadin\/wp-json\/wp\/v2\/users\/24"}],"replies":[{"embeddable":true,"href":"https:\/\/www.tgrthaber.com\/mavikadin\/wp-json\/wp\/v2\/comments?post=96252"}],"version-history":[{"count":2,"href":"https:\/\/www.tgrthaber.com\/mavikadin\/wp-json\/wp\/v2\/posts\/96252\/revisions"}],"predecessor-version":[{"id":96259,"href":"https:\/\/www.tgrthaber.com\/mavikadin\/wp-json\/wp\/v2\/posts\/96252\/revisions\/96259"}],"wp:featuredmedia":[{"embeddable":true,"href":"https:\/\/www.tgrthaber.com\/mavikadin\/wp-json\/wp\/v2\/media\/96257"}],"wp:attachment":[{"href":"https:\/\/www.tgrthaber.com\/mavikadin\/wp-json\/wp\/v2\/media?parent=96252"}],"wp:term":[{"taxonomy":"category","embeddable":true,"href":"https:\/\/www.tgrthaber.com\/mavikadin\/wp-json\/wp\/v2\/categories?post=96252"},{"taxonomy":"post_tag","embeddable":true,"href":"https:\/\/www.tgrthaber.com\/mavikadin\/wp-json\/wp\/v2\/tags?post=96252"}],"curies":[{"name":"wp","href":"https:\/\/api.w.org\/{rel}","templated":true}]}}