{"id":96366,"date":"2024-11-21T19:01:59","date_gmt":"2024-11-21T16:01:59","guid":{"rendered":"https:\/\/www.tgrthaber.com\/mavikadin\/?p=96366"},"modified":"2024-11-21T19:02:00","modified_gmt":"2024-11-21T16:02:00","slug":"ruzgarli-tepe-dizisi-hangi-kanalda-ne-zaman-yayinlanacak-oyuncu-kadrosu-ve-konusu","status":"publish","type":"post","link":"https:\/\/www.tgrthaber.com\/mavikadin\/ruzgarli-tepe-dizisi-hangi-kanalda-ne-zaman-yayinlanacak-oyuncu-kadrosu-ve-konusu\/","title":{"rendered":"R\u00fczgarl\u0131 Tepe dizisi hangi kanalda, ne zaman yay\u0131nlanacak? Oyuncu kadrosu ve konusu"},"content":{"rendered":"<p>T\u00fcrk televizyon ekranlar\u0131nda f\u0131rt\u0131na gibi esen R\u00fczgarl\u0131 Tepe, a\u015fk, intikam ve bilinmezlik dolu bir hikaye ile izleyici kar\u015f\u0131s\u0131na \u00e7\u0131k\u0131yor. Kanal 7&#8217;de yay\u0131nlanan dizi, dikkat \u00e7ekici hikayesi ve g\u00fc\u00e7l\u00fc oyuncu kadrosuyla yak\u0131ndan takip ediliyor. R\u00fczgarl\u0131 Tepe oyuncu kadrosu, konusu ve yay\u0131n saatine dair t\u00fcm detaylar haberimizde.<\/p>\n<h3>R\u00dcZGARLI TEPE D\u0130Z\u0130S\u0130 KONUSU<\/h3>\n<p>R\u00fczgarl\u0131 Tepe dizisi konusu ve oyuncu kadrosu merak ediliyor. Dizinin merkezinde, ya\u015fad\u0131\u011f\u0131 kasaban\u0131n en zengin ailesinin k\u0131z\u0131 Zeynep ile ailesini kaybetmi\u015f ve hayat\u0131na intikam duygusuyla devam eden Halil&#8217;in imkans\u0131z a\u015fk hikayesi yer al\u0131yor. Halil ve Zeynep\u2019in yollar\u0131, zenginlik ve yoksullu\u011fun kesi\u015fti\u011fi bir noktada birle\u015firken, kar\u015f\u0131la\u015ft\u0131klar\u0131 zorluklar hem kendilerini hem de \u00e7evresindekileri etkiliyor. Tutkulu bir a\u015fk hikayesi ve intikam\u0131n olumsuz etkileri, ekran ba\u015f\u0131ndaki izleyicilere heyecan dolu anlar ya\u015fat\u0131yor.<\/p>\n<p><img loading=\"lazy\" decoding=\"async\" class=\"alignnone  wp-image-96367\" src=\"https:\/\/www.tgrthaber.com\/mavikadin\/wp-content\/uploads\/ruzgarlitepe-683x1024.webp\" alt=\"\" width=\"1110\" height=\"1665\" title=\"\" srcset=\"https:\/\/www.tgrthaber.com\/mavikadin\/wp-content\/uploads\/ruzgarlitepe-683x1024.webp 683w, https:\/\/www.tgrthaber.com\/mavikadin\/wp-content\/uploads\/ruzgarlitepe-200x300.webp 200w, https:\/\/www.tgrthaber.com\/mavikadin\/wp-content\/uploads\/ruzgarlitepe-768x1152.webp 768w, https:\/\/www.tgrthaber.com\/mavikadin\/wp-content\/uploads\/ruzgarlitepe.webp 960w\" sizes=\"(max-width: 1110px) 100vw, 1110px\" \/><\/p>\n<h3>R\u00dcZGARLI TEPE OYUNCU KADROSU<\/h3>\n<p>R\u00fczgarl\u0131 Tepe dizisinin ba\u015frollerinde, gen\u00e7 ku\u015fa\u011f\u0131n ba\u015far\u0131l\u0131 isimlerinden G\u00f6kberk Y\u0131ld\u0131r\u0131m ve Cemre Arda bulu\u015fuyor. Zeynep ve Halil karakterlerini oynayan ikiliye, Enes \u00d6zdemir, \u0130lkay G\u00fcz Bozkurt, Selma Kutlu\u011f, Dilek Aba, Sena Pehlivan, Zeynep Serpil Bozkurt, \u0130layda Sumak, Adem Bal, Hilal Kuvvet, Ezgi Dalg\u0131\u00e7, Sude Oduncu, Furkan Bozkurt, Serdar Yusuf \u015een, Tar\u0131k Tiryakio\u011flu, G\u00fcl\u015fah Susam, Ecem Y\u00fcce\u015fakar, Arda \u015eanl\u0131, Benan Y\u00fcce Verim, Eda Demirel ve Zeynep Dreyfi Zuhri gibi g\u00fc\u00e7l\u00fc yard\u0131mc\u0131 oyuncu kadrosu e\u015flik ediyor. Dizinin y\u00f6netmenli\u011fini ise O\u011fuz Can Denizhan ve Kubilay Ko\u00e7ak \u00fcstleniyor.<\/p>\n<h3>R\u00dcZGARLI TEPE D\u0130Z\u0130S\u0130 NEREDE \u00c7EK\u0130L\u0130YOR?<\/h3>\n<p>R\u00fczgarl\u0131 Tepe dizisinin nerede \u00e7ekildi\u011fi de merak edilen bir ba\u015fka konu. R\u00fczgarl\u0131 Tepe dizisinin \u00e7ekimleri \u0130stanbul&#8217;un Sar\u0131yer il\u00e7esinde ger\u00e7ekle\u015ftiriliyor. Sar\u0131yer&#8217;in farkl\u0131 semtlerinde yap\u0131lan \u00e7ekimlerle izleyicileri, sahnelerde hem duygusal hem de g\u00f6rsel a\u00e7\u0131dan etkisi alt\u0131na al\u0131yor.<\/p>\n<p><img loading=\"lazy\" decoding=\"async\" class=\"alignnone  wp-image-96368\" src=\"https:\/\/www.tgrthaber.com\/mavikadin\/wp-content\/uploads\/ruzgarli-tepe.png\" alt=\"\" width=\"1110\" height=\"1158\" title=\"\" srcset=\"https:\/\/www.tgrthaber.com\/mavikadin\/wp-content\/uploads\/ruzgarli-tepe.png 758w, https:\/\/www.tgrthaber.com\/mavikadin\/wp-content\/uploads\/ruzgarli-tepe-287x300.png 287w\" sizes=\"(max-width: 1110px) 100vw, 1110px\" \/><\/p>\n<h3>R\u00dcZGARLI TEPE YAYIN G\u00dcN\u00dc VE SAAT\u0130 DE\u011e\u0130\u015eT\u0130<\/h3>\n<p>R\u00fczgarl\u0131 Tepe&#8217;nin yay\u0131n g\u00fcn\u00fc de\u011fi\u015fti! Dizinin yeni b\u00f6l\u00fcm\u00fc ne zaman saat ka\u00e7ta? Unik Film ve Rains Pictures\u2019\u0131n ortak yap\u0131m\u0131 olan R\u00fczgarl\u0131 Tepe, yay\u0131n saatinde yap\u0131lan de\u011fi\u015fiklikle art\u0131k hafta sonlar\u0131 saat 19.00&#8217;da izleyicisiyle bulu\u015fuyor. Bu de\u011fi\u015fikli\u011fin ard\u0131ndan ayn\u0131 yap\u0131m \u015firketine ait olan Esaret dizisi ise hafta i\u00e7i ak\u015famlar\u0131 saat 21.15&#8217;te ekrana geliyor.<\/p>\n<h3>R\u00dcZGARLI TEPE YEN\u0130 B\u00d6L\u00dcMDE NELER OLACAK?<\/h3>\n<p>R\u00fczgarl\u0131 Tepe 154. b\u00f6l\u00fcm\u00fc ile ekrana gelecek. Dizinin yeni b\u00f6l\u00fcm\u00fcnde, Zeynep\u2019in kendi yeteneklerinden \u015f\u00fcphe etti\u011fi bir anda Halil\u2019in onu desteklemesiyle heyecanl\u0131 bir geli\u015fme ya\u015fan\u0131yor. Halil ve Zeynep\u2019in ortakl\u0131\u011f\u0131, hikayede yeni bir d\u00f6nemin kap\u0131s\u0131n\u0131 aralarken, Halil\u2019in Tekin\u2019e dair \u015f\u00fcpheleri R\u00fczgarl\u0131 Tepe&#8217;de gerilimi y\u00fckseltiyor. A\u015fk ve intikam\u0131n k\u0131yas\u0131ya \u00e7arp\u0131\u015ft\u0131\u011f\u0131 dizide, seyirciler merakla Zeynep ve Halil\u2019in gelecekte nelerle kar\u015f\u0131la\u015faca\u011f\u0131n\u0131 takip ediyor.<\/p>\n<p><img loading=\"lazy\" decoding=\"async\" class=\"alignnone  wp-image-96370\" src=\"https:\/\/www.tgrthaber.com\/mavikadin\/wp-content\/uploads\/ruzgarli-tepe-nerede-cekiliyor.png\" alt=\"\" width=\"1134\" height=\"778\" title=\"\" srcset=\"https:\/\/www.tgrthaber.com\/mavikadin\/wp-content\/uploads\/ruzgarli-tepe-nerede-cekiliyor.png 950w, https:\/\/www.tgrthaber.com\/mavikadin\/wp-content\/uploads\/ruzgarli-tepe-nerede-cekiliyor-300x206.png 300w, https:\/\/www.tgrthaber.com\/mavikadin\/wp-content\/uploads\/ruzgarli-tepe-nerede-cekiliyor-768x527.png 768w\" sizes=\"(max-width: 1134px) 100vw, 1134px\" \/><\/p>\n<h3>R\u00dcZGARLI TEPE YEN\u0130 B\u00d6L\u00dcM NE ZAMAN YAYINLANACAK?<\/h3>\n<p>R\u00fczgarl\u0131 Tepe yeni b\u00f6l\u00fcm\u00fcyle 23 Kas\u0131m Cumartesi g\u00fcn\u00fc saat 19.00&#8217;da Kanal 7 ekranlar\u0131nda olacak.<\/p>\n","protected":false},"excerpt":{"rendered":"<p>R\u00fczgarl\u0131 Tepe dizisi, Zeynep ve Halil&#8217;in imkans\u0131z a\u015fk hikayesini izleyiciye aktar\u0131yor. Kanal 7&#8217;de yay\u0131nlanan a\u015fk, intikam ve tutku dolu anlara sahne olan dizide Cemre Arda, G\u00f6kberk Y\u0131ld\u0131r\u0131m gibi ba\u015far\u0131l\u0131 oyuncular yer al\u0131yor. Peki R\u00fczgarl\u0131 Tepe dizisi hangi kanalda, ne zaman yay\u0131nlanacak? Konusu ve oyuncu kadrosu&#8230;<\/p>\n","protected":false},"author":4,"featured_media":96373,"comment_status":"closed","ping_status":"closed","sticky":false,"template":"","format":"standard","meta":{"rank_math_lock_modified_date":false,"footnotes":""},"categories":[602],"tags":[2546,2547,2548,2544,2545],"class_list":["post-96366","post","type-post","status-publish","format-standard","has-post-thumbnail","hentry","category-diziler","tag-cemre-arda","tag-gokberk-yildirim","tag-kanal-7","tag-ruzgarli-tepe","tag-yayin-gunu"],"_links":{"self":[{"href":"https:\/\/www.tgrthaber.com\/mavikadin\/wp-json\/wp\/v2\/posts\/96366"}],"collection":[{"href":"https:\/\/www.tgrthaber.com\/mavikadin\/wp-json\/wp\/v2\/posts"}],"about":[{"href":"https:\/\/www.tgrthaber.com\/mavikadin\/wp-json\/wp\/v2\/types\/post"}],"author":[{"embeddable":true,"href":"https:\/\/www.tgrthaber.com\/mavikadin\/wp-json\/wp\/v2\/users\/4"}],"replies":[{"embeddable":true,"href":"https:\/\/www.tgrthaber.com\/mavikadin\/wp-json\/wp\/v2\/comments?post=96366"}],"version-history":[{"count":2,"href":"https:\/\/www.tgrthaber.com\/mavikadin\/wp-json\/wp\/v2\/posts\/96366\/revisions"}],"predecessor-version":[{"id":96382,"href":"https:\/\/www.tgrthaber.com\/mavikadin\/wp-json\/wp\/v2\/posts\/96366\/revisions\/96382"}],"wp:featuredmedia":[{"embeddable":true,"href":"https:\/\/www.tgrthaber.com\/mavikadin\/wp-json\/wp\/v2\/media\/96373"}],"wp:attachment":[{"href":"https:\/\/www.tgrthaber.com\/mavikadin\/wp-json\/wp\/v2\/media?parent=96366"}],"wp:term":[{"taxonomy":"category","embeddable":true,"href":"https:\/\/www.tgrthaber.com\/mavikadin\/wp-json\/wp\/v2\/categories?post=96366"},{"taxonomy":"post_tag","embeddable":true,"href":"https:\/\/www.tgrthaber.com\/mavikadin\/wp-json\/wp\/v2\/tags?post=96366"}],"curies":[{"name":"wp","href":"https:\/\/api.w.org\/{rel}","templated":true}]}}