{"id":96397,"date":"2024-11-21T20:22:43","date_gmt":"2024-11-21T17:22:43","guid":{"rendered":"https:\/\/www.tgrthaber.com\/mavikadin\/?p=96397"},"modified":"2024-11-21T20:22:43","modified_gmt":"2024-11-21T17:22:43","slug":"masterchef-onur-ve-semih-kavga-etti-ortalik-fena-karisti","status":"publish","type":"post","link":"https:\/\/www.tgrthaber.com\/mavikadin\/masterchef-onur-ve-semih-kavga-etti-ortalik-fena-karisti\/","title":{"rendered":"MasterChef Onur ve Semih kavga etti! Ortal\u0131k fena kar\u0131\u015ft\u0131"},"content":{"rendered":"<p class=\"p1\">TV8\u2019in en sevilen yar\u0131\u015fma programlar\u0131ndan biri olan TV8\u2019in en sevilen yar\u0131\u015fma programlar\u0131ndan biri olan MasterChef<i> T\u00fcrkiye<\/i>\u2019de heyecan giderek art\u0131yor. Bu ak\u015fam ekrana gelecek yeni b\u00f6l\u00fcmde, K\u0131rm\u0131z\u0131 ve Mavi tak\u0131m dokunulmazl\u0131k i\u00e7in mutfakta k\u0131yas\u0131ya bir m\u00fccadeleye giri\u015fecek. Rekabetin dozu y\u00fckselirken, yay\u0131nlanan fragman izleyicilerde merak uyand\u0131rd\u0131. Fragmandaki en dikkat \u00e7ekici an ise Onur ile Semih aras\u0131nda ya\u015fanan gerginlik oldu. \u0130kilinin tart\u0131\u015fmas\u0131, ekran ba\u015f\u0131ndaki izleyicilere heyecan\u0131\u00a0 y\u00fcksek dakikalar vaat ediyor. Hangi tak\u0131m\u0131n dokunulmazl\u0131\u011f\u0131 kazanaca\u011f\u0131 ve bu gerilimin nas\u0131l sonu\u00e7lanaca\u011f\u0131 b\u00fcy\u00fck bir merak konusu. MasterChef T\u00fcrkiye&#8217;de , bu b\u00f6l\u00fcmde de nefes kesen anlar ya\u015fanacak gibi g\u00f6r\u00fcn\u00fcyor.<span class=\"Apple-converted-space\">\u00a0<\/span><\/p>\n<h3 class=\"p1\">MASTERCHEF T\u00dcRK\u0130YE&#8217;DE ONUR VE SEM\u0130H KAVGA MI ETT\u0130?<\/h3>\n<p class=\"p1\">Haftalar ilerledik\u00e7e MasterChef T\u00fcrkiye\u2019de rekabet giderek k\u0131z\u0131\u015f\u0131yor. Mutfakta sergilenen \u00fcst\u00fcn performanslar\u0131n yan\u0131 s\u0131ra yar\u0131\u015fmac\u0131lar aras\u0131ndaki ili\u015fkiler de izleyicilerin dikkatini \u00e7ekiyor. Yay\u0131nlanan son fragmanda, Onur ve Semih aras\u0131nda ya\u015fanan gerginlik adeta sosyal medyan\u0131n g\u00fcndemine oturdu. Tart\u0131\u015fman\u0131n boyutu ve perde arkas\u0131nda neler ya\u015fand\u0131\u011f\u0131 merak konusu olurken, bu sahneler yar\u0131\u015fmadaki tansiyonun ne kadar y\u00fcksek oldu\u011funu bir kez daha g\u00f6zler \u00f6n\u00fcne serdi. Hem mutfakta hem de mutfak d\u0131\u015f\u0131nda ya\u015fanan bu olaylar, izleyicilere unutulmaz bir b\u00f6l\u00fcm daha vaat ediyor.<\/p>\n<p><img loading=\"lazy\" decoding=\"async\" class=\"alignnone wp-image-96400 size-full\" src=\"https:\/\/www.tgrthaber.com\/mavikadin\/wp-content\/uploads\/MasterChef-Onur-ve-Semih-kavga-etti-Ortalik-fena-karisti-.png\" alt=\"masterchef kavga\" width=\"1920\" height=\"1080\" title=\"\" srcset=\"https:\/\/www.tgrthaber.com\/mavikadin\/wp-content\/uploads\/MasterChef-Onur-ve-Semih-kavga-etti-Ortalik-fena-karisti-.png 1920w, https:\/\/www.tgrthaber.com\/mavikadin\/wp-content\/uploads\/MasterChef-Onur-ve-Semih-kavga-etti-Ortalik-fena-karisti--300x169.png 300w, https:\/\/www.tgrthaber.com\/mavikadin\/wp-content\/uploads\/MasterChef-Onur-ve-Semih-kavga-etti-Ortalik-fena-karisti--1024x576.png 1024w, https:\/\/www.tgrthaber.com\/mavikadin\/wp-content\/uploads\/MasterChef-Onur-ve-Semih-kavga-etti-Ortalik-fena-karisti--768x432.png 768w, https:\/\/www.tgrthaber.com\/mavikadin\/wp-content\/uploads\/MasterChef-Onur-ve-Semih-kavga-etti-Ortalik-fena-karisti--1536x864.png 1536w\" sizes=\"(max-width: 1920px) 100vw, 1920px\" \/><\/p>\n<h3><strong>ONUR VE SEM\u0130H NEDEN KAVGA ETT\u0130?<\/strong><\/h3>\n<p class=\"p1\">Fragmanda, Onur ve Semih aras\u0131nda ya\u015fanan gerginli\u011fin nedeni netle\u015fmese de dikkat \u00e7eken bir diyalog izleyicilerin ilgisini \u00e7ekti. Semih\u2019in Onur\u2019a \u201cBo\u015f yapma\u201d demesiyle ba\u015flayan tart\u0131\u015fmada, Onur\u2019un bu s\u00f6zler kar\u015f\u0131s\u0131nda sert bir tepki g\u00f6sterip Semih\u2019in \u00fczerine y\u00fcr\u00fcd\u00fc\u011f\u00fc g\u00f6r\u00fcld\u00fc. Olay\u0131n devam\u0131nda neler ya\u015fanaca\u011f\u0131 ve bu gerilimin tak\u0131mlara nas\u0131l yans\u0131yaca\u011f\u0131 merak konusu. MasterChef T\u00fcrkiye, t\u00fcm bu heyecan dolu anlar\u0131yla bu ak\u015fam saat 20.00\u2019de izleyicisiyle bulu\u015facak.<\/p>\n<h3><b>MASTERCHEF ONUR \u00dcRES\u0130N K\u0130MD\u0130R?<span class=\"Apple-converted-space\">\u00a0<\/span><\/b><\/h3>\n<p class=\"p1\">MasterChef T\u00fcrkiye\u2019nin dikkat \u00e7eken yar\u0131\u015fmac\u0131lar\u0131ndan Onur \u00dcresin, a\u015f\u00e7\u0131l\u0131k kariyerine hen\u00fcz 16 ya\u015f\u0131nda ad\u0131m atm\u0131\u015f bir isim. Turizm Otelcilik b\u00f6l\u00fcm\u00fc mezunu olan Onur, 19 ya\u015f\u0131ndan bu yana \u0130ngiltere\u2019de ya\u015f\u0131yor. 31 ya\u015f\u0131ndaki yar\u0131\u015fmac\u0131, gen\u00e7 ya\u015fta kat\u0131ld\u0131\u011f\u0131 liseler aras\u0131 a\u015f\u00e7\u0131l\u0131k yar\u0131\u015fmas\u0131nda g\u00fcm\u00fc\u015f madalya kazanarak yetene\u011fini erken d\u00f6nemde kan\u0131tlam\u0131\u015f.<\/p>\n<p><img loading=\"lazy\" decoding=\"async\" class=\"alignnone wp-image-96401 size-full\" src=\"https:\/\/www.tgrthaber.com\/mavikadin\/wp-content\/uploads\/MasterChef-Onur-ve-Semih-kavga-etti-Ortalik-fena-karisti-2.png\" alt=\"masterchef kavga\" width=\"1920\" height=\"1080\" title=\"\" srcset=\"https:\/\/www.tgrthaber.com\/mavikadin\/wp-content\/uploads\/MasterChef-Onur-ve-Semih-kavga-etti-Ortalik-fena-karisti-2.png 1920w, https:\/\/www.tgrthaber.com\/mavikadin\/wp-content\/uploads\/MasterChef-Onur-ve-Semih-kavga-etti-Ortalik-fena-karisti-2-300x169.png 300w, https:\/\/www.tgrthaber.com\/mavikadin\/wp-content\/uploads\/MasterChef-Onur-ve-Semih-kavga-etti-Ortalik-fena-karisti-2-1024x576.png 1024w, https:\/\/www.tgrthaber.com\/mavikadin\/wp-content\/uploads\/MasterChef-Onur-ve-Semih-kavga-etti-Ortalik-fena-karisti-2-768x432.png 768w, https:\/\/www.tgrthaber.com\/mavikadin\/wp-content\/uploads\/MasterChef-Onur-ve-Semih-kavga-etti-Ortalik-fena-karisti-2-1536x864.png 1536w\" sizes=\"(max-width: 1920px) 100vw, 1920px\" \/><\/p>\n<p class=\"p1\">Profesyonel kariyerinde &#8220;flying \u015fef&#8221; olarak g\u00f6rev alan Onur, bu deneyimin ard\u0131ndan \u00e7e\u015fitli mutfaklarda \u00e7al\u0131\u015farak kendini geli\u015ftirmi\u015f. Sosyal medyada da aktif olan yar\u0131\u015fmac\u0131, Instagram\u2019da 231 bin takip\u00e7iye sahip. Yar\u0131\u015fmadaki azmi ve deneyimiyle dikkat \u00e7eken Onur \u00dcresin, MasterChef T\u00fcrkiye\u2019nin iddial\u0131 isimlerinden biri olmaya devam ediyor.<\/p>\n<p><img loading=\"lazy\" decoding=\"async\" class=\"alignnone wp-image-96403 size-full\" src=\"https:\/\/www.tgrthaber.com\/mavikadin\/wp-content\/uploads\/MasterChef-Onur-ve-Semih-kavga-etti-Ortalik-fena-karisti-3.png\" alt=\"masterchef kavga \" width=\"1920\" height=\"1080\" title=\"\" srcset=\"https:\/\/www.tgrthaber.com\/mavikadin\/wp-content\/uploads\/MasterChef-Onur-ve-Semih-kavga-etti-Ortalik-fena-karisti-3.png 1920w, https:\/\/www.tgrthaber.com\/mavikadin\/wp-content\/uploads\/MasterChef-Onur-ve-Semih-kavga-etti-Ortalik-fena-karisti-3-300x169.png 300w, https:\/\/www.tgrthaber.com\/mavikadin\/wp-content\/uploads\/MasterChef-Onur-ve-Semih-kavga-etti-Ortalik-fena-karisti-3-1024x576.png 1024w, https:\/\/www.tgrthaber.com\/mavikadin\/wp-content\/uploads\/MasterChef-Onur-ve-Semih-kavga-etti-Ortalik-fena-karisti-3-768x432.png 768w, https:\/\/www.tgrthaber.com\/mavikadin\/wp-content\/uploads\/MasterChef-Onur-ve-Semih-kavga-etti-Ortalik-fena-karisti-3-1536x864.png 1536w\" sizes=\"(max-width: 1920px) 100vw, 1920px\" \/><\/p>\n<h3 class=\"p3\"><b>MASTERCHEF SEM\u0130HCAN TEM\u0130Z K\u0130MD\u0130R?<\/b><\/h3>\n<p class=\"p1\">Semihcan Temiz, aslen Mersinli olup <i>MasterChef T\u00fcrkiye<\/i>\u2019ye Maldivler\u2019den kat\u0131lmas\u0131yla dikkat \u00e7ekiyor. Kariyerinde Karada\u011f ve Dubai gibi farkl\u0131 \u00fclkelerde \u00e7al\u0131\u015farak yurt d\u0131\u015f\u0131 tecr\u00fcbesini zenginle\u015ftiren Semihcan, mutfak konusundaki yetene\u011fini global bir perspektifle birle\u015ftirdi.<span class=\"Apple-converted-space\">\u00a0<\/span><\/p>\n<p class=\"p1\">\u00dcniversitede \u0130\u015fletme b\u00f6l\u00fcm\u00fcnde \u00f6\u011frenim g\u00f6r\u00fcrken, \u00fc\u00e7\u00fcnc\u00fc s\u0131n\u0131fta e\u011fitimine ara vererek a\u015f\u00e7\u0131l\u0131k alan\u0131nda kendini geli\u015ftirme karar\u0131 ald\u0131. Semihcan, bu cesur ad\u0131m\u0131yla hem mesleki bilgi birikimini art\u0131rd\u0131 hem de mutfak sanatlar\u0131na olan tutkusunu bir ya\u015fam bi\u00e7imine d\u00f6n\u00fc\u015ft\u00fcrd\u00fc. Yar\u0131\u015fmada bu birikimiyle \u00f6ne \u00e7\u0131kmay\u0131 hedefliyor.<\/p>\n<p><img loading=\"lazy\" decoding=\"async\" class=\"alignnone wp-image-96406 size-full\" src=\"https:\/\/www.tgrthaber.com\/mavikadin\/wp-content\/uploads\/MasterChef-Onur.-ve-Semih-kavga-etti-Ortalik-fena-karisti-.png\" alt=\"masterchef kavga \" width=\"1920\" height=\"1080\" title=\"\" srcset=\"https:\/\/www.tgrthaber.com\/mavikadin\/wp-content\/uploads\/MasterChef-Onur.-ve-Semih-kavga-etti-Ortalik-fena-karisti-.png 1920w, https:\/\/www.tgrthaber.com\/mavikadin\/wp-content\/uploads\/MasterChef-Onur.-ve-Semih-kavga-etti-Ortalik-fena-karisti--300x169.png 300w, https:\/\/www.tgrthaber.com\/mavikadin\/wp-content\/uploads\/MasterChef-Onur.-ve-Semih-kavga-etti-Ortalik-fena-karisti--1024x576.png 1024w, https:\/\/www.tgrthaber.com\/mavikadin\/wp-content\/uploads\/MasterChef-Onur.-ve-Semih-kavga-etti-Ortalik-fena-karisti--768x432.png 768w, https:\/\/www.tgrthaber.com\/mavikadin\/wp-content\/uploads\/MasterChef-Onur.-ve-Semih-kavga-etti-Ortalik-fena-karisti--1536x864.png 1536w\" sizes=\"(max-width: 1920px) 100vw, 1920px\" \/><\/p>\n<p class=\"p1\">\n<p class=\"p1\">\n","protected":false},"excerpt":{"rendered":"<p>MasterChef T\u00fcrkiye\u2019de rekabet t\u0131rman\u0131yor! K\u0131rm\u0131z\u0131 ve Mavi tak\u0131m dokunulmazl\u0131k i\u00e7in kozlar\u0131n\u0131 payla\u015f\u0131rken, Onur ve Semih aras\u0131ndaki gerginlik fragmana damga vurdu. \u0130zleyiciler \u2018MasterChef Onur Semih neden kavga etti?\u2019 sorusunun cevab\u0131n\u0131 ar\u0131yor. Bu ak\u015fam saat 20.00\u2019de ekran ba\u015f\u0131nda tansiyon yine dorukta olacak! <\/p>\n","protected":false},"author":16,"featured_media":96409,"comment_status":"closed","ping_status":"closed","sticky":false,"template":"","format":"standard","meta":{"rank_math_lock_modified_date":false,"footnotes":""},"categories":[76],"tags":[2564,2563],"class_list":["post-96397","post","type-post","status-publish","format-standard","has-post-thumbnail","hentry","category-magazin","tag-masterchef-kavga","tag-masterchef-semih-onur-kavga"],"_links":{"self":[{"href":"https:\/\/www.tgrthaber.com\/mavikadin\/wp-json\/wp\/v2\/posts\/96397"}],"collection":[{"href":"https:\/\/www.tgrthaber.com\/mavikadin\/wp-json\/wp\/v2\/posts"}],"about":[{"href":"https:\/\/www.tgrthaber.com\/mavikadin\/wp-json\/wp\/v2\/types\/post"}],"author":[{"embeddable":true,"href":"https:\/\/www.tgrthaber.com\/mavikadin\/wp-json\/wp\/v2\/users\/16"}],"replies":[{"embeddable":true,"href":"https:\/\/www.tgrthaber.com\/mavikadin\/wp-json\/wp\/v2\/comments?post=96397"}],"version-history":[{"count":1,"href":"https:\/\/www.tgrthaber.com\/mavikadin\/wp-json\/wp\/v2\/posts\/96397\/revisions"}],"predecessor-version":[{"id":96410,"href":"https:\/\/www.tgrthaber.com\/mavikadin\/wp-json\/wp\/v2\/posts\/96397\/revisions\/96410"}],"wp:featuredmedia":[{"embeddable":true,"href":"https:\/\/www.tgrthaber.com\/mavikadin\/wp-json\/wp\/v2\/media\/96409"}],"wp:attachment":[{"href":"https:\/\/www.tgrthaber.com\/mavikadin\/wp-json\/wp\/v2\/media?parent=96397"}],"wp:term":[{"taxonomy":"category","embeddable":true,"href":"https:\/\/www.tgrthaber.com\/mavikadin\/wp-json\/wp\/v2\/categories?post=96397"},{"taxonomy":"post_tag","embeddable":true,"href":"https:\/\/www.tgrthaber.com\/mavikadin\/wp-json\/wp\/v2\/tags?post=96397"}],"curies":[{"name":"wp","href":"https:\/\/api.w.org\/{rel}","templated":true}]}}