{"id":96420,"date":"2024-11-21T21:57:16","date_gmt":"2024-11-21T18:57:16","guid":{"rendered":"https:\/\/www.tgrthaber.com\/mavikadin\/?p=96420"},"modified":"2024-11-22T01:55:33","modified_gmt":"2024-11-21T22:55:33","slug":"annem-ankara-dizisinin-hikayesini-anlatan-isim-unlu-oyuncu-cikti","status":"publish","type":"post","link":"https:\/\/www.tgrthaber.com\/mavikadin\/annem-ankara-dizisinin-hikayesini-anlatan-isim-unlu-oyuncu-cikti\/","title":{"rendered":"Annem Ankara dizisinin hikayesini anlatan isim \u00fcnl\u00fc oyuncu \u00e7\u0131kt\u0131"},"content":{"rendered":"<p>Kanal D ekranlar\u0131nda \u00c7ar\u015famba ak\u015fam\u0131 yay\u0131nlanmaya ba\u015flayan Annem Ankara dizisi, 90\u2019l\u0131 y\u0131llarda Ankara&#8217;n\u0131n atmosferinde bir ailenin dram dolu hikayesini konu alarak b\u00fcy\u00fck be\u011feni toplad\u0131. Ba\u015frollerini Berg\u00fczar Korel ve Mehmet G\u00fcns\u00fcr\u2019\u00fcn payla\u015ft\u0131\u011f\u0131 dizinin en dikkat \u00e7eken \u00f6zelliklerinden biri, hikayeyi anlatan seslendirmenin kimli\u011fi oldu. Dizide hikayesiyle etkileyen bu sesin, tan\u0131d\u0131k bir isme ait oldu\u011fu ise izleyicileri \u015fa\u015f\u0131rtt\u0131. Annem Ankara dizisinin hikayesini anlatan sesin sahibi \u00fcnl\u00fc oyuncu Okan Yalab\u0131k\u2019t\u0131. Peki Kanal D&#8217;de yay\u0131nlanan Annem Ankara dizisinin hikayesini seslendiren \u00fcnl\u00fc oyuncu Okan Yalab\u0131k kimdir?<\/p>\n<h3>ANNEM ANKARA D\u0130Z\u0130S\u0130NDE H\u0130KAYEY\u0130 ANLATAN SES\u0130N SAH\u0130B\u0130 OKAN YALABIK \u00c7IKTI<\/h3>\n<p>Berg\u00fczar Korel ve Mehmet G\u00fcns\u00fcr&#8217;\u00fc bulu\u015fturan Annem Ankara dizisinde hikaye, Zuhal\u2019in \u00fc\u00e7 o\u011flundan en b\u00fcy\u00fc\u011f\u00fc olan Hasan taraf\u0131ndan izleyiciye aktar\u0131l\u0131yor. Bu hikayeyi anlatan sesin, \u00fcnl\u00fc oyuncu Okan Yalab\u0131k\u2019a ait oldu\u011fu ortaya \u00e7\u0131kt\u0131. Yalab\u0131k, fiziksel olarak dizide yer almasa da sesiyle dizinin hikayesinin duygusall\u0131\u011f\u0131na \u00f6nemli bir katk\u0131 sa\u011flad\u0131.<\/p>\n<p><img loading=\"lazy\" decoding=\"async\" class=\"alignnone wp-image-96425\" src=\"https:\/\/www.tgrthaber.com\/mavikadin\/wp-content\/uploads\/Ekran-goruntusu-2024-11-21-215132.png\" alt=\"\" width=\"1124\" height=\"629\" title=\"\" srcset=\"https:\/\/www.tgrthaber.com\/mavikadin\/wp-content\/uploads\/Ekran-goruntusu-2024-11-21-215132.png 827w, https:\/\/www.tgrthaber.com\/mavikadin\/wp-content\/uploads\/Ekran-goruntusu-2024-11-21-215132-300x168.png 300w, https:\/\/www.tgrthaber.com\/mavikadin\/wp-content\/uploads\/Ekran-goruntusu-2024-11-21-215132-768x430.png 768w\" sizes=\"(max-width: 1124px) 100vw, 1124px\" \/><\/p>\n<h3>ANNEM ANKARA&#8217;DA SADECE SES\u0130YLE YER ALAN OKAN YALABIK K\u0130MD\u0130R?<\/h3>\n<p>Okan Yalab\u0131k, 1978 y\u0131l\u0131nda \u0130stanbul\u2019da do\u011fdu. Bal\u0131kesirli bir ailenin ikinci \u00e7ocu\u011fu olan Yalab\u0131k, ilk kez oyunculu\u011fa olan ilgisini \u00e7ocukluk y\u0131llar\u0131nda ke\u015ffetti. Ortaokul y\u0131llar\u0131nda Ferhan \u015eensoy\u2019un Ferhangi \u015eeyler adl\u0131 tek ki\u015filik oyununu dinleyerek oyunculukla tan\u0131\u015fan Yalab\u0131k, \u00fcniversiteyi \u0130stanbul \u00dcniversitesi Devlet Konservatuvar\u0131 Tiyatro B\u00f6l\u00fcm\u00fcnde tamamlad\u0131.<\/p>\n<p>Yalab\u0131k, tiyatro sahnesine ilk ad\u0131m\u0131n\u0131 1998 y\u0131l\u0131nda Kenter Tiyatrosu\u2019nda Mart\u0131 adl\u0131 oyunla att\u0131. Ayr\u0131ca, S\u0131r\u00e7a K\u00fcmes, N\u00fckte ve \u0130nishmorelu Y\u00fczba\u015f\u0131 gibi \u00f6nemli yap\u0131mlarda da rol ald\u0131. 2006\u2019da \u015eu K\u0131\u015flan\u0131n Kap\u0131s\u0131na adl\u0131 t\u00fcrk\u00fcye \u00e7ekilen klipte yer ald\u0131. Sinemada da ba\u015far\u0131l\u0131 bir kariyere sahip olan Yalab\u0131k, G\u00fcl\u00fcm ve Kolay Para gibi filmlerle dikkatleri \u00fczerine \u00e7ekti.<\/p>\n<p><img loading=\"lazy\" decoding=\"async\" class=\"alignnone wp-image-96424\" src=\"https:\/\/www.tgrthaber.com\/mavikadin\/wp-content\/uploads\/okan.png\" alt=\"\" width=\"1133\" height=\"670\" title=\"\" srcset=\"https:\/\/www.tgrthaber.com\/mavikadin\/wp-content\/uploads\/okan.png 812w, https:\/\/www.tgrthaber.com\/mavikadin\/wp-content\/uploads\/okan-300x177.png 300w, https:\/\/www.tgrthaber.com\/mavikadin\/wp-content\/uploads\/okan-768x454.png 768w\" sizes=\"(max-width: 1133px) 100vw, 1133px\" \/><\/p>\n<h3>MUHTE\u015eEM Y\u00dcZYIL&#8217;LA YILDIZI PARLADI<\/h3>\n<p>Okan Yalab\u0131k, 2011 y\u0131l\u0131nda Muhte\u015fem Y\u00fczy\u0131l dizisinde Pargal\u0131 \u0130brahim Pa\u015fa karakteriyle b\u00fcy\u00fck bir \u00e7\u0131k\u0131\u015f yakalad\u0131. Bu rol, Okan Yalab\u0131k&#8217;\u0131n hayran kitlesini katlad\u0131. Dizideki performans\u0131, ad\u0131ndan s\u00f6z ettirdi\u011fi kadar, senaryo anlat\u0131c\u0131s\u0131 olarak kat\u0131ld\u0131\u011f\u0131 b\u00f6l\u00fcmleriyle de ilgi uyand\u0131rd\u0131.<\/p>\n<p>Animasyon filmi Kung Fu Panda 3&#8217;te Po\u2019yu seslendiren Yalab\u0131k, ayn\u0131 y\u0131l K\u00f6t\u00fc Kedi \u015eerafettin gibi \u00f6nemli projelere imza att\u0131. Ayr\u0131ca, video oyunlar\u0131na olan katk\u0131lar\u0131 da dikkat \u00e7ekiciydi; Uncharted 3: Drake&#8217;s Deception adl\u0131 oyunda Nathan Drake karakterini seslendirdi.<\/p>\n<p><img loading=\"lazy\" decoding=\"async\" class=\"alignnone wp-image-96423\" src=\"https:\/\/www.tgrthaber.com\/mavikadin\/wp-content\/uploads\/Ekran-goruntusu-2024-11-21-214110.png\" alt=\"\" width=\"1133\" height=\"674\" title=\"\" srcset=\"https:\/\/www.tgrthaber.com\/mavikadin\/wp-content\/uploads\/Ekran-goruntusu-2024-11-21-214110.png 597w, https:\/\/www.tgrthaber.com\/mavikadin\/wp-content\/uploads\/Ekran-goruntusu-2024-11-21-214110-300x178.png 300w\" sizes=\"(max-width: 1133px) 100vw, 1133px\" \/><\/p>\n<p>Yalab\u0131k, Y\u0131lan Hik\u00e2yesi, Hat\u0131rla Sevgili, Serseri gibi televizyon dizilerinin yan\u0131 s\u0131ra, Av Mevsimi gibi sinema filmlerinde de yer ald\u0131. Av Mevsimi filmindeki Hasan karakteri ile &#8220;En \u0130yi Yard\u0131mc\u0131 Erkek Oyuncu&#8221; \u00f6d\u00fcl\u00fcne lay\u0131k g\u00f6r\u00fcld\u00fc.<\/p>\n<p>Okan Yalab\u0131k\u2019\u0131n kariyerindeki en \u00f6nemli \u00f6zelliklerden biri de seslendirme \u00e7al\u0131\u015fmalar\u0131na verdi\u011fi \u00f6nemdir. Animasyon filminden reklamlara kadar geni\u015f bir yelpazeye sahip olan Yalab\u0131k, \u00f6zellikle karakterlere katt\u0131\u011f\u0131 duygu ile tan\u0131n\u0131r. Annem Ankara dizisinin hikayesini seslendirmesi, bu y\u00f6n\u00fcn\u00fc bir kez daha g\u00f6zler \u00f6n\u00fcne serdi.<\/p>\n<p><img loading=\"lazy\" decoding=\"async\" class=\"alignnone wp-image-96426\" src=\"https:\/\/www.tgrthaber.com\/mavikadin\/wp-content\/uploads\/Ekran-goruntusu-2024-11-21-215059.png\" alt=\"\" width=\"1135\" height=\"622\" title=\"\" srcset=\"https:\/\/www.tgrthaber.com\/mavikadin\/wp-content\/uploads\/Ekran-goruntusu-2024-11-21-215059.png 825w, https:\/\/www.tgrthaber.com\/mavikadin\/wp-content\/uploads\/Ekran-goruntusu-2024-11-21-215059-300x164.png 300w, https:\/\/www.tgrthaber.com\/mavikadin\/wp-content\/uploads\/Ekran-goruntusu-2024-11-21-215059-768x421.png 768w\" sizes=\"(max-width: 1135px) 100vw, 1135px\" \/><\/p>\n","protected":false},"excerpt":{"rendered":"<p>Berg\u00fczar Korel ve Mehmet G\u00fcns\u00fcr&#8217;\u00fcn ba\u015frollerini payla\u015ft\u0131\u011f\u0131 Annem Ankara dizisinde, hikayeyi anlatan sesin sahibi \u00fcnl\u00fc oyuncu Okan Yalab\u0131k \u00e7\u0131kt\u0131. Annem Ankara dizisinin hikayesini seslendiren \u00fcnl\u00fc oyuncu Okan Yalab\u0131k kimdir, ka\u00e7 ya\u015f\u0131nda? Okan Yalab\u0131k ve Annem Ankara dizisiyle ilgili merak edilenler haberimizde!<\/p>\n","protected":false},"author":4,"featured_media":96422,"comment_status":"closed","ping_status":"closed","sticky":false,"template":"","format":"standard","meta":{"rank_math_lock_modified_date":false,"footnotes":""},"categories":[602],"tags":[2459,2565,2461,2460,2566],"class_list":["post-96420","post","type-post","status-publish","format-standard","has-post-thumbnail","hentry","category-diziler","tag-annem-ankara","tag-annem-ankara-dizi","tag-berguzar-korel","tag-mehmet-gunsur","tag-okan-yalabik"],"_links":{"self":[{"href":"https:\/\/www.tgrthaber.com\/mavikadin\/wp-json\/wp\/v2\/posts\/96420"}],"collection":[{"href":"https:\/\/www.tgrthaber.com\/mavikadin\/wp-json\/wp\/v2\/posts"}],"about":[{"href":"https:\/\/www.tgrthaber.com\/mavikadin\/wp-json\/wp\/v2\/types\/post"}],"author":[{"embeddable":true,"href":"https:\/\/www.tgrthaber.com\/mavikadin\/wp-json\/wp\/v2\/users\/4"}],"replies":[{"embeddable":true,"href":"https:\/\/www.tgrthaber.com\/mavikadin\/wp-json\/wp\/v2\/comments?post=96420"}],"version-history":[{"count":3,"href":"https:\/\/www.tgrthaber.com\/mavikadin\/wp-json\/wp\/v2\/posts\/96420\/revisions"}],"predecessor-version":[{"id":96521,"href":"https:\/\/www.tgrthaber.com\/mavikadin\/wp-json\/wp\/v2\/posts\/96420\/revisions\/96521"}],"wp:featuredmedia":[{"embeddable":true,"href":"https:\/\/www.tgrthaber.com\/mavikadin\/wp-json\/wp\/v2\/media\/96422"}],"wp:attachment":[{"href":"https:\/\/www.tgrthaber.com\/mavikadin\/wp-json\/wp\/v2\/media?parent=96420"}],"wp:term":[{"taxonomy":"category","embeddable":true,"href":"https:\/\/www.tgrthaber.com\/mavikadin\/wp-json\/wp\/v2\/categories?post=96420"},{"taxonomy":"post_tag","embeddable":true,"href":"https:\/\/www.tgrthaber.com\/mavikadin\/wp-json\/wp\/v2\/tags?post=96420"}],"curies":[{"name":"wp","href":"https:\/\/api.w.org\/{rel}","templated":true}]}}