{"id":96463,"date":"2024-11-21T23:50:27","date_gmt":"2024-11-21T20:50:27","guid":{"rendered":"https:\/\/www.tgrthaber.com\/mavikadin\/?p=96463"},"modified":"2024-11-21T23:50:27","modified_gmt":"2024-11-21T20:50:27","slug":"siyah-kalpte-firtina-dinmiyor-sevilayin-sozleri-sosyal-medyayi-salladi","status":"publish","type":"post","link":"https:\/\/www.tgrthaber.com\/mavikadin\/siyah-kalpte-firtina-dinmiyor-sevilayin-sozleri-sosyal-medyayi-salladi\/","title":{"rendered":"Siyah Kalp\u2019te f\u0131rt\u0131na dinmiyor! Sevilay\u2019\u0131n s\u00f6zleri sosyal medyay\u0131 sallad\u0131"},"content":{"rendered":"<p>Show TV\u2019nin heyecanla takip edilen dizisi Siyah Kalp, 21 Kas\u0131m Per\u015fembe ak\u015fam\u0131 yay\u0131nlanan 10. b\u00f6l\u00fcm\u00fcyle izleyiciyi ekrana kilitledi. Dram ve gerilim dolu sahnelerle \u00f6ne \u00e7\u0131kan b\u00f6l\u00fcm, sosyal medyada geni\u015f yank\u0131 uyand\u0131r\u0131rken, Sevilay\u2019\u0131n s\u00f6zleri g\u00fcndeme damga vurdu: \u201cBiz ne zaman bo\u015fan\u0131yoruz? Yar\u0131n a\u00e7\u0131yorum davay\u0131!\u201d<\/p>\n<p>Sevilay\u2019\u0131n, Cihan\u2019a kar\u015f\u0131 olan bu sert tepkisi, uzun zamand\u0131r devam eden krizin d\u0131\u015fa vurumu oldu. Sevilay\u2019\u0131n\u00a0 konu\u015ftu\u011fu bu sahneyi izlerken ekran ba\u015f\u0131ndakiler nefeslerini tuttu.<\/p>\n<p>Cihan ise Sevilay\u2019\u0131n kararl\u0131 duru\u015fu kar\u015f\u0131s\u0131nda tamamen k\u00f6\u015feye s\u0131k\u0131\u015ft\u0131.<\/p>\n<h3>TAHS\u0130N \u0130K\u0130ZLERE SAH\u0130P \u00c7IKTI<\/h3>\n<p>B\u00f6l\u00fcmde en dikkat \u00e7ekici bir di\u011fer detay ise Tahsin\u2019in ikizlere sahip \u00e7\u0131kmas\u0131 oldu. Zor durumda kalan ikizleri yan\u0131na alan Tahsin, \u015fefkat dolu bir yakla\u015f\u0131mla izleyicinin g\u00f6nl\u00fcn\u00fc kazan\u0131rken, bu durum Melek ve Nuh aras\u0131nda b\u00fcy\u00fck bir gerilim yaratt\u0131. Kar\u0131-koca aras\u0131ndaki fikir ayr\u0131l\u0131klar\u0131, sahnelerdeki duygusal yo\u011funlu\u011fu art\u0131rd\u0131.<\/p>\n<p>Sumru, Nihayet\u2019in g\u00f6lgesinden kurtulup kendi hayat\u0131n\u0131 kurmaya kararl\u0131d\u0131r. Ancak Samet\u2019in s\u00fcrekli engel olan tutumu, Sumru\u2019nun \u00e7abalar\u0131n\u0131 bo\u015fa \u00e7\u0131karmaya \u00e7al\u0131\u015f\u0131r. Bu b\u00f6l\u00fcmde Sumru\u2019nun ayakta durma m\u00fccadelesi, diziye olan ilgiyi art\u0131rd\u0131. Samet ve Sumru aras\u0131ndaki \u00e7at\u0131\u015fman\u0131n \u00f6n\u00fcm\u00fczdeki b\u00f6l\u00fcmlerde nas\u0131l bir hal alaca\u011f\u0131 ise merak konusu.<\/p>\n<p><img loading=\"lazy\" decoding=\"async\" class=\"alignnone  wp-image-96467\" src=\"https:\/\/www.tgrthaber.com\/mavikadin\/wp-content\/uploads\/Gc72CzLWoAAkZM5-1024x478.jpg\" alt=\"\" width=\"1139\" height=\"532\" title=\"\" srcset=\"https:\/\/www.tgrthaber.com\/mavikadin\/wp-content\/uploads\/Gc72CzLWoAAkZM5-1024x478.jpg 1024w, https:\/\/www.tgrthaber.com\/mavikadin\/wp-content\/uploads\/Gc72CzLWoAAkZM5-300x140.jpg 300w, https:\/\/www.tgrthaber.com\/mavikadin\/wp-content\/uploads\/Gc72CzLWoAAkZM5-768x358.jpg 768w, https:\/\/www.tgrthaber.com\/mavikadin\/wp-content\/uploads\/Gc72CzLWoAAkZM5-1536x716.jpg 1536w, https:\/\/www.tgrthaber.com\/mavikadin\/wp-content\/uploads\/Gc72CzLWoAAkZM5.jpg 2048w\" sizes=\"(max-width: 1139px) 100vw, 1139px\" \/><\/p>\n<h3>S\u0130YAH KALP OYUNCU KADROSU<\/h3>\n<p>Ba\u015far\u0131l\u0131 oyuncu kadrosu ve s\u00fcr\u00fckleyici senaryosuyla dikkat \u00e7eken Siyah Kalp, her karakteriyle izleyicinin ilgisini toplamaya devam ediyor. \u0130\u015fte dizinin oyuncu kadrosu&#8230;<\/p>\n<p>Ece Uslu \u2013 Sumru<\/p>\n<p>Aras Ayd\u0131n \u2013 Nuh<\/p>\n<p>Leyla Tanlar \u2013 Sevilay<\/p>\n<p>Hafsanur Sancaktutan \u2013 Melek<\/p>\n<p>Burak Tozkoparan \u2013 Cihan<\/p>\n<p>Esra Dermanc\u0131o\u011flu \u2013 Hikmet<\/p>\n<p>Burak Sergen \u2013 Samet<\/p>\n<p>\u0130lker Aksum \u2013 Tahsin<\/p>\n<p>I\u015f\u0131l Y\u00fccesoy \u2013 Nihayet<\/p>\n<p><img loading=\"lazy\" decoding=\"async\" class=\"alignnone  wp-image-96469\" src=\"https:\/\/www.tgrthaber.com\/mavikadin\/wp-content\/uploads\/sevilay-1024x576.jpg\" alt=\"\" width=\"1116\" height=\"628\" title=\"\" srcset=\"https:\/\/www.tgrthaber.com\/mavikadin\/wp-content\/uploads\/sevilay-1024x576.jpg 1024w, https:\/\/www.tgrthaber.com\/mavikadin\/wp-content\/uploads\/sevilay-300x169.jpg 300w, https:\/\/www.tgrthaber.com\/mavikadin\/wp-content\/uploads\/sevilay-768x432.jpg 768w, https:\/\/www.tgrthaber.com\/mavikadin\/wp-content\/uploads\/sevilay.jpg 1178w\" sizes=\"(max-width: 1116px) 100vw, 1116px\" \/><\/p>\n<h3>SEV\u0130LAY&#8217;IN \u0130SYANI SOSYAL MEDYAYI SALLADI<\/h3>\n<p>Sevilay\u2019\u0131n \u201cBiz ne zaman bo\u015fan\u0131yoruz?\u201d s\u00f6zleri, sosyal medyada k\u0131sa s\u00fcrede g\u00fcndem oldu. \u0130zleyiciler, Sevilay\u2019\u0131n hakl\u0131 \u00e7\u0131k\u0131\u015f\u0131na destek verirken, Cihan\u2019\u0131n bir sonraki hamlesini merakla bekliyor.<\/p>\n<p>\u00d6te yandan Hikmet Han\u0131m Sevilay&#8217;a evlatl\u0131k oldu\u011funu s\u00f6yleyerek dizinin hikayesini bamba\u015fka bir y\u00f6ne \u00e7evirdi.<\/p>\n<!--[if lt IE 9]><script>document.createElement('video');<\/script><![endif]-->\n\t<div class=\"wp-playlist wp-video-playlist wp-playlist-light\">\n\t\t<video controls=\"controls\" preload=\"none\" width=\"618\"\n\t\t height=\"342\"\t><\/video>\n\t<div class=\"wp-playlist-next\"><\/div>\n\t<div class=\"wp-playlist-prev\"><\/div>\n\t<noscript>\n\t<ol>\n\t\t<li><a href='https:\/\/www.tgrthaber.com\/mavikadin\/wp-content\/uploads\/siyah-kalp.mp4'>siyah kalp<\/a><\/li>\t<\/ol>\n\t<\/noscript>\n\t<script type=\"application\/json\" class=\"wp-playlist-script\">{\"type\":\"video\",\"tracklist\":true,\"tracknumbers\":true,\"images\":true,\"artists\":true,\"tracks\":[{\"src\":\"https:\\\/\\\/www.tgrthaber.com\\\/mavikadin\\\/wp-content\\\/uploads\\\/siyah-kalp.mp4\",\"type\":\"video\\\/mp4\",\"title\":\"siyah kalp\",\"caption\":\"\",\"description\":\"\",\"meta\":{\"length_formatted\":\"0:57\"},\"dimensions\":{\"original\":{\"width\":1078,\"height\":596},\"resized\":{\"width\":618,\"height\":342}},\"image\":{\"src\":\"https:\\\/\\\/www.tgrthaber.com\\\/mavikadin\\\/wp-includes\\\/images\\\/media\\\/video.svg\",\"width\":48,\"height\":64},\"thumb\":{\"src\":\"https:\\\/\\\/www.tgrthaber.com\\\/mavikadin\\\/wp-includes\\\/images\\\/media\\\/video.svg\",\"width\":48,\"height\":64}}]}<\/script>\n<\/div>\n\t\n","protected":false},"excerpt":{"rendered":"<p>Show TV\u2019de ekrana gelen Siyah Kalp, 10. b\u00f6l\u00fcm\u00fcyle g\u00fcndeme oturdu. Sevilay\u2019\u0131n Cihan\u2019a \u201cBiz ne zaman bo\u015fan\u0131yoruz?\u201d diyerek rest \u00e7ekmesi, dizinin bu haftaki en dikkat \u00e7eken anlar\u0131ndan biri oldu.<\/p>\n","protected":false},"author":4,"featured_media":96471,"comment_status":"closed","ping_status":"closed","sticky":false,"template":"","format":"standard","meta":{"rank_math_lock_modified_date":false,"footnotes":""},"categories":[602],"tags":[2578,2576,2577,2575,2574],"class_list":["post-96463","post","type-post","status-publish","format-standard","has-post-thumbnail","hentry","category-diziler","tag-burak-tozkoparan","tag-cihan","tag-leyla-tanlar","tag-sevilay","tag-siyah-kalp"],"_links":{"self":[{"href":"https:\/\/www.tgrthaber.com\/mavikadin\/wp-json\/wp\/v2\/posts\/96463"}],"collection":[{"href":"https:\/\/www.tgrthaber.com\/mavikadin\/wp-json\/wp\/v2\/posts"}],"about":[{"href":"https:\/\/www.tgrthaber.com\/mavikadin\/wp-json\/wp\/v2\/types\/post"}],"author":[{"embeddable":true,"href":"https:\/\/www.tgrthaber.com\/mavikadin\/wp-json\/wp\/v2\/users\/4"}],"replies":[{"embeddable":true,"href":"https:\/\/www.tgrthaber.com\/mavikadin\/wp-json\/wp\/v2\/comments?post=96463"}],"version-history":[{"count":1,"href":"https:\/\/www.tgrthaber.com\/mavikadin\/wp-json\/wp\/v2\/posts\/96463\/revisions"}],"predecessor-version":[{"id":96472,"href":"https:\/\/www.tgrthaber.com\/mavikadin\/wp-json\/wp\/v2\/posts\/96463\/revisions\/96472"}],"wp:featuredmedia":[{"embeddable":true,"href":"https:\/\/www.tgrthaber.com\/mavikadin\/wp-json\/wp\/v2\/media\/96471"}],"wp:attachment":[{"href":"https:\/\/www.tgrthaber.com\/mavikadin\/wp-json\/wp\/v2\/media?parent=96463"}],"wp:term":[{"taxonomy":"category","embeddable":true,"href":"https:\/\/www.tgrthaber.com\/mavikadin\/wp-json\/wp\/v2\/categories?post=96463"},{"taxonomy":"post_tag","embeddable":true,"href":"https:\/\/www.tgrthaber.com\/mavikadin\/wp-json\/wp\/v2\/tags?post=96463"}],"curies":[{"name":"wp","href":"https:\/\/api.w.org\/{rel}","templated":true}]}}