{"id":96504,"date":"2024-11-22T02:00:09","date_gmt":"2024-11-21T23:00:09","guid":{"rendered":"https:\/\/www.tgrthaber.com\/mavikadin\/?p=96504"},"modified":"2024-11-22T02:00:09","modified_gmt":"2024-11-21T23:00:09","slug":"6-ayda-12-kilo-alan-zeynep-sever-demirelden-kilo-aciklamasi","status":"publish","type":"post","link":"https:\/\/www.tgrthaber.com\/mavikadin\/6-ayda-12-kilo-alan-zeynep-sever-demirelden-kilo-aciklamasi\/","title":{"rendered":"6 ayda 12 kilo alan Zeynep Sever Demirel&#8217;den kilo a\u00e7\u0131klamas\u0131!"},"content":{"rendered":"<p>Futbol alan\u0131nda tan\u0131nm\u0131\u015f en \u00fcnl\u00fc simalardan olan Fenerbah\u00e7e tak\u0131m\u0131n\u0131n eski kalecisi Volkan Demirel ile e\u015fi Zeynep Sever Demirel \u00e7ifti, \u00fc\u00e7\u00fcnc\u00fc kez evlatlar\u0131na kavu\u015fmak i\u00e7in g\u00fcnleri saymaya ba\u015flad\u0131. Daha \u00f6ncesinde iki k\u0131z \u00e7ocu\u011funa sahip olan Demirel \u00e7iftinde \u00fc\u00e7\u00fcnc\u00fc bebeklerinin cinsiyetini merakla bekleyen \u00e7iftin bebeklerinde cinsiyet belli olurken eski futbolcunun tepkisi magazin g\u00fcndemine oturmu\u015ftu.<\/p>\n<p>\u0130ki k\u0131zdan sonra birde erkek \u00e7ocuk hissiyat\u0131na kap\u0131lan futbolcu Volkan Demirel i\u00e7in Zeynep Sever Demirel, &#8220;\u0130ki k\u0131zdan sonra farkl\u0131 cinsiyet istemi\u015fti. Hamile oldu\u011fumu \u00f6\u011frendikten birka\u00e7 g\u00fcn i\u00e7inde babas\u0131 vefat edince herkeste \u00f6yle beklenti oldu.<\/p>\n<p>Cinsiyeti ne olsa sevece\u011fiz. Biz \u00fc\u00e7 k\u0131z karde\u015fiz. En k\u00fc\u00e7\u00fc\u011f\u00fc ben olaca\u011f\u0131m i\u00e7in k\u00fc\u00e7\u00fck Zeynep geliyor gibi hissediyorum&#8221; a\u00e7\u0131klamas\u0131nda bulunmu\u015ftu.<\/p>\n<h3>YAKINDA DO\u011eURACAK OLAN ZEYNEP SEVER DEM\u0130REL&#8217;DEN TAT\u0130L POZU!<\/h3>\n<p>Yade ve Yeda ismini koyduklar\u0131 biricik k\u0131zlar\u0131 olan Demirel \u00e7ifti, \u00fc\u00e7\u00fcnc\u00fc kez anne baba olmadan \u00f6nce tatil keyfini ailecek Maldivler&#8217;de ge\u00e7irmi\u015fti. Hamileli\u011finde zorluk \u00e7ekmedi\u011fini belirten Zeynep Sever Demirel, hamileli\u011fi esnas\u0131nda ald\u0131\u011f\u0131 kilolarla ilgili konu\u015ftu.<\/p>\n<p><img loading=\"lazy\" decoding=\"async\" class=\"alignnone size-full wp-image-96520\" src=\"https:\/\/www.tgrthaber.com\/mavikadin\/wp-content\/uploads\/fw.png\" alt=\"\" width=\"852\" height=\"472\" title=\"\" srcset=\"https:\/\/www.tgrthaber.com\/mavikadin\/wp-content\/uploads\/fw.png 852w, https:\/\/www.tgrthaber.com\/mavikadin\/wp-content\/uploads\/fw-300x166.png 300w, https:\/\/www.tgrthaber.com\/mavikadin\/wp-content\/uploads\/fw-768x425.png 768w\" sizes=\"(max-width: 852px) 100vw, 852px\" \/><\/p>\n<p>K\u0131zlar\u0131n\u0131n kendisine &#8216;Dombili&#8217; dedi\u011fini s\u00f6yleyen Zeynep Sever Demirel, sosyal medya hesab\u0131ndan yay\u0131nlad\u0131\u011f\u0131 payla\u015f\u0131m\u0131nda \u015fu s\u00f6zleri kurdu: Dombili tatil kapan\u0131\u015f dump\u0131.<\/p>\n<h3>KIYAFET SIKINTISI \u00c7EKEN DEM\u0130REL&#8217;DEN K\u0130LO A\u00c7IKLAMASI!<\/h3>\n<p>Hamileli\u011fin yar\u0131s\u0131ndan fazlas\u0131n\u0131 bitirerek 6 ayl\u0131k hamile olan Zeynep Sever Demirel, &#8220;Bu aralar giyecek bir \u015fey bulam\u0131yorum. Normalde Volkan&#8217;\u0131n (Demirel) k\u0131yafetlerini giyiyorum. Onun gard\u0131robu ile idare ediyorum.&#8221; derken hamilelikte ald\u0131\u011f\u0131 kilolar i\u00e7in de \u015funlar\u0131 s\u00f6yledi:<\/p>\n<p>&#8220;\u00c7ok kilo ald\u0131m. Normalde \u00e7ok yemek yiyemiyorum. Hamilelikte tutam\u0131yorum kendimi&#8230; Bunda alt\u0131 ay olmas\u0131na ra\u011fmen 11-12 kilo ald\u0131m.&#8221;<\/p>\n<p><img loading=\"lazy\" decoding=\"async\" class=\"alignnone size-full wp-image-96516\" src=\"https:\/\/www.tgrthaber.com\/mavikadin\/wp-content\/uploads\/rr-2.png\" alt=\"\" width=\"475\" height=\"775\" title=\"\" srcset=\"https:\/\/www.tgrthaber.com\/mavikadin\/wp-content\/uploads\/rr-2.png 475w, https:\/\/www.tgrthaber.com\/mavikadin\/wp-content\/uploads\/rr-2-184x300.png 184w\" sizes=\"(max-width: 475px) 100vw, 475px\" \/><\/p>\n","protected":false},"excerpt":{"rendered":"<p>\u00dc\u00e7\u00fcnc\u00fc defa anne baba olmaya haz\u0131rlanan \u00e7iftte Volkan Demirel ile evli olan Zeynep Demirel, son hamileli\u011finde ald\u0131\u011f\u0131 kilolar\u0131yla ilgili konu\u015ftu.<\/p>\n","protected":false},"author":27,"featured_media":96522,"comment_status":"closed","ping_status":"closed","sticky":false,"template":"","format":"standard","meta":{"rank_math_lock_modified_date":false,"footnotes":""},"categories":[76],"tags":[133,2587,2586],"class_list":["post-96504","post","type-post","status-publish","format-standard","has-post-thumbnail","hentry","category-magazin","tag-magazin","tag-volkan-demirel","tag-zeynep-sever-demirel"],"_links":{"self":[{"href":"https:\/\/www.tgrthaber.com\/mavikadin\/wp-json\/wp\/v2\/posts\/96504"}],"collection":[{"href":"https:\/\/www.tgrthaber.com\/mavikadin\/wp-json\/wp\/v2\/posts"}],"about":[{"href":"https:\/\/www.tgrthaber.com\/mavikadin\/wp-json\/wp\/v2\/types\/post"}],"author":[{"embeddable":true,"href":"https:\/\/www.tgrthaber.com\/mavikadin\/wp-json\/wp\/v2\/users\/27"}],"replies":[{"embeddable":true,"href":"https:\/\/www.tgrthaber.com\/mavikadin\/wp-json\/wp\/v2\/comments?post=96504"}],"version-history":[{"count":2,"href":"https:\/\/www.tgrthaber.com\/mavikadin\/wp-json\/wp\/v2\/posts\/96504\/revisions"}],"predecessor-version":[{"id":96524,"href":"https:\/\/www.tgrthaber.com\/mavikadin\/wp-json\/wp\/v2\/posts\/96504\/revisions\/96524"}],"wp:featuredmedia":[{"embeddable":true,"href":"https:\/\/www.tgrthaber.com\/mavikadin\/wp-json\/wp\/v2\/media\/96522"}],"wp:attachment":[{"href":"https:\/\/www.tgrthaber.com\/mavikadin\/wp-json\/wp\/v2\/media?parent=96504"}],"wp:term":[{"taxonomy":"category","embeddable":true,"href":"https:\/\/www.tgrthaber.com\/mavikadin\/wp-json\/wp\/v2\/categories?post=96504"},{"taxonomy":"post_tag","embeddable":true,"href":"https:\/\/www.tgrthaber.com\/mavikadin\/wp-json\/wp\/v2\/tags?post=96504"}],"curies":[{"name":"wp","href":"https:\/\/api.w.org\/{rel}","templated":true}]}}