{"id":96519,"date":"2024-11-22T02:09:56","date_gmt":"2024-11-21T23:09:56","guid":{"rendered":"https:\/\/www.tgrthaber.com\/mavikadin\/?p=96519"},"modified":"2024-11-22T02:09:56","modified_gmt":"2024-11-21T23:09:56","slug":"buse-terimden-volkan-bahcekapili-aciklamasi-ayni-mekanda-pisti-oldular","status":"publish","type":"post","link":"https:\/\/www.tgrthaber.com\/mavikadin\/buse-terimden-volkan-bahcekapili-aciklamasi-ayni-mekanda-pisti-oldular\/","title":{"rendered":"Buse Terim&#8217;den &#8216;Volkan Bah\u00e7ekap\u0131l\u0131&#8217; a\u00e7\u0131klamas\u0131: Ayn\u0131 mekanda pi\u015fti oldular!"},"content":{"rendered":"<p>Buse Terim ile Volkan Bah\u00e7ekap\u0131l\u0131 10 y\u0131ll\u0131k evliliklerini mart 2024&#8217;te bitirme karar\u0131 alm\u0131\u015ft\u0131. \u0130ki \u00e7ocu\u011fu olan \u00e7ift zaman zaman magazin bas\u0131n\u0131nda da yer ald\u0131. \u00dcnl\u00fc \u00e7ift, Kenan Do\u011fulu \u015fark\u0131lar\u0131n\u0131 seslendiren Sakiler grubunun tan\u0131t\u0131m gecesinde kar\u015f\u0131la\u015ft\u0131. Buse Terim&#8217;den &#8216;Volkan Bah\u00e7ekap\u0131l\u0131&#8217; a\u00e7\u0131klamas\u0131 geldi.<\/p>\n<h3>BUSE TER\u0130M&#8217;DEN &#8216;VOLKAN BAH\u00c7EKAPILI&#8217; A\u00c7IKLAMASI<\/h3>\n<p>Sakiler grubunun Kenan Do\u011fulu \u015fark\u0131lar\u0131n\u0131 seslendirdi\u011fi alb\u00fcm tan\u0131t\u0131m\u0131na kat\u0131lan Fatih Terim&#8217;in k\u0131z\u0131 Buse Terim, gazetecilerle sohbet etti. Kendisine y\u00f6neltilen sorulara samimi cevaplar veren Buse Terim&#8217;den &#8216;Volkan Bah\u00e7ekap\u0131l\u0131&#8217; a\u00e7\u0131klamas\u0131 geldi. Terim, kendisine y\u00f6neltilen; &#8220;Volkan Bah\u00e7ekap\u0131l\u0131 da i\u00e7erde. Kar\u015f\u0131la\u015fmalar sizin i\u00e7in sorun oluyor mu?&#8221; sorusuna; &#8220;Hay\u0131r benim i\u00e7in hi\u00e7 problem de\u011fil. Sonu\u00e7ta bizim iki tane k\u0131z\u0131m\u0131z var o y\u00fczden kar\u015f\u0131la\u015fmam\u0131z \u00e7ok normal&#8221; cevab\u0131n\u0131 verdi.<\/p>\n<p>Terim s\u00f6zlerine \u015f\u00f6yle devam etti; &#8220;\u00c7ocuklar i\u00e7in tabi ki g\u00f6r\u00fc\u015f\u00fcyoruz&#8221; diyen \u00fcnl\u00fc isim kendisine y\u00f6neltilen; &#8220;Bo\u015fanma sebepleri de \u00e7ok konu\u015fuldu ama bu konuda sizin s\u00f6ylemek istedi\u011finiz bir \u015fey var m\u0131?&#8221; sorusuna ise; &#8220;Hay\u0131r benim s\u00f6ylemek istedi\u011fim bir \u015fey yok&#8221; diyerek konuyla ilgili konu\u015fmak istemedi\u011fini belirterek r\u00f6portaj\u0131 bitirmeyi tercih etti.<\/p>\n<figure id=\"attachment_96526\" aria-describedby=\"caption-attachment-96526\" style=\"width: 640px\" class=\"wp-caption alignnone\"><img loading=\"lazy\" decoding=\"async\" class=\"size-full wp-image-96526\" src=\"https:\/\/www.tgrthaber.com\/mavikadin\/wp-content\/uploads\/buse_terim_cantasiyla_gundem_oldu-2.jpg\" alt=\"Buse Terim ve Volkan Bah\u00e7ekap\u0131l\u0131\" width=\"640\" height=\"700\" title=\"\" srcset=\"https:\/\/www.tgrthaber.com\/mavikadin\/wp-content\/uploads\/buse_terim_cantasiyla_gundem_oldu-2.jpg 640w, https:\/\/www.tgrthaber.com\/mavikadin\/wp-content\/uploads\/buse_terim_cantasiyla_gundem_oldu-2-274x300.jpg 274w\" sizes=\"(max-width: 640px) 100vw, 640px\" \/><figcaption id=\"caption-attachment-96526\" class=\"wp-caption-text\">Buse Terim ve Volkan Bah\u00e7ekap\u0131l\u0131<\/figcaption><\/figure>\n<h3>VOLKAN BAH\u00c7EKAPILI: &#8216;HANIMEFEND\u0130 YANLI\u015eLIKLA ARACIMA B\u0130ND\u0130&#8217;<\/h3>\n<p>Volkan Bah\u00e7ekap\u0131l\u0131, Buse Terim ile 10 y\u0131ll\u0131k evlili\u011fini ge\u00e7ti\u011fimiz mart ay\u0131nda sonland\u0131rd\u0131ktan sonra, kas\u0131m ay\u0131nda K\u00fct\u00fcphane adl\u0131 mek\u00e2nda bir kad\u0131nla birlikteyken objektiflere tak\u0131ld\u0131. Kad\u0131nla ayn\u0131 araca binen Bah\u00e7ekap\u0131l\u0131, fla\u015flar\u0131n patlamas\u0131yla korkuya kap\u0131ld\u0131. \u201cDurun, \u00e7ekmeyin\u201d diyerek tepki veren Bah\u00e7ekap\u0131l\u0131, gazetecilere a\u00e7\u0131klama yaparak;\u00a0 \u201cBu han\u0131m benimle birlikte de\u011fil, yanl\u0131\u015fl\u0131kla arac\u0131ma bindi\u201d dedi.<\/p>\n<figure id=\"attachment_96527\" aria-describedby=\"caption-attachment-96527\" style=\"width: 1080px\" class=\"wp-caption alignnone\"><img loading=\"lazy\" decoding=\"async\" class=\"size-full wp-image-96527\" src=\"https:\/\/www.tgrthaber.com\/mavikadin\/wp-content\/uploads\/buse_terim_e_kilo_verdiren_diyet_neydi-1.jpg\" alt=\"Buse Terim\" width=\"1080\" height=\"700\" title=\"\" srcset=\"https:\/\/www.tgrthaber.com\/mavikadin\/wp-content\/uploads\/buse_terim_e_kilo_verdiren_diyet_neydi-1.jpg 1080w, https:\/\/www.tgrthaber.com\/mavikadin\/wp-content\/uploads\/buse_terim_e_kilo_verdiren_diyet_neydi-1-300x194.jpg 300w, https:\/\/www.tgrthaber.com\/mavikadin\/wp-content\/uploads\/buse_terim_e_kilo_verdiren_diyet_neydi-1-1024x664.jpg 1024w, https:\/\/www.tgrthaber.com\/mavikadin\/wp-content\/uploads\/buse_terim_e_kilo_verdiren_diyet_neydi-1-768x498.jpg 768w\" sizes=\"(max-width: 1080px) 100vw, 1080px\" \/><figcaption id=\"caption-attachment-96527\" class=\"wp-caption-text\">Buse Terim<\/figcaption><\/figure>\n<h3>&#8216;UZLA\u015eARAK \u00c7\u00d6ZEMED\u0130K&#8217;<\/h3>\n<p>Bo\u015fanmalar\u0131 uzun s\u00fcre konu\u015fulan Volkan Bah\u00e7ekap\u0131l\u0131 ve Buse Terim \u00e7iftinden Buse Terim konuyla ilgili \u015fu \u015fekilde a\u00e7\u0131klama yapm\u0131\u015ft\u0131: &#8220;Kar\u015f\u0131l\u0131kl\u0131 olarak \u00e7\u00f6zemedi\u011fimiz anla\u015fmazl\u0131klar y\u00fcz\u00fcnden evlili\u011fimizi sonland\u0131rma karar\u0131 ald\u0131k. Evlili\u011fimizin bize sundu\u011fu en g\u00fczel \u015fey, k\u0131zlar\u0131m\u0131zd\u0131r ve onlar her zaman en \u00f6ncelikli olacak. Bu zorlu s\u00fcre\u00e7te, ailemizin ve \u00f6zellikle \u00e7ocuklar\u0131m\u0131z\u0131n \u00f6zel hayat\u0131na g\u00f6sterece\u011finiz duyarl\u0131l\u0131k i\u00e7in \u015fimdiden te\u015fekk\u00fcr ederiz.&#8221;<\/p>\n<p>&nbsp;<\/p>\n","protected":false},"excerpt":{"rendered":"<p>Teknik direkt\u00f6r Fatih Terim\u2019in \u00fcnl\u00fc k\u0131z\u0131 Buse Terim ile i\u015fadam\u0131 Volkan Bah\u00e7ekap\u0131l\u0131&#8217;n\u0131n 10 y\u0131l s\u00fcren evlilikleri ge\u00e7ti\u011fimiz g\u00fcnlerde tek oturumda sona ermi\u015fti. Buse Terim ile Volkan Bah\u00e7ekap\u0131l\u0131, bu ak\u015fam bir mekanda kar\u015f\u0131la\u015ft\u0131. Buse Terim&#8217;den &#8216;Volkan Bah\u00e7ekap\u0131l\u0131&#8217; a\u00e7\u0131klamas\u0131 geldi.<\/p>\n","protected":false},"author":2,"featured_media":96525,"comment_status":"closed","ping_status":"closed","sticky":false,"template":"","format":"standard","meta":{"rank_math_lock_modified_date":false,"footnotes":""},"categories":[76],"tags":[2588,133,2589],"class_list":["post-96519","post","type-post","status-publish","format-standard","has-post-thumbnail","hentry","category-magazin","tag-buse-terim","tag-magazin","tag-volkan-bahcekapili"],"_links":{"self":[{"href":"https:\/\/www.tgrthaber.com\/mavikadin\/wp-json\/wp\/v2\/posts\/96519"}],"collection":[{"href":"https:\/\/www.tgrthaber.com\/mavikadin\/wp-json\/wp\/v2\/posts"}],"about":[{"href":"https:\/\/www.tgrthaber.com\/mavikadin\/wp-json\/wp\/v2\/types\/post"}],"author":[{"embeddable":true,"href":"https:\/\/www.tgrthaber.com\/mavikadin\/wp-json\/wp\/v2\/users\/2"}],"replies":[{"embeddable":true,"href":"https:\/\/www.tgrthaber.com\/mavikadin\/wp-json\/wp\/v2\/comments?post=96519"}],"version-history":[{"count":2,"href":"https:\/\/www.tgrthaber.com\/mavikadin\/wp-json\/wp\/v2\/posts\/96519\/revisions"}],"predecessor-version":[{"id":96529,"href":"https:\/\/www.tgrthaber.com\/mavikadin\/wp-json\/wp\/v2\/posts\/96519\/revisions\/96529"}],"wp:featuredmedia":[{"embeddable":true,"href":"https:\/\/www.tgrthaber.com\/mavikadin\/wp-json\/wp\/v2\/media\/96525"}],"wp:attachment":[{"href":"https:\/\/www.tgrthaber.com\/mavikadin\/wp-json\/wp\/v2\/media?parent=96519"}],"wp:term":[{"taxonomy":"category","embeddable":true,"href":"https:\/\/www.tgrthaber.com\/mavikadin\/wp-json\/wp\/v2\/categories?post=96519"},{"taxonomy":"post_tag","embeddable":true,"href":"https:\/\/www.tgrthaber.com\/mavikadin\/wp-json\/wp\/v2\/tags?post=96519"}],"curies":[{"name":"wp","href":"https:\/\/api.w.org\/{rel}","templated":true}]}}