{"id":96530,"date":"2024-11-22T02:24:02","date_gmt":"2024-11-21T23:24:02","guid":{"rendered":"https:\/\/www.tgrthaber.com\/mavikadin\/?p=96530"},"modified":"2024-11-22T08:50:32","modified_gmt":"2024-11-22T05:50:32","slug":"annem-ankara-dizisinin-setinden-paylasti-berguzar-korelden-duygusal-sozler","status":"publish","type":"post","link":"https:\/\/www.tgrthaber.com\/mavikadin\/annem-ankara-dizisinin-setinden-paylasti-berguzar-korelden-duygusal-sozler\/","title":{"rendered":"Annem Ankara dizisinin setinden payla\u015ft\u0131! Berg\u00fczar Korel\u2019den duygusal s\u00f6zler"},"content":{"rendered":"<p>Kanal D\u2019nin 20 Kas\u0131m ak\u015fam\u0131 ilk b\u00f6l\u00fcm\u00fcyle izleyici kar\u015f\u0131s\u0131na \u00e7\u0131kan yeni dizisi \u201cAnnem Ankara\u201d, nostaljik atmosferi ve y\u00fcreklere dokunan hikayesiyle b\u00fcy\u00fck be\u011feni toplad\u0131. 90\u2019l\u0131 y\u0131llar\u0131n Ankara\u2019s\u0131n\u0131 t\u00fcm detaylar\u0131yla yans\u0131tan dizi, umudunu hi\u00e7 kaybetmeyen bir annenin m\u00fccadele dolu hayat\u0131n\u0131 ele al\u0131yor. Dizinin ba\u015frol oyuncusu Berg\u00fczar Korel, ilk b\u00f6l\u00fcm\u00fcn ard\u0131ndan sosyal medya hesab\u0131ndan duygusal bir te\u015fekk\u00fcr payla\u015f\u0131m\u0131 yapt\u0131.<\/p>\n<h3>BERG\u00dcZAR KOREL ANNEM ANKARA SET\u0130NDEN PAYLA\u015eIM YAPTI<\/h3>\n<p>Berg\u00fczar Korel, sette \u00e7ekilmi\u015f bir foto\u011fraf\u0131n\u0131 payla\u015farak \u015fu ifadeleri kulland\u0131:<br \/>\n&#8220;\u00c7ok \u015fey yazmak istiyorum, sonra &#8216;Yahu buras\u0131 yeri de\u011fil ki ne gerek&#8217; diyorum&#8230; Diyebilece\u011fim yeg\u00e2ne \u015fey, ba\u015fta yazar\u0131m\u0131z olmak \u00fczere t\u00fcm ekip arkada\u015flar\u0131m\u0131z ile birlikte \u00e7ok ahlakl\u0131 bir \u015fekilde sahiplendik hik\u00e2yemizi. Gidenlere b\u00fcy\u00fck bir sayg\u0131 ile, bu hayattakilerle el ele&#8230; D\u00fcn bizi \u00e7ok g\u00fczel kar\u015f\u0131lad\u0131n\u0131z can\u0131m seyirci.&#8221;<\/p>\n<p><img loading=\"lazy\" decoding=\"async\" class=\"alignnone wp-image-96532\" src=\"https:\/\/www.tgrthaber.com\/mavikadin\/wp-content\/uploads\/Ekran-goruntusu-2024-11-22-020653.png\" alt=\"\" width=\"1094\" height=\"1483\" title=\"\" srcset=\"https:\/\/www.tgrthaber.com\/mavikadin\/wp-content\/uploads\/Ekran-goruntusu-2024-11-22-020653.png 566w, https:\/\/www.tgrthaber.com\/mavikadin\/wp-content\/uploads\/Ekran-goruntusu-2024-11-22-020653-221x300.png 221w\" sizes=\"(max-width: 1094px) 100vw, 1094px\" \/><\/p>\n<p>\u00dcnl\u00fc oyuncu, payla\u015f\u0131m\u0131nda: &#8220;Her b\u00f6l\u00fcm umutla, g\u00f6z\u00fcm\u00fczdeki ya\u015fla k\u0131k\u0131r k\u0131k\u0131r g\u00fcld\u00fc\u011f\u00fcm\u00fcz, 90\u2019lar\u0131m\u0131za mutluluk ve \u00f6zlemle sar\u0131laca\u011f\u0131z \u00e7ocuklu\u011fumuza, hat\u0131ralar\u0131m\u0131za&#8221; ifadelerine yer verdi.<\/p>\n<p><img loading=\"lazy\" decoding=\"async\" class=\"alignnone wp-image-96538\" src=\"https:\/\/www.tgrthaber.com\/mavikadin\/wp-content\/uploads\/Ekran-goruntusu-2024-11-22-022623.png\" alt=\"\" width=\"1092\" height=\"547\" title=\"\" srcset=\"https:\/\/www.tgrthaber.com\/mavikadin\/wp-content\/uploads\/Ekran-goruntusu-2024-11-22-022623.png 475w, https:\/\/www.tgrthaber.com\/mavikadin\/wp-content\/uploads\/Ekran-goruntusu-2024-11-22-022623-300x150.png 300w\" sizes=\"(max-width: 1092px) 100vw, 1092px\" \/><\/p>\n<h3>ANNEM ANKARA NOSTALJ\u0130 R\u00dcZGARI EST\u0130R\u0130YOR<\/h3>\n<p>Dizi, 90\u2019l\u0131 y\u0131llar\u0131n Ankara\u2019s\u0131n\u0131 mekanlar\u0131, kost\u00fcmleri ve atmosferiyle etkileyici bir \u015fekilde ekrana ta\u015f\u0131yor. Yak\u0131n ge\u00e7mi\u015fte ge\u00e7en hikaye, sadece bir annenin de\u011fil, ayn\u0131 zamanda o d\u00f6nemin ruhunu yans\u0131tan bir toplumun portresini \u00e7iziyor.<\/p>\n<p><img loading=\"lazy\" decoding=\"async\" class=\"alignnone wp-image-96533\" src=\"https:\/\/www.tgrthaber.com\/mavikadin\/wp-content\/uploads\/Ekran-goruntusu-2024-11-22-020710.png\" alt=\"\" width=\"1093\" height=\"1351\" title=\"\" srcset=\"https:\/\/www.tgrthaber.com\/mavikadin\/wp-content\/uploads\/Ekran-goruntusu-2024-11-22-020710.png 567w, https:\/\/www.tgrthaber.com\/mavikadin\/wp-content\/uploads\/Ekran-goruntusu-2024-11-22-020710-243x300.png 243w\" sizes=\"(max-width: 1093px) 100vw, 1093px\" \/><\/p>\n<h3>ANNEM ANKARA D\u0130Z\u0130S\u0130N\u0130N KONUSU<\/h3>\n<p>Dizinin konusu, bir annenin y\u00fcreklere dokunan ya\u015fam m\u00fccadelesini \u015fu s\u00f6zlerle anlat\u0131yor:<br \/>\n&#8220;Her insan\u0131n yurdu annesidir denir \u00e7\u00fcnk\u00fc ba\u015fka bir toprak her zaman yabanc\u0131 kal\u0131r. G\u00f6k kubbede g\u00fcn bat\u0131m\u0131, kaybolan b\u00fcy\u00fcl\u00fc bir renktir. Bu hikaye de kaybolan rengimizin \u00f6yk\u00fcs\u00fcd\u00fcr. Yurdumuzun ve insan\u0131m\u0131z\u0131n hikayesidir&#8221;<\/p>\n<p><img loading=\"lazy\" decoding=\"async\" class=\"alignnone wp-image-96534\" src=\"https:\/\/www.tgrthaber.com\/mavikadin\/wp-content\/uploads\/Ekran-goruntusu-2024-11-22-020732.png\" alt=\"\" width=\"1092\" height=\"1290\" title=\"\" srcset=\"https:\/\/www.tgrthaber.com\/mavikadin\/wp-content\/uploads\/Ekran-goruntusu-2024-11-22-020732.png 601w, https:\/\/www.tgrthaber.com\/mavikadin\/wp-content\/uploads\/Ekran-goruntusu-2024-11-22-020732-254x300.png 254w\" sizes=\"(max-width: 1092px) 100vw, 1092px\" \/><\/p>\n","protected":false},"excerpt":{"rendered":"<p>Berg\u00fczar Korel ve Mehmet G\u00fcns\u00fcr&#8217;\u00fcn ba\u015frol\u00fcnde oldu\u011fu \u201cAnnem Ankara\u201d dizisi, 90\u2019l\u0131 y\u0131llar\u0131n Ankara\u2019s\u0131na nostaljik bir yolculuk yap\u0131yor. \u0130lk b\u00f6l\u00fcm\u00fcyle izleyiciden tam not alan dizinin g\u00fczel oyuncusu Berg\u00fczar Korel setten yapt\u0131\u011f\u0131 payla\u015f\u0131mla izleyicilere te\u015fekk\u00fcr etti.<\/p>\n","protected":false},"author":4,"featured_media":96535,"comment_status":"closed","ping_status":"closed","sticky":false,"template":"","format":"standard","meta":{"rank_math_lock_modified_date":false,"footnotes":""},"categories":[76],"tags":[2459,2461],"class_list":["post-96530","post","type-post","status-publish","format-standard","has-post-thumbnail","hentry","category-magazin","tag-annem-ankara","tag-berguzar-korel"],"_links":{"self":[{"href":"https:\/\/www.tgrthaber.com\/mavikadin\/wp-json\/wp\/v2\/posts\/96530"}],"collection":[{"href":"https:\/\/www.tgrthaber.com\/mavikadin\/wp-json\/wp\/v2\/posts"}],"about":[{"href":"https:\/\/www.tgrthaber.com\/mavikadin\/wp-json\/wp\/v2\/types\/post"}],"author":[{"embeddable":true,"href":"https:\/\/www.tgrthaber.com\/mavikadin\/wp-json\/wp\/v2\/users\/4"}],"replies":[{"embeddable":true,"href":"https:\/\/www.tgrthaber.com\/mavikadin\/wp-json\/wp\/v2\/comments?post=96530"}],"version-history":[{"count":3,"href":"https:\/\/www.tgrthaber.com\/mavikadin\/wp-json\/wp\/v2\/posts\/96530\/revisions"}],"predecessor-version":[{"id":96540,"href":"https:\/\/www.tgrthaber.com\/mavikadin\/wp-json\/wp\/v2\/posts\/96530\/revisions\/96540"}],"wp:featuredmedia":[{"embeddable":true,"href":"https:\/\/www.tgrthaber.com\/mavikadin\/wp-json\/wp\/v2\/media\/96535"}],"wp:attachment":[{"href":"https:\/\/www.tgrthaber.com\/mavikadin\/wp-json\/wp\/v2\/media?parent=96530"}],"wp:term":[{"taxonomy":"category","embeddable":true,"href":"https:\/\/www.tgrthaber.com\/mavikadin\/wp-json\/wp\/v2\/categories?post=96530"},{"taxonomy":"post_tag","embeddable":true,"href":"https:\/\/www.tgrthaber.com\/mavikadin\/wp-json\/wp\/v2\/tags?post=96530"}],"curies":[{"name":"wp","href":"https:\/\/api.w.org\/{rel}","templated":true}]}}