{"id":96531,"date":"2024-11-22T02:29:41","date_gmt":"2024-11-21T23:29:41","guid":{"rendered":"https:\/\/www.tgrthaber.com\/mavikadin\/?p=96531"},"modified":"2024-11-22T02:29:41","modified_gmt":"2024-11-21T23:29:41","slug":"okan-buruk-icardinin-wanda-nara-ile-olayli-ayrilik-sureci-hakkinda-konustu","status":"publish","type":"post","link":"https:\/\/www.tgrthaber.com\/mavikadin\/okan-buruk-icardinin-wanda-nara-ile-olayli-ayrilik-sureci-hakkinda-konustu\/","title":{"rendered":"Okan Buruk, Icardi&#8217;nin Wanda Nara ile olayl\u0131 ayr\u0131l\u0131k s\u00fcreci hakk\u0131nda konu\u015ftu"},"content":{"rendered":"<p>Okan Buruk, Icardi&#8217;nin Wanda Nara ile olayl\u0131 ayr\u0131l\u0131k s\u00fcreci hakk\u0131nda konu\u015ftu. Son d\u00f6nemde g\u00fcndemden d\u00fc\u015fmeyen ve sakatlanarak bir s\u00fcre sahalardan uzak kalacak olan Icardi&#8217;nin yaralanmas\u0131 ile ilgili de konu\u015fan Buruk, \u00fcnl\u00fc futbolcuya destek mesaj\u0131 verdi.<\/p>\n<h3>OKAN BURAK ICARDI&#8217;N\u0130N WANDA NARA \u0130LE OLAYLI AYRILI\u011eI \u0130LE \u0130LG\u0130L\u0130 KONU\u015eTU<\/h3>\n<p>Icardi son d\u00f6nemde bo\u015fanma a\u015famas\u0131nda oldu\u011fu Wanda Nara nedeniyle zor g\u00fcnler ge\u00e7iriyor. Icardi&#8217;nin kendisine g\u00f6nderdi\u011fi mesajlar\u0131 yay\u0131nlayan Wanda Nara&#8217;ya tepki olarak Icardi de evine gelen Wanda&#8217;n\u0131n videolar\u0131n\u0131 \u00e7ekerek yay\u0131nlam\u0131\u015ft\u0131. Galatasaray Teknik Direkt\u00f6r\u00fc Okan Burak Icardi&#8217;nin Wanda Nara ile olayl\u0131 ayr\u0131l\u0131\u011f\u0131 ile ilgili konu\u015ftu; &#8220;Tabi ki ona bu s\u00fcrece sayg\u0131 duymak gerekiyor. Her ailede olabilecek \u015feyler ama Icardi&#8217;nin yan\u0131nday\u0131z. Manevi olarak deste\u011fimiz hep onun yan\u0131nda. Bug\u00fcn yeni mesajla\u015ft\u0131m. O da iyi. Kendini iyi hissediyor. \u0130n\u015fallah onun i\u00e7in en hay\u0131rl\u0131s\u0131 olur, en do\u011frusu olur ama tabi ki onun ya\u015fad\u0131klar\u0131 \u015fu anda bir de sakatl\u0131kla birle\u015fince zor bir d\u00f6nem. Onun i\u00e7in Galatasaray tak\u0131m\u0131, Galatasaray taraftar\u0131 ve \u00fclke olarak onun yan\u0131nda olmak i\u00e7in elimizden geleni yap\u0131yoruz.&#8221;<\/p>\n<figure id=\"attachment_96541\" aria-describedby=\"caption-attachment-96541\" style=\"width: 1900px\" class=\"wp-caption alignnone\"><img loading=\"lazy\" decoding=\"async\" class=\"size-full wp-image-96541\" src=\"https:\/\/www.tgrthaber.com\/mavikadin\/wp-content\/uploads\/k-8.jpg\" alt=\"Icardi ve Wanda Nara\" width=\"1900\" height=\"1080\" title=\"\" srcset=\"https:\/\/www.tgrthaber.com\/mavikadin\/wp-content\/uploads\/k-8.jpg 1900w, https:\/\/www.tgrthaber.com\/mavikadin\/wp-content\/uploads\/k-8-300x171.jpg 300w, https:\/\/www.tgrthaber.com\/mavikadin\/wp-content\/uploads\/k-8-1024x582.jpg 1024w, https:\/\/www.tgrthaber.com\/mavikadin\/wp-content\/uploads\/k-8-768x437.jpg 768w, https:\/\/www.tgrthaber.com\/mavikadin\/wp-content\/uploads\/k-8-1536x873.jpg 1536w\" sizes=\"(max-width: 1900px) 100vw, 1900px\" \/><figcaption id=\"caption-attachment-96541\" class=\"wp-caption-text\">Icardi ve Wanda Nara<\/figcaption><\/figure>\n<h3>ICARDI NE ZAMAN D\u00d6NECEK?<\/h3>\n<p>Okan Buruk, sahalardan uzun s\u00fcre uzak kalacak olan y\u0131ld\u0131z futbolcusu hakk\u0131nda \u015funlar\u0131 s\u00f6yledi: &#8220;Icardi&#8217;nin hangi yerde ameliyat olaca\u011f\u0131na dair karar \u00f6n\u00fcm\u00fczdeki hafta verilecek. Ameliyat \u00e7ok kritik ancak sonras\u0131ndaki iyile\u015fme s\u00fcreci \u00e7ok daha \u00f6nemli. M\u00fcmk\u00fcn oldu\u011funca h\u0131zl\u0131 bir \u015fekilde sahalara d\u00f6nmesini arzu ediyoruz. Sakatl\u0131k sonras\u0131 ameliyat s\u00fcrecinde 2-3 hafta beklenmesi gerekti\u011fi belirtiliyor. Doktorumuzun s\u00f6ylediklerine g\u00f6re, \u00f6n\u00fcm\u00fczdeki yaz i\u00e7in 6-7 ayl\u0131k bir d\u00f6nem \u00f6ng\u00f6r\u00fcl\u00fcyor. Yeni sezon daha net bir \u015fekilde g\u00f6r\u00fcn\u00fcyor. Oyuncunun sa\u011fl\u0131\u011f\u0131 her \u015feyden \u00f6nce gelmeli. Erken d\u00f6nmesinden ziyade, sa\u011fl\u0131kl\u0131 bir \u015fekilde geri d\u00f6nmesi daha \u00f6nemli. Icardi&#8217;yi \u00f6zleyece\u011fiz ancak bu s\u00fcreci atlatt\u0131ktan sonra tekrar aram\u0131za d\u00f6n\u00fcp en g\u00fc\u00e7l\u00fc \u015fekilde haz\u0131rl\u0131k yapaca\u011f\u0131na inan\u0131yorum.&#8221;<\/p>\n","protected":false},"excerpt":{"rendered":"<p>Galatasaray Teknik Direkt\u00f6r\u00fc Okan Buruk, sponsorluk s\u00f6zle\u015fmesi kapsam\u0131nda kat\u0131ld\u0131\u011f\u0131 organizasyonda a\u00e7\u0131klamalarda bulundu. Okan Buruk, Mauro Icardi&#8217;nin son zamanlarda ya\u015fad\u0131\u011f\u0131 aile problemleri ile ilgili konu\u015ftu. <\/p>\n","protected":false},"author":2,"featured_media":96539,"comment_status":"closed","ping_status":"closed","sticky":false,"template":"","format":"standard","meta":{"rank_math_lock_modified_date":false,"footnotes":""},"categories":[76],"tags":[985,2221,133,2241,2590,2222],"class_list":["post-96531","post","type-post","status-publish","format-standard","has-post-thumbnail","hentry","category-magazin","tag-galatasaray","tag-icardi","tag-magazin","tag-mauro-icardi","tag-okan-buruk","tag-wanda-nara"],"_links":{"self":[{"href":"https:\/\/www.tgrthaber.com\/mavikadin\/wp-json\/wp\/v2\/posts\/96531"}],"collection":[{"href":"https:\/\/www.tgrthaber.com\/mavikadin\/wp-json\/wp\/v2\/posts"}],"about":[{"href":"https:\/\/www.tgrthaber.com\/mavikadin\/wp-json\/wp\/v2\/types\/post"}],"author":[{"embeddable":true,"href":"https:\/\/www.tgrthaber.com\/mavikadin\/wp-json\/wp\/v2\/users\/2"}],"replies":[{"embeddable":true,"href":"https:\/\/www.tgrthaber.com\/mavikadin\/wp-json\/wp\/v2\/comments?post=96531"}],"version-history":[{"count":2,"href":"https:\/\/www.tgrthaber.com\/mavikadin\/wp-json\/wp\/v2\/posts\/96531\/revisions"}],"predecessor-version":[{"id":96543,"href":"https:\/\/www.tgrthaber.com\/mavikadin\/wp-json\/wp\/v2\/posts\/96531\/revisions\/96543"}],"wp:featuredmedia":[{"embeddable":true,"href":"https:\/\/www.tgrthaber.com\/mavikadin\/wp-json\/wp\/v2\/media\/96539"}],"wp:attachment":[{"href":"https:\/\/www.tgrthaber.com\/mavikadin\/wp-json\/wp\/v2\/media?parent=96531"}],"wp:term":[{"taxonomy":"category","embeddable":true,"href":"https:\/\/www.tgrthaber.com\/mavikadin\/wp-json\/wp\/v2\/categories?post=96531"},{"taxonomy":"post_tag","embeddable":true,"href":"https:\/\/www.tgrthaber.com\/mavikadin\/wp-json\/wp\/v2\/tags?post=96531"}],"curies":[{"name":"wp","href":"https:\/\/api.w.org\/{rel}","templated":true}]}}