{"id":96719,"date":"2024-11-22T14:26:06","date_gmt":"2024-11-22T11:26:06","guid":{"rendered":"https:\/\/www.tgrthaber.com\/mavikadin\/?p=96719"},"modified":"2024-11-22T14:26:06","modified_gmt":"2024-11-22T11:26:06","slug":"esas-oglan-dizisinin-ozani-sukru-ozyildiz-kimdir-sukru-ozyildiz-kac-yasinda-nereli","status":"publish","type":"post","link":"https:\/\/www.tgrthaber.com\/mavikadin\/esas-oglan-dizisinin-ozani-sukru-ozyildiz-kimdir-sukru-ozyildiz-kac-yasinda-nereli\/","title":{"rendered":"Esas O\u011flan dizisinin Ozan\u2019\u0131 \u015e\u00fckr\u00fc \u00d6zy\u0131ld\u0131z kimdir? \u015e\u00fckr\u00fc \u00d6zy\u0131ld\u0131z ka\u00e7 ya\u015f\u0131nda, nereli?"},"content":{"rendered":"<p>GA\u0130N adl\u0131 dijital bir platformda izleyici kar\u015f\u0131s\u0131na \u00e7\u0131kan \u201cEsas O\u011flan\u201d dizisi hem oyuncu kadrosu hem de konusuyla dikkatleri \u00fczerine topluyor. Bug\u00fcn itibariyle izleyici ile bulu\u015fan dizinin oyuncu kadrosunda g\u00fc\u00e7l\u00fc isimler bulunuyor. Yak\u0131\u015f\u0131kl\u0131l\u0131\u011f\u0131 ve ba\u015far\u0131l\u0131 oyunculu\u011fuyla ad\u0131ndan s\u00f6z ettiren \u015e\u00fckr\u00fc \u00d6zy\u0131ld\u0131z, dizide \u201cOzan\u201d karakterine can veriyor. \u015e\u00fckr\u00fc \u00d6zy\u0131ld\u0131z\u2019\u0131n \u00f6zel hayat\u0131 da seyirciler taraf\u0131ndan merak ediliyor. Peki, \u015e\u00fckr\u00fc \u00d6zy\u0131ld\u0131z kimdir? \u015e\u00fckr\u00fc \u00d6zy\u0131ld\u0131z ka\u00e7 ya\u015f\u0131nda, nereli? \u015e\u00fckr\u00fc \u00d6zy\u0131ld\u0131z hakk\u0131nda merak edilenleri sizin i\u00e7in ara\u015ft\u0131rd\u0131k. \u0130\u015fte \u015e\u00fckr\u00fc \u00d6zy\u0131ld\u0131z hakk\u0131nda bilinmeyenler\u2026<\/p>\n<h3>\u015e\u00dcKR\u00dc \u00d6ZYILDIZ K\u0130MD\u0130R?<\/h3>\n<p>\u015e\u00fckr\u00fc \u00d6zy\u0131ld\u0131z, 18 \u015eubat 1988 tarihinde \u0130zmir\u2019de d\u00fcnyaya geldi. \u00d6zy\u0131ld\u0131z\u2019\u0131n annesi Rodoslu bir Rum, babas\u0131 ise Trabzonludur. Ayn\u0131 zamanda \u00d6zy\u0131ld\u0131z\u2019\u0131n kendisinden iki ya\u015f k\u00fc\u00e7\u00fck bir k\u0131z karde\u015fi vard\u0131r.<\/p>\n<p><img loading=\"lazy\" decoding=\"async\" class=\"size-full wp-image-96721\" src=\"https:\/\/www.tgrthaber.com\/mavikadin\/wp-content\/uploads\/Adsiz-tasarim-72-1.jpg\" alt=\"\u015e\u00fckr\u00fc \u00d6zy\u0131ld\u0131z kimdir? \" width=\"1600\" height=\"900\" title=\"\" srcset=\"https:\/\/www.tgrthaber.com\/mavikadin\/wp-content\/uploads\/Adsiz-tasarim-72-1.jpg 1600w, https:\/\/www.tgrthaber.com\/mavikadin\/wp-content\/uploads\/Adsiz-tasarim-72-1-300x169.jpg 300w, https:\/\/www.tgrthaber.com\/mavikadin\/wp-content\/uploads\/Adsiz-tasarim-72-1-1024x576.jpg 1024w, https:\/\/www.tgrthaber.com\/mavikadin\/wp-content\/uploads\/Adsiz-tasarim-72-1-768x432.jpg 768w, https:\/\/www.tgrthaber.com\/mavikadin\/wp-content\/uploads\/Adsiz-tasarim-72-1-1536x864.jpg 1536w\" sizes=\"(max-width: 1600px) 100vw, 1600px\" \/><\/p>\n<p>\u0130lkokul, ortaokul ve lise e\u011fitimini ba\u015far\u0131yla tamamlayan \u015e\u00fckr\u00fc \u00d6zy\u0131ld\u0131z, y\u00fcksek\u00f6\u011frenimine \u0130stanbul Teknik \u00dcniversitesi Gemi Makineleri M\u00fchendisli\u011fi B\u00f6l\u00fcm\u00fcn\u00fc kazanarak ba\u015flam\u0131\u015ft\u0131r. Bu b\u00f6l\u00fcmde bir y\u0131l okuyan \u00d6zy\u0131ld\u0131z, tekrar s\u0131nava girerek bu kez Ege \u00dcniversitesi \u0130\u015fletme B\u00f6l\u00fcm\u00fcn\u00fc kazanm\u0131\u015f ve okumaya ba\u015flam\u0131\u015ft\u0131r. \u00d6zy\u0131ld\u0131z, kendini geli\u015ftirmek ad\u0131na daha sonra Erasmus program\u0131yla Portekiz\u2019e gitmi\u015ftir.<\/p>\n<h3>\u015e\u00dcKR\u00dc \u00d6ZYILDIZ KA\u00c7 YA\u015eINDA?<\/h3>\n<p>\u015eimdilerde 36 ya\u015f\u0131nda olan \u015e\u00fckr\u00fc \u00d6zy\u0131ld\u0131z\u2019\u0131n k\u00fc\u00e7\u00fckl\u00fc\u011f\u00fcnden beri d\u00f6v\u00fc\u015f sanatlar\u0131na ilgisi vard\u0131r. \u00d6zy\u0131ld\u0131z, bu ilgisini Erasmus program\u0131yla gitti\u011fi Portekiz\u2019de kafes d\u00f6v\u00fc\u015flerine kat\u0131larak geli\u015ftirmi\u015ftir. \u00d6zy\u0131ld\u0131z, daha sonra kafes d\u00f6v\u00fc\u015flerini b\u0131rakm\u0131\u015f ve kendisini oyunculuk sekt\u00f6r\u00fcne atm\u0131\u015ft\u0131r.<\/p>\n<p><img loading=\"lazy\" decoding=\"async\" class=\"size-full wp-image-96722\" src=\"https:\/\/www.tgrthaber.com\/mavikadin\/wp-content\/uploads\/Adsiz-tasarim-73.jpg\" alt=\"\u015e\u00fckr\u00fc \u00d6zy\u0131ld\u0131z kimdir? \" width=\"1600\" height=\"900\" title=\"\" srcset=\"https:\/\/www.tgrthaber.com\/mavikadin\/wp-content\/uploads\/Adsiz-tasarim-73.jpg 1600w, https:\/\/www.tgrthaber.com\/mavikadin\/wp-content\/uploads\/Adsiz-tasarim-73-300x169.jpg 300w, https:\/\/www.tgrthaber.com\/mavikadin\/wp-content\/uploads\/Adsiz-tasarim-73-1024x576.jpg 1024w, https:\/\/www.tgrthaber.com\/mavikadin\/wp-content\/uploads\/Adsiz-tasarim-73-768x432.jpg 768w, https:\/\/www.tgrthaber.com\/mavikadin\/wp-content\/uploads\/Adsiz-tasarim-73-1536x864.jpg 1536w\" sizes=\"(max-width: 1600px) 100vw, 1600px\" \/><\/p>\n<p>Olduk\u00e7a hiperaktif olan \u015e\u00fckr\u00fc \u00d6zy\u0131ld\u0131z, bu hareketlili\u011fini dizi setlerinde oyunculuk yaparak bast\u0131rm\u0131\u015ft\u0131r. \u00d6zy\u0131ld\u0131z, yurt d\u0131\u015f\u0131nda oyunculukla ilgili \u00e7e\u015fitli e\u011fitimlere kat\u0131larak kendini geli\u015ftirmi\u015ftir. Oyunculuk yapmak istedi\u011finden emin olan \u00d6zy\u0131ld\u0131z, M\u00fcjdat Gezen Sanat Merkezi&#8217;nde oyunculuk e\u011fitimi almaya karar vermi\u015ftir.<\/p>\n<h3>OYUNCULUK KAR\u0130YER\u0130NDE NASIL \u0130LERLED\u0130?<\/h3>\n<p>Oyunculuk e\u011fitimlerini tamamlad\u0131ktan sonra bir\u00e7ok reklam, tiyatro ve dizilerde rol alan \u015e\u00fckr\u00fc \u00d6zy\u0131ld\u0131z, ilk oyunculuk deneyimini 2011 y\u0131l\u0131nda yay\u0131mlanan NOW TV ekranlar\u0131nda izleyici kar\u015f\u0131s\u0131na \u00e7\u0131kan \u201cDerin Sular\u201d adl\u0131 g\u00fcnl\u00fck diziyle ger\u00e7ekle\u015ftirmi\u015ftir.<\/p>\n<p><img loading=\"lazy\" decoding=\"async\" class=\"size-full wp-image-96723\" src=\"https:\/\/www.tgrthaber.com\/mavikadin\/wp-content\/uploads\/Adsiz-tasarim-71-1.jpg\" alt=\"\u015e\u00fckr\u00fc \u00d6zy\u0131ld\u0131z kimdir? \" width=\"1600\" height=\"900\" title=\"\" srcset=\"https:\/\/www.tgrthaber.com\/mavikadin\/wp-content\/uploads\/Adsiz-tasarim-71-1.jpg 1600w, https:\/\/www.tgrthaber.com\/mavikadin\/wp-content\/uploads\/Adsiz-tasarim-71-1-300x169.jpg 300w, https:\/\/www.tgrthaber.com\/mavikadin\/wp-content\/uploads\/Adsiz-tasarim-71-1-1024x576.jpg 1024w, https:\/\/www.tgrthaber.com\/mavikadin\/wp-content\/uploads\/Adsiz-tasarim-71-1-768x432.jpg 768w, https:\/\/www.tgrthaber.com\/mavikadin\/wp-content\/uploads\/Adsiz-tasarim-71-1-1536x864.jpg 1536w\" sizes=\"(max-width: 1600px) 100vw, 1600px\" \/><\/p>\n<p>\u015e\u00fckr\u00fc \u00d6zy\u0131ld\u0131z, 2013 y\u0131l\u0131nda Star TV ekranlar\u0131nda seyirci kar\u015f\u0131s\u0131na \u00e7\u0131kan \u201cBenim Hala Umudum Var\u201d adl\u0131 dizide Gizem Karaca ve Berk Oktay ile ba\u015frol payla\u015fm\u0131\u015ft\u0131r. \u00d6zy\u0131ld\u0131z, daha sonra ilk sinema filmi deneyimini \u201cNeva\u201d adl\u0131 sinema filminde ba\u015frol oynayarak ger\u00e7ekle\u015ftirmi\u015ftir.<\/p>\n<h3>\u015e\u00dcKR\u00dc \u00d6ZYILDIZ\u2019IN YILDIZI NASIL PARLADI?<\/h3>\n<p>Oyunculuk kariyerinde \u00f6nemli bir noktaya gelen \u015e\u00fckr\u00fc \u00d6zy\u0131ld\u0131z, 2014-2015 y\u0131llar\u0131 aras\u0131nda yay\u0131mlanan \u201c\u015eeref Meselesi\u201d dizisinde \u201cEmir\u201d karakterine can vermi\u015ftir. Emir karakteriyle ad\u0131ndan s\u00f6z ettiren \u00d6zy\u0131ld\u0131z, ba\u015far\u0131l\u0131 oyunculu\u011fuyla herkesi etkilemi\u015ftir.<\/p>\n<p>\u015e\u00fckr\u00fc \u00d6zy\u0131ld\u0131z, daha sonra Star TV ekranlar\u0131nda olduk\u00e7a ilgi g\u00f6ren \u201cTatl\u0131 K\u00fc\u00e7\u00fck Yalanc\u0131lar\u201d adl\u0131 dizide \u201cEren\u201d karakterine can vermi\u015ftir. Eren karakteriyle oyunculu\u011funun zirvesini yakalayan \u00d6zy\u0131ld\u0131z, ba\u015far\u0131l\u0131 performans\u0131yla dikkatleri \u00fczerine toplam\u0131\u015ft\u0131r.<\/p>\n<p><img loading=\"lazy\" decoding=\"async\" class=\"size-full wp-image-96725\" src=\"https:\/\/www.tgrthaber.com\/mavikadin\/wp-content\/uploads\/Adsiz-tasarim-76.jpg\" alt=\"\u015e\u00fckr\u00fc \u00d6zy\u0131ld\u0131z kimdir? \" width=\"1600\" height=\"900\" title=\"\" srcset=\"https:\/\/www.tgrthaber.com\/mavikadin\/wp-content\/uploads\/Adsiz-tasarim-76.jpg 1600w, https:\/\/www.tgrthaber.com\/mavikadin\/wp-content\/uploads\/Adsiz-tasarim-76-300x169.jpg 300w, https:\/\/www.tgrthaber.com\/mavikadin\/wp-content\/uploads\/Adsiz-tasarim-76-1024x576.jpg 1024w, https:\/\/www.tgrthaber.com\/mavikadin\/wp-content\/uploads\/Adsiz-tasarim-76-768x432.jpg 768w, https:\/\/www.tgrthaber.com\/mavikadin\/wp-content\/uploads\/Adsiz-tasarim-76-1536x864.jpg 1536w\" sizes=\"(max-width: 1600px) 100vw, 1600px\" \/><\/p>\n<p>\u015e\u00fckr\u00fc \u00d6zy\u0131ld\u0131z, daha sonra 2016 y\u0131l\u0131nda Show TV ekranlar\u0131nda yay\u0131mlanan \u201cK\u0131\u015f G\u00fcne\u015fi\u201d adl\u0131 dizide Efe-Mete karakterlerini canland\u0131rm\u0131\u015ft\u0131r. Fakat dizi reyting kurban\u0131 olmu\u015f ve 18. b\u00f6l\u00fcmde final karar\u0131 alm\u0131\u015ft\u0131r.<\/p>\n<h3>ESAS O\u011eLAN D\u0130Z\u0130S\u0130YLE G\u00dcNDEME GEL\u0130YOR!<\/h3>\n<p>Oyunculuk kariyerinde ba\u015far\u0131l\u0131 i\u015flere imza atan \u015e\u00fckr\u00fc \u00d6zy\u0131ld\u0131z, 2019 y\u0131l\u0131nda izleyici kar\u015f\u0131s\u0131na \u00e7\u0131kan Alice M\u00fczikalinde \u201c\u015eapkac\u0131\u201d karakteriyle b\u00fcy\u00fck ses getirmi\u015ftir. \u00d6zy\u0131ld\u0131z, bunun yan\u0131 s\u0131ra 2021 y\u0131l\u0131nda \u201cAk\u0131nc\u0131\u201d dizisiyle, 2023 y\u0131l\u0131nda \u201cRuhun Duymaz\u201d dizisiyle ve 2022-2023 y\u0131llar\u0131 aras\u0131nda dijital platformda yay\u0131mlanan \u201cA\u015fk Taktikleri\u201d dizisiyle ad\u0131ndan s\u00f6z ettirmi\u015ftir.<\/p>\n<p><img loading=\"lazy\" decoding=\"async\" class=\"size-full wp-image-96726\" src=\"https:\/\/www.tgrthaber.com\/mavikadin\/wp-content\/uploads\/Adsiz-tasarim-77.jpg\" alt=\"\u015e\u00fckr\u00fc \u00d6zy\u0131ld\u0131z kimdir? \" width=\"1600\" height=\"900\" title=\"\" srcset=\"https:\/\/www.tgrthaber.com\/mavikadin\/wp-content\/uploads\/Adsiz-tasarim-77.jpg 1600w, https:\/\/www.tgrthaber.com\/mavikadin\/wp-content\/uploads\/Adsiz-tasarim-77-300x169.jpg 300w, https:\/\/www.tgrthaber.com\/mavikadin\/wp-content\/uploads\/Adsiz-tasarim-77-1024x576.jpg 1024w, https:\/\/www.tgrthaber.com\/mavikadin\/wp-content\/uploads\/Adsiz-tasarim-77-768x432.jpg 768w, https:\/\/www.tgrthaber.com\/mavikadin\/wp-content\/uploads\/Adsiz-tasarim-77-1536x864.jpg 1536w\" sizes=\"(max-width: 1600px) 100vw, 1600px\" \/><\/p>\n<p>\u015e\u00fckr\u00fc \u00d6zy\u0131ld\u0131z, yeni sezonda ATV ekranlar\u0131nda izleyici kar\u015f\u0131s\u0131na \u00e7\u0131kan \u201cKaradut\u201d dizisinde \u201cTayfun\u201d karakterine can vermi\u015ftir. Fakat dizi reyting kurban\u0131 olmu\u015f ve \u00e7ok k\u0131sa s\u00fcrerek 6. b\u00f6l\u00fcmde final yapma karar\u0131 alm\u0131\u015ft\u0131r.<\/p>\n<p>\u015eimdilerde \u201cEsas O\u011flan\u201d adl\u0131 dijital platformda yay\u0131mlanacak olan dizide \u201cOzan\u201d karakterine can veren \u015e\u00fckr\u00fc \u00d6zy\u0131ld\u0131z\u2019\u0131n dizideki performans\u0131 merak ediliyor. \u00dcnl\u00fc oyuncu Esas O\u011flan dizisinde ba\u015far\u0131l\u0131 isimler, Seda Bakan, Hadise ve Serhat Teoman ile ba\u015frolleri payla\u015f\u0131yor. Bug\u00fcn itibariyle yay\u0131mlanmaya ba\u015flayan dizi izleyiciler taraf\u0131ndan olduk\u00e7a merak ediliyor.<\/p>\n<p><img loading=\"lazy\" decoding=\"async\" class=\"size-full wp-image-96727\" src=\"https:\/\/www.tgrthaber.com\/mavikadin\/wp-content\/uploads\/Adsiz-tasarim-74.jpg\" alt=\"\u015e\u00fckr\u00fc \u00d6zy\u0131ld\u0131z kimdir? \" width=\"1600\" height=\"900\" title=\"\" srcset=\"https:\/\/www.tgrthaber.com\/mavikadin\/wp-content\/uploads\/Adsiz-tasarim-74.jpg 1600w, https:\/\/www.tgrthaber.com\/mavikadin\/wp-content\/uploads\/Adsiz-tasarim-74-300x169.jpg 300w, https:\/\/www.tgrthaber.com\/mavikadin\/wp-content\/uploads\/Adsiz-tasarim-74-1024x576.jpg 1024w, https:\/\/www.tgrthaber.com\/mavikadin\/wp-content\/uploads\/Adsiz-tasarim-74-768x432.jpg 768w, https:\/\/www.tgrthaber.com\/mavikadin\/wp-content\/uploads\/Adsiz-tasarim-74-1536x864.jpg 1536w\" sizes=\"(max-width: 1600px) 100vw, 1600px\" \/><\/p>\n<h3>\u015e\u00dcKR\u00dc \u00d6ZYILDIZ\u2019IN ROL ALDI\u011eI D\u0130Z\u0130LER<\/h3>\n<p>Derin Sular (2011)<br \/>\nFatmag\u00fcl&#8217;\u00fcn Su\u00e7u Ne (2011-2012)<br \/>\nU\u00e7urum (2012)<br \/>\nBenim Hala Umudum Var (2013-2014)<br \/>\n\u00c7al\u0131ku\u015fu (2014)<br \/>\n\u015eeref Meselesi (2014-2015)<br \/>\nUlan \u0130stanbul (2014)<\/p>\n<p>Tatl\u0131 K\u00fc\u00e7\u00fck Yalanc\u0131lar (2015)<br \/>\nK\u0131\u015f G\u00fcne\u015fi (2016)<br \/>\n\u00c7oban Y\u0131ld\u0131z\u0131 (2017)<br \/>\nNefes Nefese (2018)<br \/>\nAlice M\u00fczikali (2019)<\/p>\n<p>Jet Sosyete (2019)<br \/>\nAk\u0131nc\u0131 (2021)<br \/>\nMasumlar Apartman\u0131 (2022)<br \/>\nRuhun Duymaz (2023)<\/p>\n<h3>\u015e\u00dcKR\u00dc \u00d6ZYILDIZ\u2019IN ROL ALDI\u011eI F\u0130LMLER<\/h3>\n<p>Neva (2013)<br \/>\nSevimli Tehlikeli (2015)<br \/>\nK\u0131r\u0131k Kalpler Bankas\u0131<br \/>\nHer \u015eey A\u015fktan (2016)<br \/>\nEk\u015fi Elmalar<br \/>\nCebimdeki Yabanc\u0131 (2018)<br \/>\nArif V 216<\/p>\n<p>A\u015fk Taktikleri (2022)<br \/>\nA\u015fk Taktikleri 2 (2023)<\/p>\n<p>&nbsp;<\/p>\n","protected":false},"excerpt":{"rendered":"<p>Esas O\u011flan dizisi ile izleyici kar\u015f\u0131s\u0131na \u00e7\u0131kacak olan \u015e\u00fckr\u00fc \u00d6zy\u0131ld\u0131z\u2019\u0131n kim oldu\u011fu merak edildi. Ba\u015far\u0131l\u0131 oyunculu\u011fuyla ad\u0131ndan s\u00f6z ettiren \u015e\u00fckr\u00fc \u00d6zy\u0131ld\u0131z kimdir? \u015e\u00fckr\u00fc \u00d6zy\u0131ld\u0131z ka\u00e7 ya\u015f\u0131nda, nereli? \u015e\u00fckr\u00fc \u00d6zy\u0131ld\u0131z hakk\u0131nda merak edilenler\u2026 <\/p>\n","protected":false},"author":26,"featured_media":96729,"comment_status":"closed","ping_status":"closed","sticky":false,"template":"","format":"standard","meta":{"rank_math_lock_modified_date":false,"footnotes":""},"categories":[491],"tags":[2486,2556],"class_list":["post-96719","post","type-post","status-publish","format-standard","has-post-thumbnail","hentry","category-biyografi","tag-esas-oglan","tag-sukru-ozyildiz"],"_links":{"self":[{"href":"https:\/\/www.tgrthaber.com\/mavikadin\/wp-json\/wp\/v2\/posts\/96719"}],"collection":[{"href":"https:\/\/www.tgrthaber.com\/mavikadin\/wp-json\/wp\/v2\/posts"}],"about":[{"href":"https:\/\/www.tgrthaber.com\/mavikadin\/wp-json\/wp\/v2\/types\/post"}],"author":[{"embeddable":true,"href":"https:\/\/www.tgrthaber.com\/mavikadin\/wp-json\/wp\/v2\/users\/26"}],"replies":[{"embeddable":true,"href":"https:\/\/www.tgrthaber.com\/mavikadin\/wp-json\/wp\/v2\/comments?post=96719"}],"version-history":[{"count":1,"href":"https:\/\/www.tgrthaber.com\/mavikadin\/wp-json\/wp\/v2\/posts\/96719\/revisions"}],"predecessor-version":[{"id":96730,"href":"https:\/\/www.tgrthaber.com\/mavikadin\/wp-json\/wp\/v2\/posts\/96719\/revisions\/96730"}],"wp:featuredmedia":[{"embeddable":true,"href":"https:\/\/www.tgrthaber.com\/mavikadin\/wp-json\/wp\/v2\/media\/96729"}],"wp:attachment":[{"href":"https:\/\/www.tgrthaber.com\/mavikadin\/wp-json\/wp\/v2\/media?parent=96719"}],"wp:term":[{"taxonomy":"category","embeddable":true,"href":"https:\/\/www.tgrthaber.com\/mavikadin\/wp-json\/wp\/v2\/categories?post=96719"},{"taxonomy":"post_tag","embeddable":true,"href":"https:\/\/www.tgrthaber.com\/mavikadin\/wp-json\/wp\/v2\/tags?post=96719"}],"curies":[{"name":"wp","href":"https:\/\/api.w.org\/{rel}","templated":true}]}}