{"id":96907,"date":"2024-11-22T21:07:07","date_gmt":"2024-11-22T18:07:07","guid":{"rendered":"https:\/\/www.tgrthaber.com\/mavikadin\/?p=96907"},"modified":"2024-11-23T00:59:40","modified_gmt":"2024-11-22T21:59:40","slug":"yali-capkini-dizisinden-sasirtan-haber-ekrana-erken-veda-ediyor","status":"publish","type":"post","link":"https:\/\/www.tgrthaber.com\/mavikadin\/yali-capkini-dizisinden-sasirtan-haber-ekrana-erken-veda-ediyor\/","title":{"rendered":"Yal\u0131 \u00c7apk\u0131n\u0131 dizisinden \u015fa\u015f\u0131rtan haber, final iddialar\u0131yla g\u00fcndeme geldi! Ekrana erken veda ediyor"},"content":{"rendered":"<p>Star TV ekranlar\u0131n\u0131n sevilen dizisi Yal\u0131 \u00c7apk\u0131n\u0131, s\u00fcrpriz bir ayr\u0131l\u0131k haberiyle g\u00fcndemde. \u00dc\u00e7 sezondur devam eden dizide, bu sezon Diyar karakteriyle hik\u00e2yeye dahil olan ba\u015far\u0131l\u0131 oyuncu Pelin Akil, planlanandan daha erken bir \u015fekilde diziye veda ediyor. Diyar karakteri ile ekranda boy g\u00f6steren oyuncunun diziden ayr\u0131lmas\u0131n\u0131n ard\u0131ndan Yal\u0131 \u00c7apk\u0131n\u0131 final iddialar\u0131 da g\u00fcndemi me\u015fgul etmeye devam ediyor.<\/p>\n<h3>D\u0130YAR YALI \u00c7APKINI&#8217;NA VEDA ED\u0130YOR<\/h3>\n<p>Diyar karakteri, ba\u015flarda Ferit\u2019in (Mert Ramazan Demir) hayat\u0131nda \u00f6nemli bir yere sahip olumlu bir fig\u00fcr olarak sunulmu\u015ftu. Ancak senaryonun ilerleyen b\u00f6l\u00fcmlerinde karakterin daha k\u00f6t\u00fc bir karaktere evrilmesi, Pelin Akil\u2019in ayr\u0131l\u0131k karar\u0131nda etkili oldu. Akil\u2019in bu de\u011fi\u015fimle ilgili yap\u0131m ekibine ayr\u0131lmak istedi\u011fini iletti\u011fi \u00f6\u011frenildi.<\/p>\n<p><img loading=\"lazy\" decoding=\"async\" class=\"alignnone wp-image-96912\" src=\"https:\/\/www.tgrthaber.com\/mavikadin\/wp-content\/uploads\/6-5-850x653-1.jpg\" alt=\"\" width=\"1058\" height=\"813\" title=\"\" srcset=\"https:\/\/www.tgrthaber.com\/mavikadin\/wp-content\/uploads\/6-5-850x653-1.jpg 850w, https:\/\/www.tgrthaber.com\/mavikadin\/wp-content\/uploads\/6-5-850x653-1-300x230.jpg 300w, https:\/\/www.tgrthaber.com\/mavikadin\/wp-content\/uploads\/6-5-850x653-1-768x590.jpg 768w\" sizes=\"(max-width: 1058px) 100vw, 1058px\" \/><\/p>\n<p>\u00d6te yandan, Akil\u2019in bu sezon sahneleyece\u011fi yeni bir tiyatro oyununda da rol alaca\u011f\u0131 ve bu nedenle yo\u011fun bir prova s\u00fcrecine girdi\u011fi belirtildi. T\u00fcm bu etkenler, oyuncunun birka\u00e7 b\u00f6l\u00fcm sonra planlanan vedas\u0131n\u0131n erkene al\u0131nmas\u0131na neden oldu. D\u00fcn son kez sete \u00e7\u0131kan Pelin Akil, ekibe duygusal anlarla veda etti.<\/p>\n<p><img loading=\"lazy\" decoding=\"async\" class=\"alignnone wp-image-96913\" src=\"https:\/\/www.tgrthaber.com\/mavikadin\/wp-content\/uploads\/1045-1024x683.jpg\" alt=\"\" width=\"1057\" height=\"705\" title=\"\" srcset=\"https:\/\/www.tgrthaber.com\/mavikadin\/wp-content\/uploads\/1045-1024x683.jpg 1024w, https:\/\/www.tgrthaber.com\/mavikadin\/wp-content\/uploads\/1045-300x200.jpg 300w, https:\/\/www.tgrthaber.com\/mavikadin\/wp-content\/uploads\/1045-768x512.jpg 768w, https:\/\/www.tgrthaber.com\/mavikadin\/wp-content\/uploads\/1045-1536x1024.jpg 1536w, https:\/\/www.tgrthaber.com\/mavikadin\/wp-content\/uploads\/1045-2048x1365.jpg 2048w\" sizes=\"(max-width: 1057px) 100vw, 1057px\" \/><\/p>\n<h3>YALI \u00c7APKINI F\u0130NAL M\u0130 YAPIYOR?<\/h3>\n<p>Yal\u0131 \u00c7apk\u0131n\u0131, son d\u00f6nemde reytinglerde ya\u015fad\u0131\u011f\u0131 dalgalanmalarla dikkat \u00e7ekiyor. Kulislere s\u0131zan bilgilere g\u00f6re, e\u011fer reytinglerde beklenen art\u0131\u015f sa\u011flanmazsa dizinin y\u0131lba\u015f\u0131 sonras\u0131nda final yapaca\u011f\u0131 konu\u015fuluyor. Ancak hen\u00fcz yap\u0131m ekibinden bu konuda net bir a\u00e7\u0131klama gelmedi.<\/p>\n<p><img loading=\"lazy\" decoding=\"async\" class=\"alignnone wp-image-96914\" src=\"https:\/\/www.tgrthaber.com\/mavikadin\/wp-content\/uploads\/478-1024x683.jpg\" alt=\"\" width=\"1057\" height=\"705\" title=\"\" srcset=\"https:\/\/www.tgrthaber.com\/mavikadin\/wp-content\/uploads\/478-1024x683.jpg 1024w, https:\/\/www.tgrthaber.com\/mavikadin\/wp-content\/uploads\/478-300x200.jpg 300w, https:\/\/www.tgrthaber.com\/mavikadin\/wp-content\/uploads\/478-768x512.jpg 768w, https:\/\/www.tgrthaber.com\/mavikadin\/wp-content\/uploads\/478-1536x1024.jpg 1536w, https:\/\/www.tgrthaber.com\/mavikadin\/wp-content\/uploads\/478-2048x1365.jpg 2048w\" sizes=\"(max-width: 1057px) 100vw, 1057px\" \/><\/p>\n<h3>YALI \u00c7APKINI \u0130ZLEY\u0130C\u0130LER\u0130NDEN TEPK\u0130 YA\u011eDI<\/h3>\n<p>Ge\u00e7ti\u011fimiz sezonun finalinde Seyran ve Ferit\u2019in birbirlerine olan b\u00fcy\u00fck a\u015fk\u0131, izleyicileri adeta ekrana kilitledi. Ancak yeni sezonun ba\u015f\u0131nda ya\u015fanan iki y\u0131ll\u0131k zaman atlamas\u0131 ve ikilinin farkl\u0131 hayatlar s\u00fcrd\u00fcrmesi izleyicilerden b\u00fcy\u00fck tepki toplad\u0131. Seyran ve Ferit\u2019i ba\u015fkalar\u0131yla g\u00f6rmek istemeyen hayranlar\u0131, sosyal medyada tepkilerini dile getirdi. Baz\u0131 izleyiciler, diziyi tamamen izlemeyi b\u0131rakacaklar\u0131n\u0131 ifade ederken reytinglerde ya\u015fanan ini\u015f \u00e7\u0131k\u0131\u015flar da bu durumun etkisini g\u00f6zler \u00f6n\u00fcne serdi.<\/p>\n<p>Bu sezon Yal\u0131 \u00c7apk\u0131n\u0131 ekibine Diyar karakteriyle kat\u0131lan Pelin Akil, dizideki performans\u0131yla dikkat \u00e7ekse de canland\u0131rd\u0131\u011f\u0131 karakter, \u00f6zellikle Seyran ve Ferit\u2019in fanlar\u0131 aras\u0131nda ho\u015f kar\u015f\u0131lanmad\u0131. Seyran ve Ferit\u2019in a\u015fk\u0131na engel olan Diyar\u2019\u0131n hik\u00e2yedeki rol\u00fc, izleyiciler taraf\u0131ndan ele\u015ftirildi.<\/p>\n<p><img loading=\"lazy\" decoding=\"async\" class=\"alignnone wp-image-96917\" src=\"https:\/\/www.tgrthaber.com\/mavikadin\/wp-content\/uploads\/6-scaled-1-1024x683-1.jpg\" alt=\"\" width=\"1060\" height=\"707\" title=\"\" srcset=\"https:\/\/www.tgrthaber.com\/mavikadin\/wp-content\/uploads\/6-scaled-1-1024x683-1.jpg 1024w, https:\/\/www.tgrthaber.com\/mavikadin\/wp-content\/uploads\/6-scaled-1-1024x683-1-300x200.jpg 300w, https:\/\/www.tgrthaber.com\/mavikadin\/wp-content\/uploads\/6-scaled-1-1024x683-1-768x512.jpg 768w\" sizes=\"(max-width: 1060px) 100vw, 1060px\" \/><\/p>\n<p>Seyran\u2019\u0131n yeni partneri Altan ile olan sahneleri de izleyicilerin sabr\u0131n\u0131 ta\u015f\u0131rd\u0131. \u0130kilinin birbirine duydu\u011fu ilgiyi g\u00f6rmek istemeyen hayranlar, sosyal medyada adeta isyan etti. Bunun \u00fczerine senaristler, Seyran ve Ferit\u2019i yeniden bir araya getirmek i\u00e7in senaryoda de\u011fi\u015fiklik yapma karar\u0131 ald\u0131.<\/p>\n","protected":false},"excerpt":{"rendered":"<p>Yal\u0131 \u00c7apk\u0131n\u0131 dizisinde bu ak\u015fam s\u00fcrpriz bir ayr\u0131l\u0131k ya\u015fanacak. Diyar karakteriyle izleyici kar\u015f\u0131s\u0131na \u00e7\u0131kan Pelin Akil, planlanandan erken veda ediyor. Y\u0131lba\u015f\u0131 sonras\u0131 ise dizinin final yapma ihtimali var. \u0130\u015fte Yal\u0131 \u00c7apk\u0131n\u0131 ile ilgili geli\u015fmeler.<\/p>\n","protected":false},"author":4,"featured_media":96910,"comment_status":"closed","ping_status":"closed","sticky":false,"template":"","format":"standard","meta":{"rank_math_lock_modified_date":false,"footnotes":""},"categories":[602],"tags":[2641,322,2507,2505,2643,2638,2642],"class_list":["post-96907","post","type-post","status-publish","format-standard","has-post-thumbnail","hentry","category-diziler","tag-diyar-karakteri","tag-final","tag-pelin-akil","tag-yali-capkini","tag-yali-capkini-diyar","tag-yali-capkini-final","tag-yali-capknii-final"],"_links":{"self":[{"href":"https:\/\/www.tgrthaber.com\/mavikadin\/wp-json\/wp\/v2\/posts\/96907"}],"collection":[{"href":"https:\/\/www.tgrthaber.com\/mavikadin\/wp-json\/wp\/v2\/posts"}],"about":[{"href":"https:\/\/www.tgrthaber.com\/mavikadin\/wp-json\/wp\/v2\/types\/post"}],"author":[{"embeddable":true,"href":"https:\/\/www.tgrthaber.com\/mavikadin\/wp-json\/wp\/v2\/users\/4"}],"replies":[{"embeddable":true,"href":"https:\/\/www.tgrthaber.com\/mavikadin\/wp-json\/wp\/v2\/comments?post=96907"}],"version-history":[{"count":4,"href":"https:\/\/www.tgrthaber.com\/mavikadin\/wp-json\/wp\/v2\/posts\/96907\/revisions"}],"predecessor-version":[{"id":96957,"href":"https:\/\/www.tgrthaber.com\/mavikadin\/wp-json\/wp\/v2\/posts\/96907\/revisions\/96957"}],"wp:featuredmedia":[{"embeddable":true,"href":"https:\/\/www.tgrthaber.com\/mavikadin\/wp-json\/wp\/v2\/media\/96910"}],"wp:attachment":[{"href":"https:\/\/www.tgrthaber.com\/mavikadin\/wp-json\/wp\/v2\/media?parent=96907"}],"wp:term":[{"taxonomy":"category","embeddable":true,"href":"https:\/\/www.tgrthaber.com\/mavikadin\/wp-json\/wp\/v2\/categories?post=96907"},{"taxonomy":"post_tag","embeddable":true,"href":"https:\/\/www.tgrthaber.com\/mavikadin\/wp-json\/wp\/v2\/tags?post=96907"}],"curies":[{"name":"wp","href":"https:\/\/api.w.org\/{rel}","templated":true}]}}