{"id":96995,"date":"2024-11-23T10:00:38","date_gmt":"2024-11-23T07:00:38","guid":{"rendered":"https:\/\/www.tgrthaber.com\/mavikadin\/?p=96995"},"modified":"2024-11-23T10:01:49","modified_gmt":"2024-11-23T07:01:49","slug":"danla-bilic-youtubeu-neden-biraktigini-acikladi-aciklamasi-sasirtti","status":"publish","type":"post","link":"https:\/\/www.tgrthaber.com\/mavikadin\/danla-bilic-youtubeu-neden-biraktigini-acikladi-aciklamasi-sasirtti\/","title":{"rendered":"Danla Bilic Youtube&#8217;u neden b\u0131rakt\u0131\u011f\u0131n\u0131 a\u00e7\u0131klad\u0131! A\u00e7\u0131klamas\u0131 \u015fa\u015f\u0131rtt\u0131"},"content":{"rendered":"<p>Instagram takip\u00e7isi 5,9 milyon olan Danla Bilic YouTube platformunda da video payla\u015f\u0131mlar\u0131 yap\u0131yordu. Ancak YouTube&#8217;u b\u0131rakan Bilic hayranlar\u0131n\u0131n sorular\u0131yla kar\u015f\u0131 kar\u015f\u0131ya kal\u0131nca a\u00e7\u0131klama yapt\u0131.<\/p>\n<h3>DANLA B\u0130L\u0130C YOUTUBE&#8217;U NEDEN BIRAKTI\u011eINI A\u00c7IKLADI!<\/h3>\n<p>Youtube&#8217;u neden b\u0131rakt\u0131\u011f\u0131n\u0131 a\u00e7\u0131klayan Danla Bilic a\u00e7\u0131klamalar\u0131yla \u015fa\u015f\u0131rtt\u0131. Sosyal medyaya Youtube ile giri\u015f yapan Bilic bu sayede ad\u0131n\u0131 geni\u015f kitlelere duyurmay\u0131 ba\u015farm\u0131\u015ft\u0131. Youtube&#8217;u neden b\u0131rakt\u0131\u011f\u0131n\u0131 a\u00e7\u0131klayan Danla Bilic, &#8220;G\u00fczellik alg\u0131m de\u011fi\u015fti.&#8221; dedi.<\/p>\n<figure id=\"attachment_96997\" aria-describedby=\"caption-attachment-96997\" style=\"width: 1080px\" class=\"wp-caption alignnone\"><img loading=\"lazy\" decoding=\"async\" class=\"size-full wp-image-96997\" src=\"https:\/\/www.tgrthaber.com\/mavikadin\/wp-content\/uploads\/Yine-bi-geceye-sadece-Maybellinelerimle-Babelline-olarak-hazirlandim-@maybelline-@makyajsehirde-maybelline-isbirligi.jpg\" alt=\"Danla Bilic \" width=\"1080\" height=\"1349\" title=\"\" srcset=\"https:\/\/www.tgrthaber.com\/mavikadin\/wp-content\/uploads\/Yine-bi-geceye-sadece-Maybellinelerimle-Babelline-olarak-hazirlandim-@maybelline-@makyajsehirde-maybelline-isbirligi.jpg 1080w, https:\/\/www.tgrthaber.com\/mavikadin\/wp-content\/uploads\/Yine-bi-geceye-sadece-Maybellinelerimle-Babelline-olarak-hazirlandim-@maybelline-@makyajsehirde-maybelline-isbirligi-240x300.jpg 240w, https:\/\/www.tgrthaber.com\/mavikadin\/wp-content\/uploads\/Yine-bi-geceye-sadece-Maybellinelerimle-Babelline-olarak-hazirlandim-@maybelline-@makyajsehirde-maybelline-isbirligi-820x1024.jpg 820w, https:\/\/www.tgrthaber.com\/mavikadin\/wp-content\/uploads\/Yine-bi-geceye-sadece-Maybellinelerimle-Babelline-olarak-hazirlandim-@maybelline-@makyajsehirde-maybelline-isbirligi-768x959.jpg 768w\" sizes=\"(max-width: 1080px) 100vw, 1080px\" \/><figcaption id=\"caption-attachment-96997\" class=\"wp-caption-text\">Danla Bilic<\/figcaption><\/figure>\n<h3>&#8220;G\u00dcZELL\u0130K ALGIM DE\u011e\u0130\u015eT\u0130&#8221;<\/h3>\n<p>H\u00fclya Av\u015far&#8217;\u0131n program\u0131na konuk olan 30 ya\u015f\u0131ndaki Bilic, yapt\u0131\u011f\u0131 a\u00e7\u0131klamada, &#8220;Keyif almamaya ba\u015flad\u0131m. \u015eimdi de k\u0131sa k\u0131sa \u015feyler \u00fcretmeye ba\u015flad\u0131m. Youtube&#8217;a hi\u00e7bir \u015fey \u00fcretmiyorum. Bir de hala ilk ba\u015flad\u0131\u011f\u0131m zamanlardaki enerjimi istiyorlar. O yok \u015fu an. O zamanlar nas\u0131l g\u00f6r\u00fcnd\u00fc\u011f\u00fcmle alakal\u0131 kayg\u0131lar\u0131m yoktu. Bir anda kilo ald\u0131m. Hi\u00e7 umrumda de\u011fildi. G\u00fczellik alg\u0131m de\u011fi\u015fti. Onlar da etkiledi o zaman komiklik kalmad\u0131.&#8221; dedi.<\/p>\n<p>Sosyal medyada i\u00e7erik \u00fcretmeye ba\u015flad\u0131\u011f\u0131nda ailesinin tepkisini de anlatan \u00fcnl\u00fc fenomen, &#8220;Ailem ilk ba\u015fta ne yap\u0131yorsun dediler. Babam bir mesaj att\u0131 &#8216;O kanal\u0131 hemen kapat\u0131yorsun.&#8217; Babam\u0131n tek derdi okumamd\u0131. Normalde babama hay\u0131r demem ve inat ettim. Bir s\u00fcre sonra i\u015f aferin k\u0131z\u0131ma d\u00f6nd\u00fc. &#8221; ifadelerini kulland\u0131.<\/p>\n<p>Twitter sayesinde daha \u00e7ok \u00fcnlenen fenomen, &#8220;Twitter kullanmaya ba\u015fl\u0131yorum. D\u00fcmd\u00fcz bir hesap. Arda denk geliyor b\u00f6yle konsept var akl\u0131mda. Sonra bir hafta i\u00e7erisinde beni kamera kar\u015f\u0131s\u0131na oturtuyorlar. \u0130lk g\u00fcn video 300 bin izlendi. Ben bir hafta i\u00e7erisinde \u00fcnl\u00fc oldum. Burnumu yapt\u0131rd\u0131m, orta y\u00fcz gerdirdim. Dudaklar\u0131m dolgu. Mide ameliyat\u0131m var. Ailem mide ameliyat\u0131n\u0131 bilmiyordu&#8221; dedi.<\/p>\n<figure id=\"attachment_96998\" aria-describedby=\"caption-attachment-96998\" style=\"width: 1080px\" class=\"wp-caption alignnone\"><img loading=\"lazy\" decoding=\"async\" class=\"size-full wp-image-96998\" src=\"https:\/\/www.tgrthaber.com\/mavikadin\/wp-content\/uploads\/paris-fashion-week-bebegim-goster-onlara-esofman-nasil-giyilir.jpg\" alt=\"Danla Bilic \" width=\"1080\" height=\"1350\" title=\"\" srcset=\"https:\/\/www.tgrthaber.com\/mavikadin\/wp-content\/uploads\/paris-fashion-week-bebegim-goster-onlara-esofman-nasil-giyilir.jpg 1080w, https:\/\/www.tgrthaber.com\/mavikadin\/wp-content\/uploads\/paris-fashion-week-bebegim-goster-onlara-esofman-nasil-giyilir-240x300.jpg 240w, https:\/\/www.tgrthaber.com\/mavikadin\/wp-content\/uploads\/paris-fashion-week-bebegim-goster-onlara-esofman-nasil-giyilir-819x1024.jpg 819w, https:\/\/www.tgrthaber.com\/mavikadin\/wp-content\/uploads\/paris-fashion-week-bebegim-goster-onlara-esofman-nasil-giyilir-768x960.jpg 768w\" sizes=\"(max-width: 1080px) 100vw, 1080px\" \/><figcaption id=\"caption-attachment-96998\" class=\"wp-caption-text\">Danla Bilic<\/figcaption><\/figure>\n<h3>&#8220;EVL\u0130L\u0130K BANA \u00c7OK \u00dcTOP\u0130K GEL\u0130YOR&#8221;<\/h3>\n<p>H\u00fclya Av\u015far&#8217;\u0131n evlilik sorusuna Bilic \u015fu cevab\u0131 verdi:<br \/>\nArt\u0131k arkada\u015flar\u0131m evlenmeye ba\u015flad\u0131. Ben hi\u00e7 kendimi orada hayal etmedim. Bana \u00e7ok \u00fctopik geliyor, gelinlikle insanlar\u0131n i\u00e7inde y\u00fcr\u00fcmem. Ger\u00e7ekten 3-4 evlilik yapar\u0131m ya da.<\/p>\n","protected":false},"excerpt":{"rendered":"<p>Payla\u015ft\u0131\u011f\u0131 videolarla milyonlara ula\u015fan sosyal medya fenomeni Danla Bilic Youtube&#8217;u neden b\u0131rakt\u0131\u011f\u0131n\u0131 a\u00e7\u0131klad\u0131. Fenomen ismin samimi a\u00e7\u0131klamas\u0131 takip\u00e7ilerini \u015fa\u015f\u0131rtt\u0131.<\/p>\n","protected":false},"author":5,"featured_media":96996,"comment_status":"closed","ping_status":"closed","sticky":false,"template":"","format":"standard","meta":{"rank_math_lock_modified_date":false,"footnotes":""},"categories":[76],"tags":[2654,2655],"class_list":["post-96995","post","type-post","status-publish","format-standard","has-post-thumbnail","hentry","category-magazin","tag-danla-bilic","tag-fenomen-danla"],"_links":{"self":[{"href":"https:\/\/www.tgrthaber.com\/mavikadin\/wp-json\/wp\/v2\/posts\/96995"}],"collection":[{"href":"https:\/\/www.tgrthaber.com\/mavikadin\/wp-json\/wp\/v2\/posts"}],"about":[{"href":"https:\/\/www.tgrthaber.com\/mavikadin\/wp-json\/wp\/v2\/types\/post"}],"author":[{"embeddable":true,"href":"https:\/\/www.tgrthaber.com\/mavikadin\/wp-json\/wp\/v2\/users\/5"}],"replies":[{"embeddable":true,"href":"https:\/\/www.tgrthaber.com\/mavikadin\/wp-json\/wp\/v2\/comments?post=96995"}],"version-history":[{"count":2,"href":"https:\/\/www.tgrthaber.com\/mavikadin\/wp-json\/wp\/v2\/posts\/96995\/revisions"}],"predecessor-version":[{"id":97000,"href":"https:\/\/www.tgrthaber.com\/mavikadin\/wp-json\/wp\/v2\/posts\/96995\/revisions\/97000"}],"wp:featuredmedia":[{"embeddable":true,"href":"https:\/\/www.tgrthaber.com\/mavikadin\/wp-json\/wp\/v2\/media\/96996"}],"wp:attachment":[{"href":"https:\/\/www.tgrthaber.com\/mavikadin\/wp-json\/wp\/v2\/media?parent=96995"}],"wp:term":[{"taxonomy":"category","embeddable":true,"href":"https:\/\/www.tgrthaber.com\/mavikadin\/wp-json\/wp\/v2\/categories?post=96995"},{"taxonomy":"post_tag","embeddable":true,"href":"https:\/\/www.tgrthaber.com\/mavikadin\/wp-json\/wp\/v2\/tags?post=96995"}],"curies":[{"name":"wp","href":"https:\/\/api.w.org\/{rel}","templated":true}]}}