{"id":97419,"date":"2024-11-24T17:08:59","date_gmt":"2024-11-24T14:08:59","guid":{"rendered":"https:\/\/www.tgrthaber.com\/mavikadin\/?p=97419"},"modified":"2024-11-24T17:09:00","modified_gmt":"2024-11-24T14:09:00","slug":"taner-olmezin-kizi-zeynepten-babasina-sette-surpriz","status":"publish","type":"post","link":"https:\/\/www.tgrthaber.com\/mavikadin\/taner-olmezin-kizi-zeynepten-babasina-sette-surpriz\/","title":{"rendered":"Taner \u00d6lmez&#8217;in k\u0131z\u0131 Zeynep&#8217;ten babas\u0131na sette s\u00fcrpriz!"},"content":{"rendered":"<p>Aras Bulut \u0130\u011fnemli ile ba\u015frolleri payla\u015ft\u0131klar\u0131 &#8216;Deha&#8217; dizisi ile yeniden iyi bir \u00e7\u0131k\u0131\u015f yakalayan ba\u015far\u0131l\u0131 oyuncu Taner \u00d6lmez, hem \u00f6zel hayat\u0131 hem de kariyeri ile olduk\u00e7a ilgi g\u00f6r\u00fcyor. \u00dcnl\u00fc isim son olarak \u00e7ekimlerine h\u0131zla devam eden Deha dizisinin setini ziyaret eden k\u0131z\u0131 Zeynep&#8217;i sosyal medya hesab\u0131ndan payla\u015ft\u0131.<\/p>\n<h3>TANER \u00d6LMEZ&#8217;\u0130N KIZI ZEYNEP&#8217;TEN BABASINA S\u00dcRPR\u0130Z Z\u0130YARET<\/h3>\n<p>Kendisi gibi oyuncu Ecem \u00c7e\u015fmio\u011flu ile mutlu bir evlili\u011fi olan Taner \u00d6lmez&#8217;in k\u0131z\u0131 Zeynep sette babas\u0131n\u0131 ziyaret etti. Deha dizisinin \u00e7ekimlerinde olan oyuncu, k\u0131z\u0131n\u0131 kar\u015f\u0131s\u0131nda g\u00f6r\u00fcnce \u015fa\u015fk\u0131na d\u00f6nd\u00fc. Baba k\u0131z e\u011flenceli anlara imza atarken ortaya renkli g\u00f6r\u00fcnt\u00fcler \u00e7\u0131kt\u0131. Taner \u00d6lmez, o anlar\u0131 sosyal medya hesab\u0131ndan payla\u015ft\u0131.<\/p>\n<figure id=\"attachment_97421\" aria-describedby=\"caption-attachment-97421\" style=\"width: 1440px\" class=\"wp-caption alignnone\"><img loading=\"lazy\" decoding=\"async\" class=\"size-full wp-image-97421\" src=\"https:\/\/www.tgrthaber.com\/mavikadin\/wp-content\/uploads\/Zeynom-sete-gelirse\u2026-2.jpg\" alt=\"Taner \u00d6lmez ve k\u0131z\u0131 Zeynep\" width=\"1440\" height=\"1440\" title=\"\" srcset=\"https:\/\/www.tgrthaber.com\/mavikadin\/wp-content\/uploads\/Zeynom-sete-gelirse\u2026-2.jpg 1440w, https:\/\/www.tgrthaber.com\/mavikadin\/wp-content\/uploads\/Zeynom-sete-gelirse\u2026-2-300x300.jpg 300w, https:\/\/www.tgrthaber.com\/mavikadin\/wp-content\/uploads\/Zeynom-sete-gelirse\u2026-2-1024x1024.jpg 1024w, https:\/\/www.tgrthaber.com\/mavikadin\/wp-content\/uploads\/Zeynom-sete-gelirse\u2026-2-150x150.jpg 150w, https:\/\/www.tgrthaber.com\/mavikadin\/wp-content\/uploads\/Zeynom-sete-gelirse\u2026-2-768x768.jpg 768w\" sizes=\"(max-width: 1440px) 100vw, 1440px\" \/><figcaption id=\"caption-attachment-97421\" class=\"wp-caption-text\">Taner \u00d6lmez ve k\u0131z\u0131 Zeynep<\/figcaption><\/figure>\n<h3>&#8216;DEHA&#8217; D\u0130Z\u0130S\u0130YLE EKRANLARA D\u00d6ND\u00dc<\/h3>\n<p>Pek \u00e7ok ba\u015far\u0131l\u0131 yap\u0131mda, her biri birbirinden farkl\u0131 rollerde y\u00fcksek performans sergileyerek izleyicinin g\u00f6nl\u00fcnde taht kuran Taner \u00d6lmez, son olarak meslekta\u015f\u0131 ve kendisi gibi ba\u015far\u0131l\u0131 bir oyuncu olan Aras Bulut \u0130\u011fnemli ile ekran kar\u015f\u0131s\u0131na ge\u00e7ti. Yay\u0131nland\u0131\u011f\u0131 ilk b\u00f6l\u00fcmden itibaren izleyicinin ilgisini \u00e7eken ve olduk\u00e7a farkl\u0131 bir rol \u00fcstlenen Taner \u00d6lmez, konuyla ilgili verdi\u011fi bir r\u00f6portaj\u0131nda \u015funlar\u0131 s\u00f6ylemi\u015fti;<\/p>\n<p>&#8220;Cesur&#8221; karakterini olduk\u00e7a renkli bir fig\u00fcr olarak tan\u0131mlayan Taner \u00d6lmez, rol\u00fcn\u00fc ve &#8220;Deha&#8221;y\u0131 kabul etme nedenlerini \u015fu \u015fekilde a\u00e7\u0131klad\u0131: &#8220;&#8216;Deha&#8217;, s\u00fcrekli y\u00fcksek bir heyecan d\u00fczeyiyle, \u00f6zellikle her b\u00f6l\u00fcm\u00fcn sonunda merak duygusunu hep artt\u0131ran, g\u00fc\u00e7l\u00fc ve \u00e7ekici bir senaryoya sahip. Bence harika bir proje. Bu yap\u0131mda ilk kez \u00e7ok farkl\u0131 bir rol \u00fcstleniyorum. &#8216;Cesur&#8217; ismiyle uyumlu fakat ayn\u0131 zamanda kafas\u0131nda bir\u00e7ok d\u00fc\u015f\u00fcnce d\u00f6nen, oyuncakl\u0131 ve olduk\u00e7a canl\u0131 bir karakter. Bu kadar e\u011flenceli ve oynamas\u0131 keyifli bir karakter kar\u015f\u0131ma \u00e7\u0131k\u0131nca, bu rol\u00fc kabul etmek benim i\u00e7in hi\u00e7 zor olmad\u0131.&#8221;<\/p>\n<figure id=\"attachment_97422\" aria-describedby=\"caption-attachment-97422\" style=\"width: 1440px\" class=\"wp-caption alignnone\"><img loading=\"lazy\" decoding=\"async\" class=\"size-full wp-image-97422\" src=\"https:\/\/www.tgrthaber.com\/mavikadin\/wp-content\/uploads\/Zeynom-sete-gelirse\u2026.jpg\" alt=\"Taner \u00d6lmez ve k\u0131z\u0131 Zeynep\" width=\"1440\" height=\"1439\" title=\"\" srcset=\"https:\/\/www.tgrthaber.com\/mavikadin\/wp-content\/uploads\/Zeynom-sete-gelirse\u2026.jpg 1440w, https:\/\/www.tgrthaber.com\/mavikadin\/wp-content\/uploads\/Zeynom-sete-gelirse\u2026-300x300.jpg 300w, https:\/\/www.tgrthaber.com\/mavikadin\/wp-content\/uploads\/Zeynom-sete-gelirse\u2026-1024x1024.jpg 1024w, https:\/\/www.tgrthaber.com\/mavikadin\/wp-content\/uploads\/Zeynom-sete-gelirse\u2026-150x150.jpg 150w, https:\/\/www.tgrthaber.com\/mavikadin\/wp-content\/uploads\/Zeynom-sete-gelirse\u2026-768x767.jpg 768w\" sizes=\"(max-width: 1440px) 100vw, 1440px\" \/><figcaption id=\"caption-attachment-97422\" class=\"wp-caption-text\">Taner \u00d6lmez ve k\u0131z\u0131 Zeynep<\/figcaption><\/figure>\n<h3>TANER \u00d6LMEZ K\u0130MD\u0130R?<\/h3>\n<p>Taner \u00d6lmez 9 A\u011fustos 1986 y\u0131l\u0131nda Tunceli&#8217;de do\u011fdu. T\u00fcrk dizi ve sinema oyuncusudur. 9 A\u011fustos 1986 tarihinde Tunceli&#8217;de d\u00fcnyaya gelen Taner \u00d6lmez, \u0130stanbul \u00dcniversitesi Devlet Konservatuvar\u0131 Tiyatro B\u00f6l\u00fcm\u00fc&#8217;nde e\u011fitim alm\u0131\u015ft\u0131r. Bir\u00e7ok dizi ve reklam filminde yer alan Taner \u00d6lmez, \u00f6zellikle \u0130stanbul&#8217;un Alt\u0131nlar\u0131 dizisindeki ba\u015far\u0131l\u0131 performans\u0131yla dikkat \u00e7ekmi\u015ftir. Kapal\u0131\u00e7ar\u015f\u0131, K\u00fcl ve Ate\u015f ve Tatar Ramazan gibi projelerde de rol alan oyuncunun geni\u015f kitlelerce tan\u0131nmas\u0131 ise Kay\u0131p \u015eehir dizisiyle olmu\u015ftur. 1,79 metre boyunda ve 65 kilogram a\u011f\u0131rl\u0131\u011f\u0131nda olan Taner \u00d6lmez, oyunculuk kariyerinin yan\u0131 s\u0131ra \u00dclker Albeni, \u00dclker Sunny, Piyale Pigafest, Turkcell, Finish, Lysol gibi markalar\u0131n reklamlar\u0131nda da yer alm\u0131\u015ft\u0131r. 2012&#8217;de, Osman S\u0131nav\u2019\u0131n y\u00f6netti\u011fi Uzun Hik\u00e2ye filmiyle sinemaya ad\u0131m atm\u0131\u015f, 2013-2015 y\u0131llar\u0131 aras\u0131nda Star TV&#8217;de yay\u0131mlanan, d\u00fcnya \u00e7ap\u0131nda \u00fcnl\u00fc The O.C. dizisinin uyarlamas\u0131 olan ve b\u00fcy\u00fck ba\u015far\u0131 yakalayan Medcezir dizisinde Mert As\u0131m Serez karakterini oynam\u0131\u015ft\u0131r. 2014&#8217;te, Katil Joe tiyatro oyununda g\u00f6sterdi\u011fi \u00fcst\u00fcn performansla Afife Jale Tiyatro \u00d6d\u00fcl\u00fc&#8217;n\u00fc kazanm\u0131\u015ft\u0131r. 2015 y\u0131l\u0131nda K\u0131r\u0131k Kalpler Bankas\u0131 adl\u0131 filmde ba\u015frol oynam\u0131\u015ft\u0131r. 2016&#8217;da Star TV&#8217;de yay\u0131mlanan Muhte\u015fem Y\u00fczy\u0131l K\u00f6sem dizisinde Gen\u00e7 Osman karakterini oynam\u0131\u015ft\u0131r. 2018&#8217;de M\u00fcsl\u00fcm G\u00fcrses&#8217;in hayat\u0131n\u0131 anlatan M\u00fcsl\u00fcm filminde Ahmet Akba\u015f karakteriyle izleyicilerin kar\u015f\u0131s\u0131na \u00e7\u0131km\u0131\u015ft\u0131r. 2019-2021 y\u0131llar\u0131 aras\u0131nda FOX ekranlar\u0131nda yay\u0131mlanan Mucize Doktor dizisinde Ali Vefa karakterini oynam\u0131\u015ft\u0131r. 2021 y\u0131l\u0131nda, kendisi gibi oyuncu olan Ece \u00c7e\u015fmio\u011flu ile hayat\u0131n\u0131 birle\u015ftirmi\u015ftir.<\/p>\n<figure id=\"attachment_97423\" aria-describedby=\"caption-attachment-97423\" style=\"width: 1440px\" class=\"wp-caption alignnone\"><img loading=\"lazy\" decoding=\"async\" class=\"size-full wp-image-97423\" src=\"https:\/\/www.tgrthaber.com\/mavikadin\/wp-content\/uploads\/Zeynom-sete-gelirse\u2026-3.jpg\" alt=\"Zeynep \u00d6lmez\" width=\"1440\" height=\"1439\" title=\"\" srcset=\"https:\/\/www.tgrthaber.com\/mavikadin\/wp-content\/uploads\/Zeynom-sete-gelirse\u2026-3.jpg 1440w, https:\/\/www.tgrthaber.com\/mavikadin\/wp-content\/uploads\/Zeynom-sete-gelirse\u2026-3-300x300.jpg 300w, https:\/\/www.tgrthaber.com\/mavikadin\/wp-content\/uploads\/Zeynom-sete-gelirse\u2026-3-1024x1024.jpg 1024w, https:\/\/www.tgrthaber.com\/mavikadin\/wp-content\/uploads\/Zeynom-sete-gelirse\u2026-3-150x150.jpg 150w, https:\/\/www.tgrthaber.com\/mavikadin\/wp-content\/uploads\/Zeynom-sete-gelirse\u2026-3-768x767.jpg 768w\" sizes=\"(max-width: 1440px) 100vw, 1440px\" \/><figcaption id=\"caption-attachment-97423\" class=\"wp-caption-text\">Zeynep \u00d6lmez<\/figcaption><\/figure>\n","protected":false},"excerpt":{"rendered":"<p>Deha dizisiyle ekranlara geri d\u00f6nen ba\u015far\u0131l\u0131 oyuncu Taner \u00d6lmez, \u00e7ekimlere h\u0131zla devam ediyor. Taner \u00d6lmez&#8217;in k\u0131z\u0131 Zeynep&#8217;ten babas\u0131na set ziyareti ger\u00e7ekle\u015fti. \u00dcnl\u00fc oyuncu o anlar\u0131 sosyal medya hesab\u0131nda payla\u015ft\u0131.<\/p>\n","protected":false},"author":2,"featured_media":97420,"comment_status":"closed","ping_status":"closed","sticky":false,"template":"","format":"standard","meta":{"rank_math_lock_modified_date":false,"footnotes":""},"categories":[76],"tags":[2248,133,2218,2247],"class_list":["post-97419","post","type-post","status-publish","format-standard","has-post-thumbnail","hentry","category-magazin","tag-ece-cesmioglu","tag-magazin","tag-magazin-haberleri","tag-taner-olmez"],"_links":{"self":[{"href":"https:\/\/www.tgrthaber.com\/mavikadin\/wp-json\/wp\/v2\/posts\/97419"}],"collection":[{"href":"https:\/\/www.tgrthaber.com\/mavikadin\/wp-json\/wp\/v2\/posts"}],"about":[{"href":"https:\/\/www.tgrthaber.com\/mavikadin\/wp-json\/wp\/v2\/types\/post"}],"author":[{"embeddable":true,"href":"https:\/\/www.tgrthaber.com\/mavikadin\/wp-json\/wp\/v2\/users\/2"}],"replies":[{"embeddable":true,"href":"https:\/\/www.tgrthaber.com\/mavikadin\/wp-json\/wp\/v2\/comments?post=97419"}],"version-history":[{"count":2,"href":"https:\/\/www.tgrthaber.com\/mavikadin\/wp-json\/wp\/v2\/posts\/97419\/revisions"}],"predecessor-version":[{"id":97425,"href":"https:\/\/www.tgrthaber.com\/mavikadin\/wp-json\/wp\/v2\/posts\/97419\/revisions\/97425"}],"wp:featuredmedia":[{"embeddable":true,"href":"https:\/\/www.tgrthaber.com\/mavikadin\/wp-json\/wp\/v2\/media\/97420"}],"wp:attachment":[{"href":"https:\/\/www.tgrthaber.com\/mavikadin\/wp-json\/wp\/v2\/media?parent=97419"}],"wp:term":[{"taxonomy":"category","embeddable":true,"href":"https:\/\/www.tgrthaber.com\/mavikadin\/wp-json\/wp\/v2\/categories?post=97419"},{"taxonomy":"post_tag","embeddable":true,"href":"https:\/\/www.tgrthaber.com\/mavikadin\/wp-json\/wp\/v2\/tags?post=97419"}],"curies":[{"name":"wp","href":"https:\/\/api.w.org\/{rel}","templated":true}]}}