{"id":97480,"date":"2024-11-24T20:06:41","date_gmt":"2024-11-24T17:06:41","guid":{"rendered":"https:\/\/www.tgrthaber.com\/mavikadin\/?p=97480"},"modified":"2024-11-24T20:14:16","modified_gmt":"2024-11-24T17:14:16","slug":"emre-aydin-kar-yagisi-sonrasi-sosyal-medyada-gundem-oldu","status":"publish","type":"post","link":"https:\/\/www.tgrthaber.com\/mavikadin\/emre-aydin-kar-yagisi-sonrasi-sosyal-medyada-gundem-oldu\/","title":{"rendered":"Emre Ayd\u0131n, kar ya\u011f\u0131\u015f\u0131 sonras\u0131 sosyal medyada g\u00fcndem oldu"},"content":{"rendered":"<p>Emre Ayd\u0131n, bu ak\u015fam Ayd\u0131n&#8217;da verece\u011fi konserle sevenleriyle bulu\u015facak. Ancak \u00fcnl\u00fc \u015fark\u0131c\u0131n\u0131n g\u00fcndem olmas\u0131n\u0131n tek nedeni konseri de\u011fil. \u00dclke genelinde etkili olan yo\u011fun kar ya\u011f\u0131\u015f\u0131 sonras\u0131, sosyal medya kullan\u0131c\u0131lar\u0131 Emre Ayd\u0131n\u2019\u0131n \u015fark\u0131lar\u0131yla ilgili payla\u015f\u0131mlar yaparak adeta bir dijital f\u0131rt\u0131na estirdi.<\/p>\n<p>Karla kapl\u0131 manzaralar e\u015fli\u011finde Emre Ayd\u0131n&#8217;\u0131n en sevilen par\u00e7alar\u0131ndan al\u0131nt\u0131lar yapan sosyal medya kullan\u0131c\u0131lar\u0131 &#8220;Takar\u0131m kulakl\u0131\u011f\u0131m\u0131 dinlerim Emre Ayd\u0131n&#8221; mesajlar\u0131 payla\u015ft\u0131.<\/p>\n<h3>EMRE AYDIN VE \u015eARKILARI SOSYAL MEDYAYI KASIP KAVURDU<\/h3>\n<p>Son g\u00fcnlerde \u00fclkenin genelinin etkisi alt\u0131na alan kar ya\u011f\u0131\u015f\u0131yla birlikte manzaralar, bir\u00e7ok sosyal medya kullan\u0131c\u0131s\u0131n\u0131n payla\u015f\u0131mlar\u0131na konu oldu. Karla kapl\u0131 sokaklar g\u00f6r\u00fcnt\u00fcler e\u015fli\u011finde, kullan\u0131c\u0131lar Emre Ayd\u0131n&#8217;\u0131n en sevilen \u015fark\u0131lar\u0131ndan al\u0131nt\u0131lar yaparak payla\u015f\u0131mlar yapt\u0131. \u201cTakar\u0131m kulakl\u0131\u011f\u0131m\u0131 dinlerim Emre Ayd\u0131n\u201d ifadeleri h\u0131zla yay\u0131ld\u0131.<\/p>\n<p><img loading=\"lazy\" decoding=\"async\" class=\"alignnone size-full wp-image-97481\" src=\"https:\/\/www.tgrthaber.com\/mavikadin\/wp-content\/uploads\/Ekran-goruntusu-2024-11-24-194414.png\" alt=\"\" width=\"720\" height=\"67\" title=\"\" srcset=\"https:\/\/www.tgrthaber.com\/mavikadin\/wp-content\/uploads\/Ekran-goruntusu-2024-11-24-194414.png 720w, https:\/\/www.tgrthaber.com\/mavikadin\/wp-content\/uploads\/Ekran-goruntusu-2024-11-24-194414-300x28.png 300w\" sizes=\"(max-width: 720px) 100vw, 720px\" \/> <img loading=\"lazy\" decoding=\"async\" class=\"alignnone wp-image-97482\" src=\"https:\/\/www.tgrthaber.com\/mavikadin\/wp-content\/uploads\/Ekran-goruntusu-2024-11-24-194401.png\" alt=\"\" width=\"718\" height=\"99\" title=\"\" srcset=\"https:\/\/www.tgrthaber.com\/mavikadin\/wp-content\/uploads\/Ekran-goruntusu-2024-11-24-194401.png 493w, https:\/\/www.tgrthaber.com\/mavikadin\/wp-content\/uploads\/Ekran-goruntusu-2024-11-24-194401-300x41.png 300w\" sizes=\"(max-width: 718px) 100vw, 718px\" \/><\/p>\n<p><img loading=\"lazy\" decoding=\"async\" class=\"alignnone wp-image-97483\" src=\"https:\/\/www.tgrthaber.com\/mavikadin\/wp-content\/uploads\/Ekran-goruntusu-2024-11-24-194339.png\" alt=\"\" width=\"714\" height=\"87\" title=\"\" srcset=\"https:\/\/www.tgrthaber.com\/mavikadin\/wp-content\/uploads\/Ekran-goruntusu-2024-11-24-194339.png 717w, https:\/\/www.tgrthaber.com\/mavikadin\/wp-content\/uploads\/Ekran-goruntusu-2024-11-24-194339-300x36.png 300w\" sizes=\"(max-width: 714px) 100vw, 714px\" \/> <img loading=\"lazy\" decoding=\"async\" class=\"alignnone wp-image-97484\" src=\"https:\/\/www.tgrthaber.com\/mavikadin\/wp-content\/uploads\/Ekran-goruntusu-2024-11-24-194251.png\" alt=\"\" width=\"714\" height=\"96\" title=\"\" srcset=\"https:\/\/www.tgrthaber.com\/mavikadin\/wp-content\/uploads\/Ekran-goruntusu-2024-11-24-194251.png 681w, https:\/\/www.tgrthaber.com\/mavikadin\/wp-content\/uploads\/Ekran-goruntusu-2024-11-24-194251-300x40.png 300w\" sizes=\"(max-width: 714px) 100vw, 714px\" \/> <img loading=\"lazy\" decoding=\"async\" class=\"alignnone wp-image-97485\" src=\"https:\/\/www.tgrthaber.com\/mavikadin\/wp-content\/uploads\/Ekran-goruntusu-2024-11-24-194240.png\" alt=\"\" width=\"714\" height=\"81\" title=\"\" srcset=\"https:\/\/www.tgrthaber.com\/mavikadin\/wp-content\/uploads\/Ekran-goruntusu-2024-11-24-194240.png 635w, https:\/\/www.tgrthaber.com\/mavikadin\/wp-content\/uploads\/Ekran-goruntusu-2024-11-24-194240-300x34.png 300w\" sizes=\"(max-width: 714px) 100vw, 714px\" \/> <img loading=\"lazy\" decoding=\"async\" class=\"alignnone wp-image-97486\" src=\"https:\/\/www.tgrthaber.com\/mavikadin\/wp-content\/uploads\/Ekran-goruntusu-2024-11-24-194225.png\" alt=\"\" width=\"719\" height=\"677\" title=\"\" srcset=\"https:\/\/www.tgrthaber.com\/mavikadin\/wp-content\/uploads\/Ekran-goruntusu-2024-11-24-194225.png 651w, https:\/\/www.tgrthaber.com\/mavikadin\/wp-content\/uploads\/Ekran-goruntusu-2024-11-24-194225-300x282.png 300w\" sizes=\"(max-width: 719px) 100vw, 719px\" \/><\/p>\n<h3>EMRE AYDIN: AF\u0130L\u0130 YALNIZLIK \u0130LE YILDIZI PARLADI<\/h3>\n<p>Emre Ayd\u0131n, m\u00fczik kariyerine barlarda canl\u0131 performanslar sergileyerek ba\u015flad\u0131. Bornova K\u00fc\u00e7\u00fckpark&#8217;taki barlarda sahne ald\u0131\u011f\u0131 y\u0131llarda, 2002&#8217;de kurdu\u011fu 6. Cadde grubu ile &#8220;Sing Your Song&#8221; beste yar\u0131\u015fmas\u0131nda birinci olarak dikkatleri \u00fczerine \u00e7ekti. &#8220;D\u00f6nersen&#8221; adl\u0131 par\u00e7as\u0131yla 1574 kat\u0131l\u0131mc\u0131y\u0131 geride b\u0131rakarak b\u00fcy\u00fck bir ba\u015far\u0131ya imza att\u0131.<\/p>\n<p>Emre Ayd\u0131n, 2006 y\u0131l\u0131nda yay\u0131mlad\u0131\u011f\u0131 &#8220;Afili Yaln\u0131zl\u0131k&#8221; alb\u00fcm\u00fcyle b\u00fcy\u00fck bir \u00e7\u0131k\u0131\u015f yakalad\u0131. Alb\u00fcmdeki \u015fark\u0131lar\u0131n\u0131n \u00e7o\u011funun s\u00f6z ve m\u00fczi\u011fi kendisine aitti. Bu alb\u00fcm, onun hem m\u00fczikal kariyerini hem de pop\u00fclerli\u011fini art\u0131ran bir d\u00f6n\u00fcm noktas\u0131 oldu. &#8220;Y\u0131l\u0131n En \u0130yi Rock M\u00fczik Sanat\u00e7\u0131s\u0131&#8221; ve &#8220;Y\u0131l\u0131n En \u0130yi \u00c7\u0131k\u0131\u015f Yapan Sanat\u00e7\u0131s\u0131&#8221; gibi 50&#8217;den fazla \u00f6d\u00fcl kazand\u0131 ve 400&#8217;e yak\u0131n konser verdi. 2008&#8217;de ise MTV Avrupa M\u00fczik \u00d6d\u00fclleri&#8217;nde &#8220;T\u00fcrkiye&#8217;nin En \u0130yi Sanat\u00e7\u0131s\u0131&#8221; se\u00e7ildi ve Avrupa&#8217;da &#8220;En \u0130yi Sanat\u00e7\u0131&#8221; \u00f6d\u00fcl\u00fcn\u00fc kazand\u0131. Alb\u00fcm\u00fcndeki be\u015f \u015fark\u0131s\u0131na klip \u00e7ekti, bunlardan biri de Gripin grubuyla d\u00fcet yapt\u0131\u011f\u0131 &#8220;Sensiz \u0130stanbul\u2019a D\u00fc\u015fman\u0131m&#8221; par\u00e7as\u0131yd\u0131.<\/p>\n<p><img loading=\"lazy\" decoding=\"async\" class=\"alignnone  wp-image-97491\" src=\"https:\/\/www.tgrthaber.com\/mavikadin\/wp-content\/uploads\/Ekran-goruntusu-2024-11-24-194817.png\" alt=\"\" width=\"1125\" height=\"1420\" title=\"\" srcset=\"https:\/\/www.tgrthaber.com\/mavikadin\/wp-content\/uploads\/Ekran-goruntusu-2024-11-24-194817.png 442w, https:\/\/www.tgrthaber.com\/mavikadin\/wp-content\/uploads\/Ekran-goruntusu-2024-11-24-194817-238x300.png 238w\" sizes=\"(max-width: 1125px) 100vw, 1125px\" \/><\/p>\n<p>Emre Ayd\u0131n, 2010&#8217;da &#8220;Falling Down&#8221; adl\u0131 \u0130ngilizce teklisini yay\u0131mlayarak yurt d\u0131\u015f\u0131na ad\u0131m att\u0131. Ayn\u0131 d\u00f6nemde Sony Music ile anla\u015ft\u0131 ve yeni alb\u00fcm\u00fc i\u00e7in &#8220;Bu Ya\u011fmurlar&#8221; \u015fark\u0131s\u0131n\u0131 yay\u0131mlayarak b\u00fcy\u00fck bir be\u011feni toplad\u0131. Ard\u0131ndan 2010 y\u0131l\u0131nda, d\u00f6rt y\u0131l aradan sonra &#8220;Ka\u011f\u0131t Evler&#8221; alb\u00fcm\u00fcn\u00fc \u00e7\u0131kararak m\u00fczik d\u00fcnyas\u0131nda sa\u011flam bir yer edindi. Alb\u00fcm, \u0130sve\u00e7\u2019teki Mr. Radar St\u00fcdyolar\u0131&#8217;nda kaydedildi ve 65 binlik sat\u0131\u015f rakam\u0131yla b\u00fcy\u00fck bir ba\u015far\u0131ya imza att\u0131.<\/p>\n<p>Beni Biraz B\u00f6yle Hat\u0131rla 2012 y\u0131l\u0131, Emre Ayd\u0131n i\u00e7in de\u011fi\u015fim y\u0131l\u0131 oldu. Sony Music&#8217;ten ayr\u0131ld\u0131 ve kendi m\u00fczik \u015firketini kurarak &#8220;Beni Biraz B\u00f6yle Hat\u0131rla&#8221; single&#8217;\u0131n\u0131 yay\u0131mlad\u0131. Bu \u00e7al\u0131\u015fma dijital m\u00fczik platformlar\u0131nda b\u00fcy\u00fck ilgi g\u00f6rd\u00fc, &#8220;So\u011fuk Odalar&#8221; \u015fark\u0131s\u0131 ise en \u00e7ok indirilen \u015fark\u0131lar aras\u0131nda zirveye yerle\u015fti. Emre Ayd\u0131n, ayn\u0131 y\u0131l Fanta Gen\u00e7lik Festivali&#8217;nde Tarkan ile birlikte 16 \u015fehirde konser verdi.<\/p>\n<p><img loading=\"lazy\" decoding=\"async\" class=\"alignnone  wp-image-97492\" src=\"https:\/\/www.tgrthaber.com\/mavikadin\/wp-content\/uploads\/Ekran-goruntusu-2024-11-24-201352.png\" alt=\"\" width=\"1134\" height=\"726\" title=\"\" srcset=\"https:\/\/www.tgrthaber.com\/mavikadin\/wp-content\/uploads\/Ekran-goruntusu-2024-11-24-201352.png 567w, https:\/\/www.tgrthaber.com\/mavikadin\/wp-content\/uploads\/Ekran-goruntusu-2024-11-24-201352-300x192.png 300w\" sizes=\"(max-width: 1134px) 100vw, 1134px\" \/><\/p>\n<p>2013\u2019te yay\u0131mlanan &#8220;Eyl\u00fcl Geldi Sonra&#8221; alb\u00fcm\u00fcnde Emre Ayd\u0131n, zaman temas\u0131n\u0131 i\u015fledi. Alb\u00fcmde Sezen Aksu, Z\u00fclf\u00fc Livaneli ve Nazan \u00d6ncel\u2019in \u015fark\u0131lar\u0131na da yer verdi. Alb\u00fcm\u00fcn ilk klibi &#8220;Eyvah&#8221; ile b\u00fcy\u00fck bir \u00e7\u0131k\u0131\u015f yapt\u0131 ve \u015fark\u0131lar dijital platformlarda h\u0131zla pop\u00fclerle\u015fti.<\/p>\n<p>Emre Ayd\u0131n, 2014 y\u0131l\u0131nda Model grubu ile birlikte &#8220;Bir Pazar Kahvalt\u0131s\u0131&#8221; adl\u0131 tekli \u00e7al\u0131\u015fmas\u0131n\u0131 yay\u0131mlad\u0131. \u015eark\u0131n\u0131n s\u00f6z ve m\u00fczi\u011fi Can Temiz\u2019e aitken, klip y\u00f6netmenli\u011fini ise Emre Ayd\u0131n \u00fcstlendi. \u015eark\u0131, g\u00fcn\u00fcm\u00fcz\u00fcn sosyal medya fenomenlerinden biri haline geldi.<\/p>\n","protected":false},"excerpt":{"rendered":"<p>Emre Ayd\u0131n, yo\u011fun kar ya\u011f\u0131\u015f\u0131 sonras\u0131 sosyal medyada \u015fark\u0131lar\u0131yla g\u00fcndem oldu. Ayd\u0131n\u2019daki konseri \u00f6ncesi, sosyal medya kullan\u0131c\u0131lar\u0131 \u00fcnl\u00fc \u015fark\u0131c\u0131n\u0131n par\u00e7alar\u0131yla payla\u015f\u0131m yaparak dijital f\u0131rt\u0131na estirdi.<\/p>\n","protected":false},"author":4,"featured_media":97487,"comment_status":"closed","ping_status":"closed","sticky":false,"template":"","format":"standard","meta":{"rank_math_lock_modified_date":false,"footnotes":""},"categories":[76],"tags":[1080,2757,2758,1645,133],"class_list":["post-97480","post","type-post","status-publish","format-standard","has-post-thumbnail","hentry","category-magazin","tag-aydin","tag-emre-aydin","tag-kar-yagisi","tag-konser","tag-magazin"],"_links":{"self":[{"href":"https:\/\/www.tgrthaber.com\/mavikadin\/wp-json\/wp\/v2\/posts\/97480"}],"collection":[{"href":"https:\/\/www.tgrthaber.com\/mavikadin\/wp-json\/wp\/v2\/posts"}],"about":[{"href":"https:\/\/www.tgrthaber.com\/mavikadin\/wp-json\/wp\/v2\/types\/post"}],"author":[{"embeddable":true,"href":"https:\/\/www.tgrthaber.com\/mavikadin\/wp-json\/wp\/v2\/users\/4"}],"replies":[{"embeddable":true,"href":"https:\/\/www.tgrthaber.com\/mavikadin\/wp-json\/wp\/v2\/comments?post=97480"}],"version-history":[{"count":3,"href":"https:\/\/www.tgrthaber.com\/mavikadin\/wp-json\/wp\/v2\/posts\/97480\/revisions"}],"predecessor-version":[{"id":97493,"href":"https:\/\/www.tgrthaber.com\/mavikadin\/wp-json\/wp\/v2\/posts\/97480\/revisions\/97493"}],"wp:featuredmedia":[{"embeddable":true,"href":"https:\/\/www.tgrthaber.com\/mavikadin\/wp-json\/wp\/v2\/media\/97487"}],"wp:attachment":[{"href":"https:\/\/www.tgrthaber.com\/mavikadin\/wp-json\/wp\/v2\/media?parent=97480"}],"wp:term":[{"taxonomy":"category","embeddable":true,"href":"https:\/\/www.tgrthaber.com\/mavikadin\/wp-json\/wp\/v2\/categories?post=97480"},{"taxonomy":"post_tag","embeddable":true,"href":"https:\/\/www.tgrthaber.com\/mavikadin\/wp-json\/wp\/v2\/tags?post=97480"}],"curies":[{"name":"wp","href":"https:\/\/api.w.org\/{rel}","templated":true}]}}