{"id":97522,"date":"2024-11-24T21:11:50","date_gmt":"2024-11-24T18:11:50","guid":{"rendered":"https:\/\/www.tgrthaber.com\/mavikadin\/?p=97522"},"modified":"2024-11-24T21:11:51","modified_gmt":"2024-11-24T18:11:51","slug":"hande-ercel-hakan-sabanci-ile-bas-basa-misirda-romantik-bir-dogum-gunu-kutladi","status":"publish","type":"post","link":"https:\/\/www.tgrthaber.com\/mavikadin\/hande-ercel-hakan-sabanci-ile-bas-basa-misirda-romantik-bir-dogum-gunu-kutladi\/","title":{"rendered":"Hande Er\u00e7el Hakan Sabanc\u0131 ile ba\u015f ba\u015fa M\u0131s\u0131r\u2019da romantik bir do\u011fum g\u00fcn\u00fc kutlad\u0131!"},"content":{"rendered":"<p>T\u00fcrkiye&#8217;nin dikkat \u00e7eken a\u015fk\u0131 Hande Er\u00e7el ve Hakan Sabanc\u0131, uzun s\u00fcredir devam eden ili\u015fkilerinde romantik bir dura\u011f\u0131 M\u0131s\u0131r oldu. 1,5 y\u0131l\u0131 a\u015fk\u0131n s\u00fcredir birlikte olan \u00e7ift, d\u00fcnya turu kapsam\u0131nda gezdikleri 17 \u00fclkenin ard\u0131ndan M\u0131s\u0131r&#8217;\u0131 ke\u015ffetmeye karar verdi. Tatil foto\u011fraflar\u0131yla sosyal medyada g\u00fcndem olan ikili, \u00f6zellikle Hande Er\u00e7el&#8217;in do\u011fum g\u00fcn\u00fcn\u00fc M\u0131s\u0131r&#8217;da kutlamalar\u0131yla hayranlar\u0131n\u0131 etkiledi.<\/p>\n<h3>HANDE ER\u00c7EL PAYLA\u015eIMLARI BE\u011eEN\u0130 TOPLADI<\/h3>\n<p>Romantik pozlar\u0131yla be\u011feni toplayan Hakan Sabanc\u0131 ve Hande Er\u00e7el \u00e7ifti, tatillerinde keyifli anlar ya\u015farken a\u015fklar\u0131n\u0131 da peki\u015ftirdi. Hande Er\u00e7el ve Hakan Sabanc\u0131&#8217;n\u0131n M\u0131s\u0131r tatili, magazin d\u00fcnyas\u0131nda b\u00fcy\u00fck ilgi uyand\u0131rd\u0131 ve \u00e7iftin mutlulu\u011fu takip\u00e7ilerini sevindirdi.<\/p>\n<p><img loading=\"lazy\" decoding=\"async\" class=\"alignnone wp-image-97523 size-full\" src=\"https:\/\/www.tgrthaber.com\/mavikadin\/wp-content\/uploads\/hande-ercel-dogu-mgunu-.jpg\" alt=\"hande er\u00e7el do\u011fum g\u00fcn\u00fc\" width=\"1920\" height=\"1080\" title=\"\" srcset=\"https:\/\/www.tgrthaber.com\/mavikadin\/wp-content\/uploads\/hande-ercel-dogu-mgunu-.jpg 1920w, https:\/\/www.tgrthaber.com\/mavikadin\/wp-content\/uploads\/hande-ercel-dogu-mgunu--300x169.jpg 300w, https:\/\/www.tgrthaber.com\/mavikadin\/wp-content\/uploads\/hande-ercel-dogu-mgunu--1024x576.jpg 1024w, https:\/\/www.tgrthaber.com\/mavikadin\/wp-content\/uploads\/hande-ercel-dogu-mgunu--768x432.jpg 768w, https:\/\/www.tgrthaber.com\/mavikadin\/wp-content\/uploads\/hande-ercel-dogu-mgunu--1536x864.jpg 1536w\" sizes=\"(max-width: 1920px) 100vw, 1920px\" \/><\/p>\n<h3>HAKAN SABANCI&#8217;DAN ROMANT\u0130K B\u0130R KUTLAMA GELD\u0130<\/h3>\n<p>\u00dcnl\u00fc oyuncu Hande Er\u00e7el, 31. ya\u015f g\u00fcn\u00fcn\u00fc i\u015f insan\u0131 sevgilisi Hakan Sabanc\u0131 ile M\u0131s\u0131r&#8217;da romantik bir yemekle kutlad\u0131. Bu \u00f6zel g\u00fcnde \u00e7iftin ba\u015f ba\u015fa ge\u00e7irdi\u011fi keyifli anlar ve mutluluklar\u0131 dikkat \u00e7ekti. Hakan Sabanc\u0131, bu unutulmaz anlar\u0131 sosyal medya hesab\u0131ndan payla\u015ft\u0131 ve takip\u00e7ilerinin be\u011fenisini toplad\u0131.<\/p>\n<p>Hande Er\u00e7el&#8217;in do\u011fum g\u00fcn\u00fc kutlamas\u0131, \u00e7iftin a\u015fklar\u0131n\u0131n ne kadar g\u00fc\u00e7l\u00fc oldu\u011funu bir kez daha g\u00f6sterdi. Hakan Sabanc\u0131&#8217;n\u0131n bu jesti, ili\u015fkilerindeki samimiyeti ve s\u0131cakl\u0131\u011f\u0131 ortaya koydu. Hande Er\u00e7el ve Hakan Sabanc\u0131&#8217;n\u0131n M\u0131s\u0131r&#8217;daki bu \u00f6zel do\u011fum g\u00fcn\u00fc kutlamas\u0131, a\u015fklar\u0131n\u0131n s\u0131cakl\u0131\u011f\u0131n\u0131 bir kez daha g\u00f6sterdi.<\/p>\n<p><img loading=\"lazy\" decoding=\"async\" class=\"alignnone wp-image-97525 size-full\" src=\"https:\/\/www.tgrthaber.com\/mavikadin\/wp-content\/uploads\/hande-ercel-dogum-gunu-2.jpg\" alt=\"hande er\u00e7el do\u011fum g\u00fcn\u00fc 2\" width=\"1920\" height=\"1080\" title=\"\" srcset=\"https:\/\/www.tgrthaber.com\/mavikadin\/wp-content\/uploads\/hande-ercel-dogum-gunu-2.jpg 1920w, https:\/\/www.tgrthaber.com\/mavikadin\/wp-content\/uploads\/hande-ercel-dogum-gunu-2-300x169.jpg 300w, https:\/\/www.tgrthaber.com\/mavikadin\/wp-content\/uploads\/hande-ercel-dogum-gunu-2-1024x576.jpg 1024w, https:\/\/www.tgrthaber.com\/mavikadin\/wp-content\/uploads\/hande-ercel-dogum-gunu-2-768x432.jpg 768w, https:\/\/www.tgrthaber.com\/mavikadin\/wp-content\/uploads\/hande-ercel-dogum-gunu-2-1536x864.jpg 1536w\" sizes=\"(max-width: 1920px) 100vw, 1920px\" \/> <img loading=\"lazy\" decoding=\"async\" class=\"alignnone wp-image-97526 size-full\" src=\"https:\/\/www.tgrthaber.com\/mavikadin\/wp-content\/uploads\/hande-ercel-dogum-gunu-1.jpg\" alt=\"Hande Er\u00e7el do\u011fum g\u00fcn\u00fc\n\" width=\"1920\" height=\"1080\" title=\"\" srcset=\"https:\/\/www.tgrthaber.com\/mavikadin\/wp-content\/uploads\/hande-ercel-dogum-gunu-1.jpg 1920w, https:\/\/www.tgrthaber.com\/mavikadin\/wp-content\/uploads\/hande-ercel-dogum-gunu-1-300x169.jpg 300w, https:\/\/www.tgrthaber.com\/mavikadin\/wp-content\/uploads\/hande-ercel-dogum-gunu-1-1024x576.jpg 1024w, https:\/\/www.tgrthaber.com\/mavikadin\/wp-content\/uploads\/hande-ercel-dogum-gunu-1-768x432.jpg 768w, https:\/\/www.tgrthaber.com\/mavikadin\/wp-content\/uploads\/hande-ercel-dogum-gunu-1-1536x864.jpg 1536w\" sizes=\"(max-width: 1920px) 100vw, 1920px\" \/><\/p>\n","protected":false},"excerpt":{"rendered":"<p>Hande Er\u00e7el, i\u015f insan\u0131 Hakan Sabanc\u0131 ile M\u0131s\u0131r&#8217;da unutulmaz bir do\u011fum g\u00fcn\u00fc kutlad\u0131. Romantik anlarla dolu gece, \u00e7iftin a\u015fk\u0131n\u0131 g\u00f6zler \u00f6n\u00fcne serdi. Hakan Sabanc\u0131\u2019n\u0131n Hande Er\u00e7el\u2019e haz\u0131rlad\u0131\u011f\u0131 romantik do\u011fum g\u00fcn\u00fc gecesini sosyal medyada b\u00fcy\u00fck yank\u0131 uyand\u0131rd\u0131.<\/p>\n","protected":false},"author":10,"featured_media":97528,"comment_status":"closed","ping_status":"closed","sticky":false,"template":"","format":"standard","meta":{"rank_math_lock_modified_date":false,"footnotes":""},"categories":[76],"tags":[2738,2391,2769],"class_list":["post-97522","post","type-post","status-publish","format-standard","has-post-thumbnail","hentry","category-magazin","tag-hakan-sabanci","tag-hande-ercel","tag-hande-ercel-dogum-gunu-kutlamasi"],"_links":{"self":[{"href":"https:\/\/www.tgrthaber.com\/mavikadin\/wp-json\/wp\/v2\/posts\/97522"}],"collection":[{"href":"https:\/\/www.tgrthaber.com\/mavikadin\/wp-json\/wp\/v2\/posts"}],"about":[{"href":"https:\/\/www.tgrthaber.com\/mavikadin\/wp-json\/wp\/v2\/types\/post"}],"author":[{"embeddable":true,"href":"https:\/\/www.tgrthaber.com\/mavikadin\/wp-json\/wp\/v2\/users\/10"}],"replies":[{"embeddable":true,"href":"https:\/\/www.tgrthaber.com\/mavikadin\/wp-json\/wp\/v2\/comments?post=97522"}],"version-history":[{"count":1,"href":"https:\/\/www.tgrthaber.com\/mavikadin\/wp-json\/wp\/v2\/posts\/97522\/revisions"}],"predecessor-version":[{"id":97529,"href":"https:\/\/www.tgrthaber.com\/mavikadin\/wp-json\/wp\/v2\/posts\/97522\/revisions\/97529"}],"wp:featuredmedia":[{"embeddable":true,"href":"https:\/\/www.tgrthaber.com\/mavikadin\/wp-json\/wp\/v2\/media\/97528"}],"wp:attachment":[{"href":"https:\/\/www.tgrthaber.com\/mavikadin\/wp-json\/wp\/v2\/media?parent=97522"}],"wp:term":[{"taxonomy":"category","embeddable":true,"href":"https:\/\/www.tgrthaber.com\/mavikadin\/wp-json\/wp\/v2\/categories?post=97522"},{"taxonomy":"post_tag","embeddable":true,"href":"https:\/\/www.tgrthaber.com\/mavikadin\/wp-json\/wp\/v2\/tags?post=97522"}],"curies":[{"name":"wp","href":"https:\/\/api.w.org\/{rel}","templated":true}]}}