{"id":97557,"date":"2024-11-24T22:29:07","date_gmt":"2024-11-24T19:29:07","guid":{"rendered":"https:\/\/www.tgrthaber.com\/mavikadin\/?p=97557"},"modified":"2024-11-24T22:44:07","modified_gmt":"2024-11-24T19:44:07","slug":"afra-saracoglu-ve-mert-ramazan-demirin-keyifli-dansi-gundem-oldu","status":"publish","type":"post","link":"https:\/\/www.tgrthaber.com\/mavikadin\/afra-saracoglu-ve-mert-ramazan-demirin-keyifli-dansi-gundem-oldu\/","title":{"rendered":"Afra Sara\u00e7o\u011flu ve Mert Ramazan Demir\u2019in keyifli dans\u0131 g\u00fcndem oldu"},"content":{"rendered":"<p>Son d\u00f6nemin en \u00e7ok konu\u015fulan televizyon dizilerinden Yal\u0131 \u00c7apk\u0131n\u0131, sadece g\u00fc\u00e7l\u00fc hikayesiyle de\u011fil, ba\u015frol oyuncular\u0131 Afra Sara\u00e7o\u011flu ve Mert Ramazan Demir\u2019in a\u015fk\u0131yla da s\u0131k\u00e7a g\u00fcndeme geliyor. Dizi setinde tan\u0131\u015fan ve k\u0131sa s\u00fcrede yak\u0131n arkada\u015f olan ikili, zamanla aralar\u0131ndaki ba\u011f\u0131n a\u015fka d\u00f6n\u00fc\u015fmesiyle magazin camias\u0131n\u0131n en \u00e7ok konu\u015fulan \u00e7iftlerinden olmay\u0131 ba\u015fard\u0131.<\/p>\n<p>Setlerde ba\u015flayan bu ili\u015fki, her an\u0131yla takip\u00e7ilerinin ilgisini \u00e7ekmeye devam ediyor. \u00c7ift, zaman zaman ili\u015fkilerindeki ini\u015fli \u00e7\u0131k\u0131\u015flarla da g\u00fcndeme gelerek, hayranlar\u0131n\u0131 merakta b\u0131rak\u0131yordu. En son, dizinin sezon aras\u0131 vermesiyle ayr\u0131 olduklar\u0131 konu\u015fulmu\u015f, fakat yeni sezonun ba\u015flamas\u0131yla birlikte bar\u0131\u015ft\u0131klar\u0131 iddia edilmi\u015fti.<\/p>\n<h3>KEY\u0130FL\u0130 DANSLARI KAMERALARA YANSIDI<\/h3>\n<p>Afra Sara\u00e7o\u011flu ve Mert Ramazan Demir&#8217;in dans videosu sosyal medyaya d\u00fc\u015ft\u00fc. \u0130kili, set aras\u0131nda \u00e7ocuklar gibi dans ederken kameralar taraf\u0131ndan g\u00f6r\u00fcnt\u00fclendi. Keyifli anlar\u0131n\u0131n kameraya yans\u0131d\u0131\u011f\u0131 bu anlar, \u00e7iftin takip\u00e7ilerini de mutlu etti.<\/p>\n<!--[if lt IE 9]><script>document.createElement('video');<\/script><![endif]-->\n\t<div class=\"wp-playlist wp-video-playlist wp-playlist-light\">\n\t\t<video controls=\"controls\" preload=\"none\" width=\"618\"\n\t\t height=\"851\"\t><\/video>\n\t<div class=\"wp-playlist-next\"><\/div>\n\t<div class=\"wp-playlist-prev\"><\/div>\n\t<noscript>\n\t<ol>\n\t\t<li><a href='https:\/\/www.tgrthaber.com\/mavikadin\/wp-content\/uploads\/yali-capkini.mp4'>yal\u0131 \u00e7apk\u0131n\u0131<\/a><\/li>\t<\/ol>\n\t<\/noscript>\n\t<script type=\"application\/json\" class=\"wp-playlist-script\">{\"type\":\"video\",\"tracklist\":true,\"tracknumbers\":true,\"images\":true,\"artists\":true,\"tracks\":[{\"src\":\"https:\\\/\\\/www.tgrthaber.com\\\/mavikadin\\\/wp-content\\\/uploads\\\/yali-capkini.mp4\",\"type\":\"video\\\/mp4\",\"title\":\"yal\\u0131 \\u00e7apk\\u0131n\\u0131\",\"caption\":\"\",\"description\":\"\",\"meta\":{\"length_formatted\":\"0:12\"},\"dimensions\":{\"original\":{\"width\":720,\"height\":992},\"resized\":{\"width\":618,\"height\":851}},\"image\":{\"src\":\"https:\\\/\\\/www.tgrthaber.com\\\/mavikadin\\\/wp-includes\\\/images\\\/media\\\/video.svg\",\"width\":48,\"height\":64},\"thumb\":{\"src\":\"https:\\\/\\\/www.tgrthaber.com\\\/mavikadin\\\/wp-includes\\\/images\\\/media\\\/video.svg\",\"width\":48,\"height\":64}}]}<\/script>\n<\/div>\n\t\n<h3>AFRA SARA\u00c7O\u011eLU&#8217;NUN PAYLA\u015eIMINA MERT RAMAZAN DEM\u0130R&#8217;DEN ROMANT\u0130K YORUM<\/h3>\n<p>Afra Sara\u00e7o\u011flu ve Mert Ramazan Demir, Yal\u0131 \u00c7apk\u0131n\u0131 dizisindeki yak\u0131nl\u0131klar\u0131yla dikkat \u00e7ekerken, \u00f6zel hayatlar\u0131yla da s\u0131k\u00e7a g\u00fcndeme geliyor. Bir s\u00fcredir ini\u015fli \u00e7\u0131k\u0131\u015fl\u0131 bir ili\u015fki ya\u015fayan ikili, sosyal medya \u00fczerinden birbirini takip\u00a0 etmeye ba\u015flayarak dikkat \u00e7ekmi\u015fti.<\/p>\n<p><img loading=\"lazy\" decoding=\"async\" class=\"alignnone  wp-image-97565\" src=\"https:\/\/www.tgrthaber.com\/mavikadin\/wp-content\/uploads\/Ekran-goruntusu-2024-11-24-223722.png\" alt=\"\" width=\"1141\" height=\"619\" title=\"\" srcset=\"https:\/\/www.tgrthaber.com\/mavikadin\/wp-content\/uploads\/Ekran-goruntusu-2024-11-24-223722.png 850w, https:\/\/www.tgrthaber.com\/mavikadin\/wp-content\/uploads\/Ekran-goruntusu-2024-11-24-223722-300x163.png 300w, https:\/\/www.tgrthaber.com\/mavikadin\/wp-content\/uploads\/Ekran-goruntusu-2024-11-24-223722-768x417.png 768w\" sizes=\"(max-width: 1141px) 100vw, 1141px\" \/><\/p>\n<p>Afra Sara\u00e7o\u011flu, ge\u00e7ti\u011fimiz g\u00fcnlerde Instagram hesab\u0131ndan payla\u015ft\u0131\u011f\u0131 bir foto\u011frafla takip\u00e7ilerini selamlad\u0131. Ancak as\u0131l dikkat \u00e7eken, eski sevgilisi Mert Ramazan Demir\u2019in yapt\u0131\u011f\u0131 romantik yorumdu. Demir, Sara\u00e7o\u011flu\u2019nun payla\u015f\u0131m\u0131na beyaz bir kalp emojisi b\u0131rakt\u0131.<\/p>\n<p><img loading=\"lazy\" decoding=\"async\" class=\"alignnone wp-image-97562\" src=\"https:\/\/www.tgrthaber.com\/mavikadin\/wp-content\/uploads\/afra-saracoglu.png\" alt=\"\" width=\"1145\" height=\"1257\" title=\"\" srcset=\"https:\/\/www.tgrthaber.com\/mavikadin\/wp-content\/uploads\/afra-saracoglu.png 562w, https:\/\/www.tgrthaber.com\/mavikadin\/wp-content\/uploads\/afra-saracoglu-273x300.png 273w\" sizes=\"(max-width: 1145px) 100vw, 1145px\" \/><\/p>\n","protected":false},"excerpt":{"rendered":"<p>Yal\u0131 \u00c7apk\u0131n\u0131 dizisinin ba\u015frol oyuncular\u0131 Afra Sara\u00e7o\u011flu ve Mert Ramazan Demir, set aras\u0131nda \u00e7ocuklar gibi dans etti\u011fi anlar g\u00f6r\u00fcnt\u00fclendi. \u00c7iftin keyifli halleri sosyal medyada h\u0131zla yay\u0131ld\u0131 ve k\u0131sa s\u00fcrede kullan\u0131c\u0131lar taraf\u0131ndan defalarca payla\u015f\u0131ld\u0131.<\/p>\n","protected":false},"author":4,"featured_media":97559,"comment_status":"closed","ping_status":"closed","sticky":false,"template":"","format":"standard","meta":{"rank_math_lock_modified_date":false,"footnotes":""},"categories":[76],"tags":[2778,2779,2505],"class_list":["post-97557","post","type-post","status-publish","format-standard","has-post-thumbnail","hentry","category-magazin","tag-afra-saracoglu","tag-mert-ramazan-demir","tag-yali-capkini"],"_links":{"self":[{"href":"https:\/\/www.tgrthaber.com\/mavikadin\/wp-json\/wp\/v2\/posts\/97557"}],"collection":[{"href":"https:\/\/www.tgrthaber.com\/mavikadin\/wp-json\/wp\/v2\/posts"}],"about":[{"href":"https:\/\/www.tgrthaber.com\/mavikadin\/wp-json\/wp\/v2\/types\/post"}],"author":[{"embeddable":true,"href":"https:\/\/www.tgrthaber.com\/mavikadin\/wp-json\/wp\/v2\/users\/4"}],"replies":[{"embeddable":true,"href":"https:\/\/www.tgrthaber.com\/mavikadin\/wp-json\/wp\/v2\/comments?post=97557"}],"version-history":[{"count":4,"href":"https:\/\/www.tgrthaber.com\/mavikadin\/wp-json\/wp\/v2\/posts\/97557\/revisions"}],"predecessor-version":[{"id":97566,"href":"https:\/\/www.tgrthaber.com\/mavikadin\/wp-json\/wp\/v2\/posts\/97557\/revisions\/97566"}],"wp:featuredmedia":[{"embeddable":true,"href":"https:\/\/www.tgrthaber.com\/mavikadin\/wp-json\/wp\/v2\/media\/97559"}],"wp:attachment":[{"href":"https:\/\/www.tgrthaber.com\/mavikadin\/wp-json\/wp\/v2\/media?parent=97557"}],"wp:term":[{"taxonomy":"category","embeddable":true,"href":"https:\/\/www.tgrthaber.com\/mavikadin\/wp-json\/wp\/v2\/categories?post=97557"},{"taxonomy":"post_tag","embeddable":true,"href":"https:\/\/www.tgrthaber.com\/mavikadin\/wp-json\/wp\/v2\/tags?post=97557"}],"curies":[{"name":"wp","href":"https:\/\/api.w.org\/{rel}","templated":true}]}}