{"id":97686,"date":"2024-11-25T09:08:28","date_gmt":"2024-11-25T06:08:28","guid":{"rendered":"https:\/\/www.tgrthaber.com\/mavikadin\/?p=97686"},"modified":"2024-11-25T09:17:11","modified_gmt":"2024-11-25T06:17:11","slug":"masterchef-turkiye-yeni-bolum-fragmaninda-neler-oluyor-saglik-ekipleri-studyoya-geldi","status":"publish","type":"post","link":"https:\/\/www.tgrthaber.com\/mavikadin\/masterchef-turkiye-yeni-bolum-fragmaninda-neler-oluyor-saglik-ekipleri-studyoya-geldi\/","title":{"rendered":"Masterchef T\u00fcrkiye yeni b\u00f6l\u00fcm fragman\u0131nda neler oluyor? Sa\u011fl\u0131k ekipleri st\u00fcdyoya geldi"},"content":{"rendered":"<p>Masterchef T\u00fcrkiye yeni b\u00f6l\u00fcm fragman\u0131nda neler oluyor? Sa\u011fl\u0131k ekipleri st\u00fcdyoya geldi. Herkesi korkutan ve \u015fa\u015f\u0131rtan fragman k\u0131sa s\u00fcrede binlerce izlenme ve yorum ald\u0131.<\/p>\n<h3>MASTERCHEF T\u00dcRK\u0130YE YEN\u0130 B\u00d6L\u00dcM FRAGMANI<\/h3>\n<p>Masterchef T\u00fcrkiye her ak\u015fam izlenme rekorlar\u0131 k\u0131ran en iyi yar\u0131\u015fmalardan biri. Her b\u00f6l\u00fcmde ayr\u0131 ayr\u0131 yar\u0131\u015fmac\u0131lar\u0131n b\u00fcy\u00fck m\u00fccadelesini izledi\u011fimiz Masterchef T\u00fcrkiye&#8217;de yine talihsiz bir kaza ya\u015fand\u0131. Daha \u00f6nce Beyza y\u00fcz\u00fcne k\u0131zg\u0131n ya\u011f d\u00f6km\u00fc\u015f ve g\u00fcnlerce yar\u0131\u015fmaya devam edememi\u015fti. Ayr\u0131ca ge\u00e7ti\u011fimiz g\u00fcnlerde de Kaan elini kesmi\u015f ve bir hayli derin bir kesik yapm\u0131\u015ft\u0131. \u015eimdi de bir yar\u0131\u015fmac\u0131 i\u00e7in sa\u011fl\u0131k ekipleri apar topar st\u00fcdyoya geldi. Herkesin korku ve endi\u015fesini katlayan fragmandan sonra binlerce yorum geldi. Yar\u0131\u015fmac\u0131lar\u0131n \u00fczerindeki kara bulut \u00e2deta yar\u0131\u015fma boyunca ge\u00e7medi. Her hafta g\u00f6r\u00fcnmez bir kaza ya\u015fayan yar\u0131\u015fmac\u0131lardan bu hafta yay\u0131nlanan fragmanda kime ne oldu merak ediliyor. Herkesin y\u00fcre\u011fini a\u011fz\u0131na getiren Masterchef T\u00fcrkiye yeni b\u00f6l\u00fcm fragman\u0131nda kime ne oldu\u011funu anlamak zor. Bunu \u00f6\u011frenmek i\u00e7in yar\u0131\u015fmac\u0131lar\u0131n sevenleri ve hayranlar\u0131 ak\u015fam yeni b\u00f6l\u00fcm\u00fc izleyerek \u00f6\u011frenebilecek.<\/p>\n<div style=\"width: 640px;\" class=\"wp-video\"><!--[if lt IE 9]><script>document.createElement('video');<\/script><![endif]-->\n<video class=\"wp-video-shortcode\" id=\"video-97686-1\" width=\"640\" height=\"475\" preload=\"metadata\" controls=\"controls\"><source type=\"video\/mp4\" src=\"https:\/\/www.tgrthaber.com\/mavikadin\/wp-content\/uploads\/WhatsApp-Video-2024-11-25-at-07.41.21.mp4?_=1\" \/><a href=\"https:\/\/www.tgrthaber.com\/mavikadin\/wp-content\/uploads\/WhatsApp-Video-2024-11-25-at-07.41.21.mp4\">https:\/\/www.tgrthaber.com\/mavikadin\/wp-content\/uploads\/WhatsApp-Video-2024-11-25-at-07.41.21.mp4<\/a><\/video><\/div>\n<p>Masterchef T\u00fcrkiye&#8217;nin bu ak\u015fam yay\u0131nlanacak olan b\u00f6l\u00fcm\u00fcnde art\u0131k son on yar\u0131\u015fmac\u0131 yar\u0131\u015facak ve m\u00fccadelesini g\u00f6sterecek. Her pazartesi g\u00fcn\u00fc kaptanl\u0131k i\u00e7in yar\u0131\u015fan yar\u0131\u015fmac\u0131lar bu u\u011furda adeta kan d\u00f6k\u00fcyor. Tam anlam\u0131yla kan ter i\u00e7inde kalan yar\u0131\u015fmac\u0131lar b\u00fcy\u00fck m\u00fccadele g\u00f6stererek \u015feflerin \u00f6n\u00fcne tabaklar\u0131n\u0131 koyuyor.<\/p>\n<p><img loading=\"lazy\" decoding=\"async\" class=\"alignnone size-full wp-image-97690\" src=\"https:\/\/www.tgrthaber.com\/mavikadin\/wp-content\/uploads\/Ekran-goruntusu-2024-11-25-085639.png\" alt=\"\" width=\"1919\" height=\"1079\" title=\"\" srcset=\"https:\/\/www.tgrthaber.com\/mavikadin\/wp-content\/uploads\/Ekran-goruntusu-2024-11-25-085639.png 1919w, https:\/\/www.tgrthaber.com\/mavikadin\/wp-content\/uploads\/Ekran-goruntusu-2024-11-25-085639-300x169.png 300w, https:\/\/www.tgrthaber.com\/mavikadin\/wp-content\/uploads\/Ekran-goruntusu-2024-11-25-085639-1024x576.png 1024w, https:\/\/www.tgrthaber.com\/mavikadin\/wp-content\/uploads\/Ekran-goruntusu-2024-11-25-085639-768x432.png 768w, https:\/\/www.tgrthaber.com\/mavikadin\/wp-content\/uploads\/Ekran-goruntusu-2024-11-25-085639-1536x864.png 1536w\" sizes=\"(max-width: 1919px) 100vw, 1919px\" \/><\/p>\n<p>Masterchef T\u00fcrkiye yeni b\u00f6l\u00fcm fragman\u0131nda yar\u0131\u015fmac\u0131lar ilk g\u00fcn kat\u0131ld\u0131klar\u0131 videolar\u0131 izleyerek ba\u015flad\u0131lar. G\u00fcld\u00fcren ve herkesin ilk halinin merak edildi\u011fi g\u00f6r\u00fcnt\u00fcler ak\u015fam yeni b\u00f6l\u00fcmde yay\u0131nlanacak. En iyi sandvi\u00e7 tarifini ortaya koymak i\u00e7in m\u00fccadele edecek olan yar\u0131\u015fmac\u0131lar k\u0131yas\u0131ysa rekabet edecekler. \u0130lk onda mavi tak\u0131m kaptan\u0131 kim olacak merak ediliyor. Art\u0131k yar\u0131\u015fmada sona gelindik\u00e7e herkesin kazanmas\u0131 ve kaybetmesi muhtemel olarak g\u00f6r\u00fcl\u00fcyor. En iyi sandvi\u00e7 yapan ki\u015fi bu ak\u015fam Masterchef T\u00fcrkiye yeni b\u00f6l\u00fcmde tak\u0131m kaptan\u0131 olacak ve k\u0131rm\u0131z\u0131 tak\u0131m kaptan\u0131n\u0131 da se\u00e7ebilecek. 25 Kas\u0131m\u00a0Kad\u0131na Y\u00f6nelik \u015eiddete Kar\u015f\u0131 Uluslararas\u0131 M\u00fccadele G\u00fcn\u00fc&#8217;nde yay\u0131nlanacak olan yeni b\u00f6l\u00fcmde Masterchef T\u00fcrkiye&#8217;nin en iyi yar\u0131\u015fmac\u0131lar\u0131ndan biri Beyza&#8217;da iki sene \u00f6nce \u015fiddet g\u00f6rd\u00fc\u011f\u00fcn\u00fc ve y\u00fcz\u00fcnde izler oldu\u011funu s\u00f6yledi. Herkese ya\u015fad\u0131\u011f\u0131 travmalara ra\u011fmen ya\u015fant\u0131s\u0131n\u0131 devam ettirdi\u011fini s\u00f6yleyen Beyza \u015fiddet g\u00f6ren kad\u0131nlara \u00f6rnek olarak yar\u0131\u015fmaya kat\u0131lmak istedi\u011fini belirtti. Beyza\u2019n\u0131n &#8216;Y\u00fcz\u00fcm yand\u0131\u011f\u0131nda hi\u00e7 \u00fcz\u00fclmedim. \u00c7\u00fcnk\u00fc zaten izler vard\u0131 al\u0131\u015ft\u0131m.&#8217; dedi\u011fi yerde herkes derin \u00fcz\u00fcnt\u00fc ya\u015fad\u0131.<\/p>\n<p><img loading=\"lazy\" decoding=\"async\" class=\"alignnone size-full wp-image-97691\" src=\"https:\/\/www.tgrthaber.com\/mavikadin\/wp-content\/uploads\/Ekran-goruntusu-2024-11-25-085751.png\" alt=\"\" width=\"1919\" height=\"1079\" title=\"\" srcset=\"https:\/\/www.tgrthaber.com\/mavikadin\/wp-content\/uploads\/Ekran-goruntusu-2024-11-25-085751.png 1919w, https:\/\/www.tgrthaber.com\/mavikadin\/wp-content\/uploads\/Ekran-goruntusu-2024-11-25-085751-300x169.png 300w, https:\/\/www.tgrthaber.com\/mavikadin\/wp-content\/uploads\/Ekran-goruntusu-2024-11-25-085751-1024x576.png 1024w, https:\/\/www.tgrthaber.com\/mavikadin\/wp-content\/uploads\/Ekran-goruntusu-2024-11-25-085751-768x432.png 768w, https:\/\/www.tgrthaber.com\/mavikadin\/wp-content\/uploads\/Ekran-goruntusu-2024-11-25-085751-1536x864.png 1536w\" sizes=\"(max-width: 1919px) 100vw, 1919px\" \/><\/p>\n<p>M\u00fccadelenin k\u0131yas\u0131ya s\u00fcrd\u00fc\u011f\u00fc yar\u0131\u015fmada fragman\u0131n en korkutan detay\u0131 da Eda&#8217;n\u0131n sesiyle geliyor. &#8216;Bir bakar m\u0131s\u0131n\u0131z?&#8217; diyen Eda herkesi \u00e7ok b\u00fcy\u00fck korkuttu. Yar\u0131\u015fmac\u0131lar\u0131 &#8216; Dur, geldim.&#8217; diyerek ko\u015ftu\u011fu Eda&#8217;n\u0131n ba\u015f\u0131na geldi merak ediliyor. Somer \u015eef&#8217;in sa\u011fl\u0131k ekiplerini \u00e7a\u011f\u0131rd\u0131\u011f\u0131 Masterchef T\u00fcrkiye yeni b\u00f6l\u00fcm fragman\u0131nda Eda talihsiz bir kaza ge\u00e7iriyor ve a\u011fl\u0131yor. Olaya ili\u015fkin net ifadeler olmasa da Eda malzeme alma k\u0131sm\u0131nda bir kaza ge\u00e7irdi gibi g\u00f6r\u00fcn\u00fcyor.<\/p>\n<p><img loading=\"lazy\" decoding=\"async\" class=\"alignnone size-full wp-image-97692\" src=\"https:\/\/www.tgrthaber.com\/mavikadin\/wp-content\/uploads\/Ekran-goruntusu-2024-11-25-085729.png\" alt=\"\" width=\"1919\" height=\"1079\" title=\"\" srcset=\"https:\/\/www.tgrthaber.com\/mavikadin\/wp-content\/uploads\/Ekran-goruntusu-2024-11-25-085729.png 1919w, https:\/\/www.tgrthaber.com\/mavikadin\/wp-content\/uploads\/Ekran-goruntusu-2024-11-25-085729-300x169.png 300w, https:\/\/www.tgrthaber.com\/mavikadin\/wp-content\/uploads\/Ekran-goruntusu-2024-11-25-085729-1024x576.png 1024w, https:\/\/www.tgrthaber.com\/mavikadin\/wp-content\/uploads\/Ekran-goruntusu-2024-11-25-085729-768x432.png 768w, https:\/\/www.tgrthaber.com\/mavikadin\/wp-content\/uploads\/Ekran-goruntusu-2024-11-25-085729-1536x864.png 1536w\" sizes=\"(max-width: 1919px) 100vw, 1919px\" \/><\/p>\n<p>Masterchef T\u00fcrkiye yeni b\u00f6l\u00fcm fragman\u0131 \u015feflerin sandvi\u00e7leri tatmas\u0131yla devam ediyor. Hangi yar\u0131\u015fmac\u0131n\u0131n sandvi\u00e7 ekme\u011fi ve tarifi en iyi se\u00e7ilecek merak ediliyor. Mehmet \u015eef ise bir ki\u015fiyi kulise g\u00f6nderdi. Kimin sandvi\u00e7 ekme\u011fini hi\u00e7 be\u011fenmediler ve puan vermediler hepsi ak\u015fam yay\u0131nlanacak yeni b\u00f6l\u00fcm fragman\u0131nda belli olacak.<\/p>\n","protected":false},"excerpt":{"rendered":"<p>Masterchef T\u00fcrkiye yeni b\u00f6l\u00fcm fragman\u0131nda y\u00fcrekleri a\u011f\u0131za getiren bir olay ya\u015fan\u0131yor. Her hafta kaptanl\u0131k oyunu t\u00fcm h\u0131z\u0131yla devam ederken yeni b\u00f6l\u00fcm fragman\u0131nda kaptanl\u0131k i\u00e7in yar\u0131\u015fan Eda&#8217;n\u0131n ba\u015f\u0131na tallihsiz bir kaza geldi\u011fi g\u00f6r\u00fcl\u00fcyor. Sa\u011fl\u0131k ekiplerini \u00e7a\u011f\u0131ran \u015fefler yard\u0131mc\u0131 olmaya \u00e7al\u0131\u015f\u0131yor. <\/p>\n","protected":false},"author":25,"featured_media":97693,"comment_status":"closed","ping_status":"closed","sticky":false,"template":"","format":"standard","meta":{"rank_math_lock_modified_date":false,"footnotes":""},"categories":[76],"tags":[2805,2510,2511,2804],"class_list":["post-97686","post","type-post","status-publish","format-standard","has-post-thumbnail","hentry","category-magazin","tag-masterchef-eda","tag-masterchef-kaan","tag-masterchef-turkiye","tag-yeni-bolum-fragmani"],"_links":{"self":[{"href":"https:\/\/www.tgrthaber.com\/mavikadin\/wp-json\/wp\/v2\/posts\/97686"}],"collection":[{"href":"https:\/\/www.tgrthaber.com\/mavikadin\/wp-json\/wp\/v2\/posts"}],"about":[{"href":"https:\/\/www.tgrthaber.com\/mavikadin\/wp-json\/wp\/v2\/types\/post"}],"author":[{"embeddable":true,"href":"https:\/\/www.tgrthaber.com\/mavikadin\/wp-json\/wp\/v2\/users\/25"}],"replies":[{"embeddable":true,"href":"https:\/\/www.tgrthaber.com\/mavikadin\/wp-json\/wp\/v2\/comments?post=97686"}],"version-history":[{"count":1,"href":"https:\/\/www.tgrthaber.com\/mavikadin\/wp-json\/wp\/v2\/posts\/97686\/revisions"}],"predecessor-version":[{"id":97694,"href":"https:\/\/www.tgrthaber.com\/mavikadin\/wp-json\/wp\/v2\/posts\/97686\/revisions\/97694"}],"wp:featuredmedia":[{"embeddable":true,"href":"https:\/\/www.tgrthaber.com\/mavikadin\/wp-json\/wp\/v2\/media\/97693"}],"wp:attachment":[{"href":"https:\/\/www.tgrthaber.com\/mavikadin\/wp-json\/wp\/v2\/media?parent=97686"}],"wp:term":[{"taxonomy":"category","embeddable":true,"href":"https:\/\/www.tgrthaber.com\/mavikadin\/wp-json\/wp\/v2\/categories?post=97686"},{"taxonomy":"post_tag","embeddable":true,"href":"https:\/\/www.tgrthaber.com\/mavikadin\/wp-json\/wp\/v2\/tags?post=97686"}],"curies":[{"name":"wp","href":"https:\/\/api.w.org\/{rel}","templated":true}]}}