{"id":97834,"date":"2024-11-25T15:03:50","date_gmt":"2024-11-25T12:03:50","guid":{"rendered":"https:\/\/www.tgrthaber.com\/mavikadin\/?p=97834"},"modified":"2024-11-25T15:06:17","modified_gmt":"2024-11-25T12:06:17","slug":"seyirciden-muge-anliya-buyuk-tepki-muge-anli-kimdir-neden-gundem-oldu","status":"publish","type":"post","link":"https:\/\/www.tgrthaber.com\/mavikadin\/seyirciden-muge-anliya-buyuk-tepki-muge-anli-kimdir-neden-gundem-oldu\/","title":{"rendered":"Seyirciden M\u00fcge Anl\u0131\u2019ya b\u00fcy\u00fck tepki! M\u00fcge Anl\u0131 kimdir, neden g\u00fcndem oldu?"},"content":{"rendered":"<p>Ba\u015far\u0131l\u0131 kariyeriyle ve sunuculu\u011fuyla g\u00fcndeme gelen M\u00fcge Anl\u0131, bu kez seyirciden b\u00fcy\u00fck tepki toplad\u0131. Bug\u00fcn ger\u00e7ekle\u015fen yay\u0131nda \u00e7e\u015fitli a\u00e7\u0131klamalarda bulunan M\u00fcge Anl\u0131, seyirciden b\u00fcy\u00fck tepki toplad\u0131. Ekranlar\u0131n sevilen y\u00fcz\u00fc M\u00fcge Anl\u0131\u2019n\u0131n yapm\u0131\u015f oldu\u011fu a\u00e7\u0131klamalardan sonra \u00f6zel hayat\u0131na dair bilgiler merak konusu oldu. Peki, M\u00fcge Anl\u0131 kimdir, neden g\u00fcndem oldu? M\u00fcge Anl\u0131 ka\u00e7 ya\u015f\u0131nda, \u00e7ocu\u011fu var m\u0131? \u0130\u015fte M\u00fcge Anl\u0131 hakk\u0131nda merak edilenler\u2026<\/p>\n<h3>M\u00dcGE ANLI K\u0130MD\u0130R?<\/h3>\n<p>M\u00fcge Anl\u0131, 19 Aral\u0131k 1973 tarihinde \u0130stanbul\u2019da d\u00fcnyaya geldi. \u00d6\u011fretmen bir annenin \u00e7ocu\u011fu olarak d\u00fcnyaya gelen M\u00fcge Anl\u0131, ilkokul, ortaokul ve lise e\u011fitimini ba\u015far\u0131yla tamamlad\u0131. Y\u00fcksek\u00f6\u011frenimini ise Marmara \u00dcniversitesi \u0130leti\u015fim Fak\u00fcltesi\u2019nde tamamlayarak mezun oldu.<\/p>\n<p><img loading=\"lazy\" decoding=\"async\" class=\"size-large wp-image-97835\" src=\"https:\/\/www.tgrthaber.com\/mavikadin\/wp-content\/uploads\/Adsiz-tasarim-22-5-1024x576.jpg\" alt=\"M\u00fcge Anl\u0131 kimdir?\" width=\"640\" height=\"360\" title=\"\" srcset=\"https:\/\/www.tgrthaber.com\/mavikadin\/wp-content\/uploads\/Adsiz-tasarim-22-5-1024x576.jpg 1024w, https:\/\/www.tgrthaber.com\/mavikadin\/wp-content\/uploads\/Adsiz-tasarim-22-5-300x169.jpg 300w, https:\/\/www.tgrthaber.com\/mavikadin\/wp-content\/uploads\/Adsiz-tasarim-22-5-768x432.jpg 768w, https:\/\/www.tgrthaber.com\/mavikadin\/wp-content\/uploads\/Adsiz-tasarim-22-5-1536x864.jpg 1536w, https:\/\/www.tgrthaber.com\/mavikadin\/wp-content\/uploads\/Adsiz-tasarim-22-5.jpg 1600w\" sizes=\"(max-width: 640px) 100vw, 640px\" \/><\/p>\n<p>Okumaya olduk\u00e7a \u00f6nem g\u00f6steren M\u00fcge Anl\u0131, y\u00fcksek lisans\u0131n\u0131 Kadir Has \u00dcniversitesi Sosyal Bilimler Enstit\u00fcs\u00fc\u2019nde hukuk \u00fczerine yapt\u0131. E\u011fitim ser\u00fcvenini tamamlayan M\u00fcge Anl\u0131, televizyon hayat\u0131na ilk ad\u0131m\u0131 magazin d\u00fcnyas\u0131yla att\u0131. \u0130lk televizyon deneyimine magazin alan\u0131nda ba\u015flayan M\u00fcge Anl\u0131, \u015eenay D\u00fcdek ile Kanal D ekranlar\u0131nda izleyici kar\u015f\u0131s\u0131na \u00e7\u0131kan \u201cDobra Dobra\u201d adl\u0131 program\u0131 yapt\u0131.<\/p>\n<p>M\u00fcge Anl\u0131\u2019n\u0131n Dobra Dobra adl\u0131 program\u0131, magazin \u00fczerine sohbetlerin ger\u00e7ekle\u015fti\u011fi ve \u00e7e\u015fitli konuklar\u0131n a\u011f\u0131rland\u0131\u011f\u0131 bir program oldu. Bir sezon \u015eenay D\u00fcdek ile program yapan Anl\u0131, daha sonra Pakize Suda ile Kanal D ekranlar\u0131nda izleyici kar\u015f\u0131s\u0131na \u00e7\u0131kmaya devam etti.<\/p>\n<h3>M\u00dcGE ANLI KAR\u0130YER\u0130N\u0130 NASIL \u0130LERLETT\u0130?<\/h3>\n<p>Kariyerine magazinle ba\u015flayan M\u00fcge Anl\u0131, yapm\u0131\u015f oldu\u011fu Dobra Dobra adl\u0131 magazin program\u0131n\u0131 b\u0131rakarak sunuculuk yapmaya karar verdi. Sunuculuk yapmaya karar veren M\u00fcge Anl\u0131, ATV ekranlar\u0131nda izleyici ile bulu\u015fan \u201cM\u00fcge Anl\u0131 ile Tatl\u0131 Sert\u201d adl\u0131 tart\u0131\u015fma program\u0131n\u0131 sunmaya ba\u015flad\u0131.<\/p>\n<p><img loading=\"lazy\" decoding=\"async\" class=\"size-large wp-image-97836\" src=\"https:\/\/www.tgrthaber.com\/mavikadin\/wp-content\/uploads\/Adsiz-tasarim-20-6-1024x576.jpg\" alt=\"M\u00fcge Anl\u0131 kimdir?\" width=\"640\" height=\"360\" title=\"\" srcset=\"https:\/\/www.tgrthaber.com\/mavikadin\/wp-content\/uploads\/Adsiz-tasarim-20-6-1024x576.jpg 1024w, https:\/\/www.tgrthaber.com\/mavikadin\/wp-content\/uploads\/Adsiz-tasarim-20-6-300x169.jpg 300w, https:\/\/www.tgrthaber.com\/mavikadin\/wp-content\/uploads\/Adsiz-tasarim-20-6-768x432.jpg 768w, https:\/\/www.tgrthaber.com\/mavikadin\/wp-content\/uploads\/Adsiz-tasarim-20-6-1536x864.jpg 1536w, https:\/\/www.tgrthaber.com\/mavikadin\/wp-content\/uploads\/Adsiz-tasarim-20-6.jpg 1600w\" sizes=\"(max-width: 640px) 100vw, 640px\" \/><\/p>\n<p>M\u00fcge Anl\u0131, \u201cM\u00fcge Anl\u0131 ile Tatl\u0131 Sert\u201d adl\u0131 tart\u0131\u015fma program\u0131n\u0131n d\u0131\u015f\u0131nda 2010 y\u0131llar\u0131nda \u201cM\u00fcge Anl\u0131 ile Mektubunuz Var\u201d adl\u0131 bir televizyon program\u0131n\u0131 yine ATV ekranlar\u0131nda sunmu\u015ftu.<\/p>\n<p>M\u00fcge Anl\u0131, yapm\u0131\u015f oldu\u011fu programlarla toplumsal meselelere de\u011finmi\u015f ve toplumun meselelerini ele alm\u0131\u015ft\u0131r. Yapm\u0131\u015f oldu\u011fu programda; kaybetti\u011fi yak\u0131nlar\u0131n\u0131 arayan ki\u015fileri a\u011f\u0131rlam\u0131\u015f, i\u015fleyeni belli olmayan veya i\u015fleyenin bulunamad\u0131\u011f\u0131 cinayetleri ayd\u0131nlatmaya \u00e7al\u0131\u015f\u0131lm\u0131\u015ft\u0131r.<\/p>\n<p><img loading=\"lazy\" decoding=\"async\" class=\"alignnone wp-image-97837 size-large\" src=\"https:\/\/www.tgrthaber.com\/mavikadin\/wp-content\/uploads\/Adsiz-tasarim-18-4-1024x576.jpg\" alt=\"M\u00fcge Anl\u0131 kimdir?\" width=\"1024\" height=\"576\" title=\"\" srcset=\"https:\/\/www.tgrthaber.com\/mavikadin\/wp-content\/uploads\/Adsiz-tasarim-18-4-1024x576.jpg 1024w, https:\/\/www.tgrthaber.com\/mavikadin\/wp-content\/uploads\/Adsiz-tasarim-18-4-300x169.jpg 300w, https:\/\/www.tgrthaber.com\/mavikadin\/wp-content\/uploads\/Adsiz-tasarim-18-4-768x432.jpg 768w, https:\/\/www.tgrthaber.com\/mavikadin\/wp-content\/uploads\/Adsiz-tasarim-18-4-1536x864.jpg 1536w, https:\/\/www.tgrthaber.com\/mavikadin\/wp-content\/uploads\/Adsiz-tasarim-18-4.jpg 1600w\" sizes=\"(max-width: 1024px) 100vw, 1024px\" \/><\/p>\n<p>Yine \u201cM\u00fcge Anl\u0131 ile Mektubunuz Var\u201d adl\u0131 programla da toplumsal meselelere odaklanm\u0131\u015f, ya\u015fad\u0131\u011f\u0131 \u00e7e\u015fitli olaylardan dolay\u0131 yak\u0131nlar\u0131yla g\u00f6r\u00fc\u015femeyen, onlar\u0131 bulamayan ki\u015fileri program\u0131nda konuk etmi\u015ftir.<\/p>\n<h3>M\u00dcGE ANLI KA\u00c7 YA\u015eINDA, \u00c7OCU\u011eU VAR MI?<\/h3>\n<p>\u0130\u015fi kadar \u00f6zel hayat\u0131 da herkes taraf\u0131ndan merak edilen M\u00fcge Anl\u0131, 2008 y\u0131l\u0131nda meslekta\u015f\u0131 gazeteci Burhan Akda\u011f\u2019dan bo\u015fanm\u0131\u015ft\u0131r. Anl\u0131\u2019n\u0131n Burhan Akda\u011f ile olan evlili\u011finden bir k\u0131z \u00e7ocu\u011fu d\u00fcnyaya gelmi\u015ftir. Anl\u0131, k\u0131z\u0131yla olan ya\u015fant\u0131s\u0131n\u0131 g\u00f6zlerden uzak ya\u015famay\u0131 tercih etmi\u015f ve k\u0131z\u0131yla hi\u00e7bir yerde g\u00f6r\u00fcnt\u00fc vermemeye dikkat etmi\u015ftir.<\/p>\n<p><img loading=\"lazy\" decoding=\"async\" class=\"size-large wp-image-97838\" src=\"https:\/\/www.tgrthaber.com\/mavikadin\/wp-content\/uploads\/0x0-1728895942592-1024x576.jpg\" alt=\"M\u00fcge Anl\u0131 kimdir?\" width=\"640\" height=\"360\" title=\"\" srcset=\"https:\/\/www.tgrthaber.com\/mavikadin\/wp-content\/uploads\/0x0-1728895942592-1024x576.jpg 1024w, https:\/\/www.tgrthaber.com\/mavikadin\/wp-content\/uploads\/0x0-1728895942592-300x169.jpg 300w, https:\/\/www.tgrthaber.com\/mavikadin\/wp-content\/uploads\/0x0-1728895942592-768x432.jpg 768w, https:\/\/www.tgrthaber.com\/mavikadin\/wp-content\/uploads\/0x0-1728895942592-1536x864.jpg 1536w, https:\/\/www.tgrthaber.com\/mavikadin\/wp-content\/uploads\/0x0-1728895942592.jpg 1920w\" sizes=\"(max-width: 640px) 100vw, 640px\" \/><\/p>\n<p>M\u00fcge Anl\u0131, uzun s\u00fcren yaln\u0131zl\u0131\u011f\u0131n\u0131 25 Haziran 2022 tarihinde \u0130stanbul Emniyeti Asayi\u015f \u015eube M\u00fcd\u00fcr\u00fc \u015einasi Y\u00fczba\u015f\u0131o\u011flu ile evlenerek noktalam\u0131\u015ft\u0131r. Anl\u0131, \u015fimdilerde devam eden mutlu beraberli\u011fini g\u00f6zlerden uzak ya\u015famay\u0131 tercih ediyor.<\/p>\n<h3>M\u00dcGE ANLI NEDEN G\u00dcNDEM OLDU?<\/h3>\n<p>ATV ekranlar\u0131nda yay\u0131mlanan \u201cM\u00fcge Anl\u0131 ile Tatl\u0131 Sert\u201d program\u0131n\u0131n bug\u00fcnk\u00fc b\u00f6l\u00fcm\u00fcnde M\u00fcge Anl\u0131, yapt\u0131\u011f\u0131 a\u00e7\u0131klamalarla g\u00fcndeme geldi. Anl\u0131, kendisini ele\u015ftiren seyircisine canl\u0131 yay\u0131nda \u201cGerizekal\u0131\u201d diyerek yan\u0131t verdi. Anl\u0131\u2019n\u0131n yapt\u0131\u011f\u0131 a\u00e7\u0131klamalar ve kulland\u0131\u011f\u0131 ifadeler seyircilerin b\u00fcy\u00fck tepkisine neden oldu.<\/p>\n<p><img loading=\"lazy\" decoding=\"async\" class=\"size-large wp-image-97839\" src=\"https:\/\/www.tgrthaber.com\/mavikadin\/wp-content\/uploads\/Adsiz-tasarim-17-3-1024x576.jpg\" alt=\"M\u00fcge Anl\u0131 kimdir?\" width=\"640\" height=\"360\" title=\"\" srcset=\"https:\/\/www.tgrthaber.com\/mavikadin\/wp-content\/uploads\/Adsiz-tasarim-17-3-1024x576.jpg 1024w, https:\/\/www.tgrthaber.com\/mavikadin\/wp-content\/uploads\/Adsiz-tasarim-17-3-300x169.jpg 300w, https:\/\/www.tgrthaber.com\/mavikadin\/wp-content\/uploads\/Adsiz-tasarim-17-3-768x432.jpg 768w, https:\/\/www.tgrthaber.com\/mavikadin\/wp-content\/uploads\/Adsiz-tasarim-17-3-1536x864.jpg 1536w, https:\/\/www.tgrthaber.com\/mavikadin\/wp-content\/uploads\/Adsiz-tasarim-17-3.jpg 1600w\" sizes=\"(max-width: 640px) 100vw, 640px\" \/><\/p>\n<p>Sosyal medyada g\u00fcndem olan M\u00fcge Anl\u0131, seyirciler ve sosyal medya kullan\u0131c\u0131lar\u0131 taraf\u0131ndan b\u00fcy\u00fck tepki ald\u0131. Seyirciden ve sosyal medya kullan\u0131c\u0131lar\u0131 taraf\u0131ndan b\u00fcy\u00fck tepki alan M\u00fcge Anl\u0131, sosyal medyada ele\u015ftirilere maruz kal\u0131yor.<\/p>\n<p>Sosyal medya kullan\u0131c\u0131lar\u0131n\u0131n ele\u015ftirilerine maruz kalan M\u00fcge Anl\u0131, kendisini ele\u015ftirenlere \u201cGerizekal\u0131\u201d ifadelerini kullan\u0131nca olanlar oldu. M\u00fcge Anl\u0131\u2019ya sosyal medyadan yap\u0131lan ele\u015ftiriler \u00e7\u0131\u011f gibi b\u00fcy\u00fcd\u00fc.<\/p>\n<p>\u0130\u015fte M\u00fcge Anl\u0131\u2019n\u0131n sosyal medyada ele\u015ftiri ya\u011fmuruna tutulmas\u0131na sebep olan o s\u00f6zleri\u2026<\/p>\n<div style=\"width: 640px;\" class=\"wp-video\"><!--[if lt IE 9]><script>document.createElement('video');<\/script><![endif]-->\n<video class=\"wp-video-shortcode\" id=\"video-97834-1\" width=\"640\" height=\"360\" preload=\"metadata\" controls=\"controls\"><source type=\"video\/mp4\" src=\"https:\/\/www.tgrthaber.com\/mavikadin\/wp-content\/uploads\/Adsiz-580-x-485-piksel-1600-x-900-piksel-4.mp4?_=1\" \/><a href=\"https:\/\/www.tgrthaber.com\/mavikadin\/wp-content\/uploads\/Adsiz-580-x-485-piksel-1600-x-900-piksel-4.mp4\">https:\/\/www.tgrthaber.com\/mavikadin\/wp-content\/uploads\/Adsiz-580-x-485-piksel-1600-x-900-piksel-4.mp4<\/a><\/video><\/div>\n","protected":false},"excerpt":{"rendered":"<p>Ba\u015far\u0131l\u0131 televizyon sunucusu ve gazeteci M\u00fcge Anl\u0131, yapt\u0131\u011f\u0131 a\u00e7\u0131klamalarla g\u00fcndem oldu. Peki, M\u00fcge Anl\u0131 neden g\u00fcndem oldu? M\u00fcge Anl\u0131 kimdir, hakk\u0131nda bilinmeyenler\u2026 <\/p>\n","protected":false},"author":26,"featured_media":97840,"comment_status":"closed","ping_status":"closed","sticky":false,"template":"","format":"standard","meta":{"rank_math_lock_modified_date":false,"footnotes":""},"categories":[491],"tags":[2453,2533],"class_list":["post-97834","post","type-post","status-publish","format-standard","has-post-thumbnail","hentry","category-biyografi","tag-muge-anli","tag-muge-anli-ile-tatli-sert"],"_links":{"self":[{"href":"https:\/\/www.tgrthaber.com\/mavikadin\/wp-json\/wp\/v2\/posts\/97834"}],"collection":[{"href":"https:\/\/www.tgrthaber.com\/mavikadin\/wp-json\/wp\/v2\/posts"}],"about":[{"href":"https:\/\/www.tgrthaber.com\/mavikadin\/wp-json\/wp\/v2\/types\/post"}],"author":[{"embeddable":true,"href":"https:\/\/www.tgrthaber.com\/mavikadin\/wp-json\/wp\/v2\/users\/26"}],"replies":[{"embeddable":true,"href":"https:\/\/www.tgrthaber.com\/mavikadin\/wp-json\/wp\/v2\/comments?post=97834"}],"version-history":[{"count":3,"href":"https:\/\/www.tgrthaber.com\/mavikadin\/wp-json\/wp\/v2\/posts\/97834\/revisions"}],"predecessor-version":[{"id":97844,"href":"https:\/\/www.tgrthaber.com\/mavikadin\/wp-json\/wp\/v2\/posts\/97834\/revisions\/97844"}],"wp:featuredmedia":[{"embeddable":true,"href":"https:\/\/www.tgrthaber.com\/mavikadin\/wp-json\/wp\/v2\/media\/97840"}],"wp:attachment":[{"href":"https:\/\/www.tgrthaber.com\/mavikadin\/wp-json\/wp\/v2\/media?parent=97834"}],"wp:term":[{"taxonomy":"category","embeddable":true,"href":"https:\/\/www.tgrthaber.com\/mavikadin\/wp-json\/wp\/v2\/categories?post=97834"},{"taxonomy":"post_tag","embeddable":true,"href":"https:\/\/www.tgrthaber.com\/mavikadin\/wp-json\/wp\/v2\/tags?post=97834"}],"curies":[{"name":"wp","href":"https:\/\/api.w.org\/{rel}","templated":true}]}}