{"id":97889,"date":"2024-11-25T17:32:21","date_gmt":"2024-11-25T14:32:21","guid":{"rendered":"https:\/\/www.tgrthaber.com\/mavikadin\/?p=97889"},"modified":"2024-11-25T17:43:07","modified_gmt":"2024-11-25T14:43:07","slug":"hande-ercel-31-yas-gununu-kutlamaya-doyamadi","status":"publish","type":"post","link":"https:\/\/www.tgrthaber.com\/mavikadin\/hande-ercel-31-yas-gununu-kutlamaya-doyamadi\/","title":{"rendered":"Hande Er\u00e7el 31. ya\u015f g\u00fcn\u00fcn\u00fc kutlamaya doyamad\u0131! Anne detay\u0131 dikkat \u00e7ekti"},"content":{"rendered":"<p>Hakan Sabanc\u0131&#8217;yla olan ili\u015fkisi ve yer ald\u0131\u011f\u0131 projelerdeki performans\u0131yla ad\u0131ndan s\u00f6z ettiren Hande Er\u00e7el 31. ya\u015f g\u00fcn\u00fcn\u00fc kutlamaya doyamad\u0131.<\/p>\n<p>\u00dcnl\u00fc ismin do\u011fum g\u00fcn\u00fcn\u00fc kutlad\u0131\u011f\u0131 karelere sosyal medyada yorum ve be\u011feniler pe\u015f pe\u015fe geldi. Sosyal medya hesab\u0131nda milyonlarca takip\u00e7isi bulunan Hande Er\u00e7el 31. ya\u015f g\u00fcn\u00fcn\u00fc kutlamaya doyamad\u0131.<\/p>\n<h3>HANDE ER\u00c7EL 31. YA\u015e G\u00dcN\u00dcN\u00dc KUTLAMAYA DOYAMADI!<\/h3>\n<p>Hande Er\u00e7el&#8217;e arkada\u015flar\u0131n\u0131n haz\u0131rlad\u0131\u011f\u0131 do\u011fum g\u00fcn\u00fcndeki pastas\u0131 sosyal medyada dikkat \u00e7ekti. Er\u00e7el&#8217;in pastas\u0131n\u0131 g\u00f6renler g\u00f6zlerini alamad\u0131.<br \/>\nSevgilisi Hakan Sabanc\u0131&#8217;yla da romantik bir kutlama yapan Hande Er\u00e7el 31. ya\u015f\u0131n\u0131 sevdikleriyle bir arada kutlad\u0131.<\/p>\n<p>&nbsp;<\/p>\n<figure id=\"attachment_97890\" aria-describedby=\"caption-attachment-97890\" style=\"width: 640px\" class=\"wp-caption alignnone\"><img loading=\"lazy\" decoding=\"async\" class=\"size-large wp-image-97890\" src=\"https:\/\/www.tgrthaber.com\/mavikadin\/wp-content\/uploads\/Teyzecigim-kac-yasina-girdin18-mi-_-2-819x1024.jpg\" alt=\" Hande Er\u00e7el 31. ya\u015f g\u00fcn\u00fcn\u00fc kutlamaya doyamad\u0131\" width=\"640\" height=\"800\" title=\"\" srcset=\"https:\/\/www.tgrthaber.com\/mavikadin\/wp-content\/uploads\/Teyzecigim-kac-yasina-girdin18-mi-_-2-819x1024.jpg 819w, https:\/\/www.tgrthaber.com\/mavikadin\/wp-content\/uploads\/Teyzecigim-kac-yasina-girdin18-mi-_-2-240x300.jpg 240w, https:\/\/www.tgrthaber.com\/mavikadin\/wp-content\/uploads\/Teyzecigim-kac-yasina-girdin18-mi-_-2-768x960.jpg 768w, https:\/\/www.tgrthaber.com\/mavikadin\/wp-content\/uploads\/Teyzecigim-kac-yasina-girdin18-mi-_-2.jpg 1080w\" sizes=\"(max-width: 640px) 100vw, 640px\" \/><figcaption id=\"caption-attachment-97890\" class=\"wp-caption-text\">Hande Er\u00e7el 31. ya\u015f g\u00fcn\u00fcn\u00fc kutlamaya doyamad\u0131<\/figcaption><\/figure>\n<h3>HANDE ER\u00c7EL&#8217;\u0130N ANNESI HANGI HASTALIKTAN \u00d6LD\u00dc?<\/h3>\n<p>Hande Er\u00e7el&#8217;in annesi Aylin Er\u00e7el 2019 y\u0131l\u0131nda kanser hastal\u0131\u011f\u0131ndan dolay\u0131 hayat\u0131n\u0131 kaybetmi\u015fti. Er\u00e7el&#8217;in do\u011fum g\u00fcn\u00fc payla\u015f\u0131mlar\u0131nda annesine yer vermesi ise dikkatlerden ka\u00e7mad\u0131.<\/p>\n<h3>BURAK DEN\u0130Z \u0130LE B\u0130RL\u0130KTE BA\u015eROL\u00dc PAYLA\u015eMI\u015eTI<\/h3>\n<p>Burak Deniz ile &#8216;Bamba\u015fka Biri&#8217; dizisinde ba\u015frol\u00fc payla\u015fan Hande Er\u00e7el, \u015fimdilerde ekranlara ara verdi. Hakan Sabanc\u0131 ile ili\u015fkisine tam gaz devam eden Hande Er\u00e7el defile i\u00e7in Suudi Arabistan&#8217;a gitti.<\/p>\n<p><img loading=\"lazy\" decoding=\"async\" class=\"alignnone size-large wp-image-97891\" src=\"https:\/\/www.tgrthaber.com\/mavikadin\/wp-content\/uploads\/Teyzecigim-kac-yasina-girdin18-mi-_-1-819x1024.jpg\" alt=\"\" width=\"640\" height=\"800\" title=\"\" srcset=\"https:\/\/www.tgrthaber.com\/mavikadin\/wp-content\/uploads\/Teyzecigim-kac-yasina-girdin18-mi-_-1-819x1024.jpg 819w, https:\/\/www.tgrthaber.com\/mavikadin\/wp-content\/uploads\/Teyzecigim-kac-yasina-girdin18-mi-_-1-240x300.jpg 240w, https:\/\/www.tgrthaber.com\/mavikadin\/wp-content\/uploads\/Teyzecigim-kac-yasina-girdin18-mi-_-1-768x960.jpg 768w, https:\/\/www.tgrthaber.com\/mavikadin\/wp-content\/uploads\/Teyzecigim-kac-yasina-girdin18-mi-_-1.jpg 1080w\" sizes=\"(max-width: 640px) 100vw, 640px\" \/><\/p>\n<h3>DO\u011eUM G\u00dcN\u00dc KARELER\u0130 BE\u011eEN\u0130 TOPLADI<\/h3>\n<p>Sosyal medya fenomeni Dila Tarkan, Hande Er\u00e7el ve ba\u015fka bir k\u0131z arkada\u015flar\u0131na yapt\u0131klar\u0131 s\u00fcrpriz do\u011fum g\u00fcn\u00fcnden kareleri payla\u015fm\u0131\u015ft\u0131.<br \/>\nEr\u00e7el&#8217;e \u00e7i\u00e7ek ve meyvelerle \u00f6zel olarak s\u00fcslenmi\u015f 3 boyutlu pasta yapt\u0131r\u0131lm\u0131\u015ft\u0131. S\u00fcrpriz yap\u0131lan Hande Er\u00e7el&#8217;in sevinci ve mutlulu\u011fu y\u00fcz\u00fcne yans\u0131m\u0131\u015ft\u0131.<\/p>\n<h3>HAKAN SABANCI&#8217;DAN \u00d6ZEL KUTLAMA<\/h3>\n<p>Hande Er\u00e7el ve Hakan Sabanc\u0131 \u00e7ifti, do\u011fum g\u00fcn\u00fc kutlamas\u0131 i\u00e7in M\u0131s\u0131r&#8217;a gitti. Sevilen \u00e7iftin kutlama foto\u011fraflar\u0131na be\u011feniler pe\u015f pe\u015fe geldi.<br \/>\nEr\u00e7el\u2019in M\u0131s\u0131r\u2019dan yapt\u0131\u011f\u0131 payla\u015f\u0131mlar sosyal medyada b\u00fcy\u00fck ilgi g\u00f6rd\u00fc.<\/p>\n<p><img loading=\"lazy\" decoding=\"async\" class=\"alignnone size-large wp-image-97892\" src=\"https:\/\/www.tgrthaber.com\/mavikadin\/wp-content\/uploads\/Teyzecigim-kac-yasina-girdin18-mi-_-4-819x1024.jpg\" alt=\"\" width=\"640\" height=\"800\" title=\"\" srcset=\"https:\/\/www.tgrthaber.com\/mavikadin\/wp-content\/uploads\/Teyzecigim-kac-yasina-girdin18-mi-_-4-819x1024.jpg 819w, https:\/\/www.tgrthaber.com\/mavikadin\/wp-content\/uploads\/Teyzecigim-kac-yasina-girdin18-mi-_-4-240x300.jpg 240w, https:\/\/www.tgrthaber.com\/mavikadin\/wp-content\/uploads\/Teyzecigim-kac-yasina-girdin18-mi-_-4-768x960.jpg 768w, https:\/\/www.tgrthaber.com\/mavikadin\/wp-content\/uploads\/Teyzecigim-kac-yasina-girdin18-mi-_-4.jpg 1080w\" sizes=\"(max-width: 640px) 100vw, 640px\" \/><\/p>\n<h3>&#8220;18 M\u0130 TEYZE?&#8221; PAYLA\u015eIMI<\/h3>\n<p>Hande Er\u00e7el bir kutlamay\u0131 da ailesi ve arkada\u015flar\u0131yla yapt\u0131. Bu kutlamadan &#8220;Teyzeci\u011fim ka\u00e7 ya\u015f\u0131na girdin, 18 mi?&#8221; notuyla esprili bir payla\u015f\u0131m geldi.<\/p>\n","protected":false},"excerpt":{"rendered":"<p>\u00dcnl\u00fc oyuncu Hande Er\u00e7el 31. ya\u015f g\u00fcn\u00fcn\u00fc kutlamaya doyamad\u0131. Bulundu\u011fu projelerdeki performans\u0131yla dikkat \u00e7eken Er\u00e7el yeni ya\u015f\u0131n\u0131 ailesi ve sevenleriyle kutlad\u0131.<\/p>\n","protected":false},"author":5,"featured_media":97893,"comment_status":"closed","ping_status":"closed","sticky":false,"template":"","format":"standard","meta":{"rank_math_lock_modified_date":false,"footnotes":""},"categories":[76],"tags":[2837,2738,2391],"class_list":["post-97889","post","type-post","status-publish","format-standard","has-post-thumbnail","hentry","category-magazin","tag-dogum-gunu","tag-hakan-sabanci","tag-hande-ercel"],"_links":{"self":[{"href":"https:\/\/www.tgrthaber.com\/mavikadin\/wp-json\/wp\/v2\/posts\/97889"}],"collection":[{"href":"https:\/\/www.tgrthaber.com\/mavikadin\/wp-json\/wp\/v2\/posts"}],"about":[{"href":"https:\/\/www.tgrthaber.com\/mavikadin\/wp-json\/wp\/v2\/types\/post"}],"author":[{"embeddable":true,"href":"https:\/\/www.tgrthaber.com\/mavikadin\/wp-json\/wp\/v2\/users\/5"}],"replies":[{"embeddable":true,"href":"https:\/\/www.tgrthaber.com\/mavikadin\/wp-json\/wp\/v2\/comments?post=97889"}],"version-history":[{"count":3,"href":"https:\/\/www.tgrthaber.com\/mavikadin\/wp-json\/wp\/v2\/posts\/97889\/revisions"}],"predecessor-version":[{"id":97897,"href":"https:\/\/www.tgrthaber.com\/mavikadin\/wp-json\/wp\/v2\/posts\/97889\/revisions\/97897"}],"wp:featuredmedia":[{"embeddable":true,"href":"https:\/\/www.tgrthaber.com\/mavikadin\/wp-json\/wp\/v2\/media\/97893"}],"wp:attachment":[{"href":"https:\/\/www.tgrthaber.com\/mavikadin\/wp-json\/wp\/v2\/media?parent=97889"}],"wp:term":[{"taxonomy":"category","embeddable":true,"href":"https:\/\/www.tgrthaber.com\/mavikadin\/wp-json\/wp\/v2\/categories?post=97889"},{"taxonomy":"post_tag","embeddable":true,"href":"https:\/\/www.tgrthaber.com\/mavikadin\/wp-json\/wp\/v2\/tags?post=97889"}],"curies":[{"name":"wp","href":"https:\/\/api.w.org\/{rel}","templated":true}]}}