{"id":98097,"date":"2024-11-26T10:00:58","date_gmt":"2024-11-26T07:00:58","guid":{"rendered":"https:\/\/www.tgrthaber.com\/mavikadin\/?p=98097"},"modified":"2024-11-26T11:27:14","modified_gmt":"2024-11-26T08:27:14","slug":"turk-kahvesinde-tercih-ettiginiz-seker-seviyesi-kisilik-dz","status":"publish","type":"post","link":"https:\/\/www.tgrthaber.com\/mavikadin\/turk-kahvesinde-tercih-ettiginiz-seker-seviyesi-kisilik-dz\/","title":{"rendered":"K\u0130\u015e\u0130L\u0130K TEST\u0130: T\u00fcrk kahvesinde tercih etti\u011finiz \u015feker ki\u015fili\u011finizi ele veriyor!"},"content":{"rendered":"<p>T\u00fcrk kahvesinde tercih etti\u011finiz \u015feker d\u00fczeyinin ki\u015fili\u011finizi etkiledi\u011finizi biliyor muydunuz? T\u00fcrk kahvesi, ilk kez 1543 y\u0131l\u0131nda Yemen Valisi \u00d6zdemir Pa\u015fa, taraf\u0131ndan T\u00fcrk topraklar\u0131na getirildi. Burada da farkl\u0131 bir forumla elde edilen ve tarihe ad\u0131n\u0131 T\u00fcrk Kahvesi olarak ge\u00e7iren i\u00e7ecek ortaya \u00e7\u0131kt\u0131.<\/p>\n<h3>T\u00dcRK KAHVES\u0130NDEK\u0130 \u015eEKER SEV\u0130YES\u0130 K\u0130\u015e\u0130L\u0130\u011e\u0130N\u0130Z\u0130 ELE VER\u0130YOR!<\/h3>\n<p>T\u00fcrk kahvesi k\u00fclt\u00fcr\u00fc temsil eder. Ancak kahvenin t\u00fcketimi ise tamamen ki\u015filerin tercihine ba\u011fl\u0131 geli\u015fir. Normalde sade yap\u0131lan T\u00fcrk kahvesi baz\u0131lar\u0131n\u0131n damak zevkine ise \u00e7ok ac\u0131 gelir. Bu y\u00fczden tarih boyunca T\u00fcrk kahvesinde orta, \u015fekerli ve sade tarz\u0131nda kavramlarla istenilen \u015feker oran\u0131 belirlendi. Peki T\u00fcrk kahvesinde tercih edilen \u015feker miktar\u0131 ve karakter aras\u0131ndaki ba\u011f nas\u0131l ortaya \u00e7\u0131kar? Bilim insanlar\u0131 ki\u015filerin tercih etti\u011fi besinlerin beyindeki n\u00f6rotik hareketlere ba\u011fl\u0131 de\u011fi\u015fti\u011fini belirtti.<\/p>\n<p>En s\u0131k t\u00fcketilen i\u00e7ecekler aras\u0131nda yer alan T\u00fcrk kahvesindeki \u015feker miktar\u0131 sizlerin olaylara bak\u0131\u015f a\u00e7\u0131s\u0131n\u0131 belirler. T\u00fcrk kahvesinde kullan\u0131lan \u015feker miktar\u0131 dil y\u00fczeyinde beyne giden sinir sistemini uyar\u0131r. Bu da ki\u015finin duyusal s\u00fcrecinin \u00fczerinde b\u00fcy\u00fck etki sa\u011flar. Mesela sinirli insanlar \u015feker t\u00fcketimine daha yatk\u0131n olurlar. \u00c7\u00fcnk\u00fc sinirlerine y\u00fckledikleri duygular\u0131 \u015fekerle dengelerler. Sizler i\u00e7in duygular\u0131n\u0131z\u0131 ortaya \u00e7\u0131karan T\u00fcrk kahvesi testi haz\u0131rlad\u0131k.<\/p>\n<p>&nbsp;<\/p>\n<p>&nbsp;<\/p>\n<p>&nbsp;<\/p>\n","protected":false},"excerpt":{"rendered":"<p>Ki\u015filik testleri sizin herkesten saklad\u0131\u011f\u0131n\u0131z s\u0131rlar\u0131 ortaya \u00e7\u0131kart\u0131r. \u00d6zellikle duygular\u0131n\u0131z\u0131 belirleyen ki\u015filik testleri sonras\u0131 hayat\u0131n\u0131z de\u011fi\u015febilir. \u0130\u015fte T\u00fcrk kahvesi testi&#8230;<\/p>\n","protected":false},"author":24,"featured_media":98157,"comment_status":"closed","ping_status":"closed","sticky":false,"template":"","format":"standard","meta":{"rank_math_lock_modified_date":false,"footnotes":""},"categories":[2464],"tags":[],"class_list":["post-98097","post","type-post","status-publish","format-standard","has-post-thumbnail","hentry","category-forum"],"_links":{"self":[{"href":"https:\/\/www.tgrthaber.com\/mavikadin\/wp-json\/wp\/v2\/posts\/98097"}],"collection":[{"href":"https:\/\/www.tgrthaber.com\/mavikadin\/wp-json\/wp\/v2\/posts"}],"about":[{"href":"https:\/\/www.tgrthaber.com\/mavikadin\/wp-json\/wp\/v2\/types\/post"}],"author":[{"embeddable":true,"href":"https:\/\/www.tgrthaber.com\/mavikadin\/wp-json\/wp\/v2\/users\/24"}],"replies":[{"embeddable":true,"href":"https:\/\/www.tgrthaber.com\/mavikadin\/wp-json\/wp\/v2\/comments?post=98097"}],"version-history":[{"count":3,"href":"https:\/\/www.tgrthaber.com\/mavikadin\/wp-json\/wp\/v2\/posts\/98097\/revisions"}],"predecessor-version":[{"id":98155,"href":"https:\/\/www.tgrthaber.com\/mavikadin\/wp-json\/wp\/v2\/posts\/98097\/revisions\/98155"}],"wp:featuredmedia":[{"embeddable":true,"href":"https:\/\/www.tgrthaber.com\/mavikadin\/wp-json\/wp\/v2\/media\/98157"}],"wp:attachment":[{"href":"https:\/\/www.tgrthaber.com\/mavikadin\/wp-json\/wp\/v2\/media?parent=98097"}],"wp:term":[{"taxonomy":"category","embeddable":true,"href":"https:\/\/www.tgrthaber.com\/mavikadin\/wp-json\/wp\/v2\/categories?post=98097"},{"taxonomy":"post_tag","embeddable":true,"href":"https:\/\/www.tgrthaber.com\/mavikadin\/wp-json\/wp\/v2\/tags?post=98097"}],"curies":[{"name":"wp","href":"https:\/\/api.w.org\/{rel}","templated":true}]}}