{"id":98113,"date":"2024-11-26T10:18:07","date_gmt":"2024-11-26T07:18:07","guid":{"rendered":"https:\/\/www.tgrthaber.com\/mavikadin\/?p=98113"},"modified":"2024-11-26T10:40:04","modified_gmt":"2024-11-26T07:40:04","slug":"uzak-sehir-nare-kimdir-uzak-sehirin-naresi-sahra-sas-kimdir-sahra-sas-kac-yasinda-nereli","status":"publish","type":"post","link":"https:\/\/www.tgrthaber.com\/mavikadin\/uzak-sehir-nare-kimdir-uzak-sehirin-naresi-sahra-sas-kimdir-sahra-sas-kac-yasinda-nereli\/","title":{"rendered":"Uzak \u015eehir Nare kimdir? Uzak \u015eehir\u2019in Nare\u2019si Sahra \u015ea\u015f kimdir? Sahra \u015ea\u015f ka\u00e7 ya\u015f\u0131nda, nereli?"},"content":{"rendered":"<p>Kanal D ekranlar\u0131n\u0131n yeni dizisi \u2018Uzak \u015eehir\u2019 ekran maceras\u0131na ge\u00e7ti\u011fimiz haftalarda ba\u015flam\u0131\u015ft\u0131. \u0130lk b\u00f6l\u00fcm\u00fcyle izleyici taraf\u0131ndan be\u011feni toplayan dizinin ge\u00e7ti\u011fimiz g\u00fcn \u00fc\u00e7\u00fcnc\u00fc b\u00f6l\u00fcm\u00fc yay\u0131mland\u0131. Seyirci taraf\u0131ndan b\u00fcy\u00fck ilgi g\u00f6ren \u2018Uzak \u015eehir\u2019 dizisi hem konusuyla hem de g\u00fc\u00e7l\u00fc oyuncu kadrosuyla da dikkatleri \u00fczerine \u00e7ekti.<\/p>\n<p>Sinem \u00dcnsal ve Ozan Akbaba\u2019n\u0131n ba\u015frollerini payla\u015ft\u0131klar\u0131 dizide Sahra \u015ea\u015f, Alper \u00c7ankaya, M\u00fcfit Kayacan, Gonca Cilasun, Ferit Kaya ve Dilin D\u00f6\u011fer gibi ba\u015far\u0131l\u0131 isimlerde yer al\u0131yor. Dizide Nare, karakterine can veren Sahra \u015ea\u015f\u2019\u0131n da kim oldu\u011fu izleyici taraf\u0131ndan merak ediliyor. Peki, Uzak \u015eehir Nare kimdir? Uzak \u015eehir\u2019in Nare\u2019si Sahra \u015ea\u015f kimdir? Sahra \u015ea\u015f ka\u00e7 ya\u015f\u0131nda, nereli? \u0130\u015fte Sahra \u015ea\u015f hakk\u0131nda bilmeniz gerekenler\u2026<\/p>\n<h3>SAHRA \u015eA\u015e K\u0130MD\u0130R?<\/h3>\n<p>Sahra \u015ea\u015f, 1994 y\u0131l\u0131nda \u0130stanbul\u2019da d\u00fcnyaya geldi. Aslen Erzincanl\u0131 olan ba\u015far\u0131l\u0131 oyuncu, e\u011fitim alan\u0131nda \u00e7e\u015fitli e\u011fitimler alm\u0131\u015f ve kariyerini oyunculuk alan\u0131nda geli\u015ftirmeye karar vermi\u015ftir.<\/p>\n<p><img loading=\"lazy\" decoding=\"async\" class=\"size-large wp-image-98114\" src=\"https:\/\/www.tgrthaber.com\/mavikadin\/wp-content\/uploads\/Uzak-Sehir-Nare-3-1024x576.jpg\" alt=\"Sahra \u015ea\u015f kimdir?\" width=\"640\" height=\"360\" title=\"\" srcset=\"https:\/\/www.tgrthaber.com\/mavikadin\/wp-content\/uploads\/Uzak-Sehir-Nare-3-1024x576.jpg 1024w, https:\/\/www.tgrthaber.com\/mavikadin\/wp-content\/uploads\/Uzak-Sehir-Nare-3-300x169.jpg 300w, https:\/\/www.tgrthaber.com\/mavikadin\/wp-content\/uploads\/Uzak-Sehir-Nare-3-768x432.jpg 768w, https:\/\/www.tgrthaber.com\/mavikadin\/wp-content\/uploads\/Uzak-Sehir-Nare-3-1536x864.jpg 1536w, https:\/\/www.tgrthaber.com\/mavikadin\/wp-content\/uploads\/Uzak-Sehir-Nare-3.jpg 1600w\" sizes=\"(max-width: 640px) 100vw, 640px\" \/><\/p>\n<p>Oyunculuk ser\u00fcvenine k\u00fc\u00e7\u00fck ya\u015flarda ba\u015flayan Sahra \u015ea\u015f, bir\u00e7ok ba\u015far\u0131l\u0131 projede yer alm\u0131\u015f ve kendini g\u00f6stermi\u015ftir. \u015ea\u015f, ilk oyunculuk deneyimini 2013 y\u0131l\u0131nda ATV ekranlar\u0131nda izleyici kar\u015f\u0131s\u0131na \u00e7\u0131kan \u2018Tatar Ramazan\u2019 adl\u0131 diziyle ger\u00e7ekle\u015ftirdi.<\/p>\n<h3>SAHRA \u015eA\u015e KA\u00c7 YA\u015eINDA?<\/h3>\n<p>\u015eimdilerde 30 ya\u015f\u0131nda olan ba\u015far\u0131l\u0131 oyuncu Sahra \u015ea\u015f, Tatar Ramazan adl\u0131 diziyle kariyerine ba\u015flam\u0131\u015f sonras\u0131nda ise yine 2013-2014 y\u0131llar\u0131 aras\u0131nda Show TV ekranlar\u0131nda yay\u0131mlanan \u2018Ad\u0131n\u0131 Kalbime Yazd\u0131m\u2019 dizisinde boy g\u00f6stermi\u015ftir.<\/p>\n<p><img loading=\"lazy\" decoding=\"async\" class=\"size-large wp-image-98115\" src=\"https:\/\/www.tgrthaber.com\/mavikadin\/wp-content\/uploads\/Uzak-Sehir-Nare-5-1024x576.jpg\" alt=\"Sahra \u015ea\u015f kimdir?\" width=\"640\" height=\"360\" title=\"\" srcset=\"https:\/\/www.tgrthaber.com\/mavikadin\/wp-content\/uploads\/Uzak-Sehir-Nare-5-1024x576.jpg 1024w, https:\/\/www.tgrthaber.com\/mavikadin\/wp-content\/uploads\/Uzak-Sehir-Nare-5-300x169.jpg 300w, https:\/\/www.tgrthaber.com\/mavikadin\/wp-content\/uploads\/Uzak-Sehir-Nare-5-768x432.jpg 768w, https:\/\/www.tgrthaber.com\/mavikadin\/wp-content\/uploads\/Uzak-Sehir-Nare-5-1536x864.jpg 1536w, https:\/\/www.tgrthaber.com\/mavikadin\/wp-content\/uploads\/Uzak-Sehir-Nare-5.jpg 1600w\" sizes=\"(max-width: 640px) 100vw, 640px\" \/><\/p>\n<p>Bir\u00e7ok \u00f6nemli projede yer alan Sahra \u015ea\u015f, 2017 y\u0131l\u0131nda NOW TV ekranlar\u0131nda izleyici ile bulu\u015fan \u2018\u00c7oban Y\u0131ld\u0131z\u0131\u2019 dizisinde \u00f6nemli bir karakteri canland\u0131rm\u0131\u015f ve bu kariyer onun oyunculuk kariyerini olumlu y\u00f6nde etkilemi\u015ftir.<\/p>\n<h3>SAHRA \u015eA\u015e NASIL \u00dcN KAZANDI?<\/h3>\n<p>Sahra \u015ea\u015f, 2017-2019 y\u0131llar\u0131 aras\u0131nda NOW TV ekranlar\u0131nda yay\u0131mlanan, bir d\u00f6neme damga vuran ve izlenme rekorlar\u0131 k\u0131ran \u2018Kad\u0131n\u2019 dizisinde \u2018Ber\u015fan\u2019 karakterine can verdi. Bu karakteriyle oyunculu\u011funu zirveye ta\u015f\u0131yan \u015ea\u015f, seyirci taraf\u0131ndan \u00e7ok sevildi. Kad\u0131n dizisinde sergiledi\u011fi performansla izleyicinin be\u011fenisini kazanan \u015ea\u015f, geni\u015f bir izleyici kitlesine ula\u015ft\u0131.<\/p>\n<p><img loading=\"lazy\" decoding=\"async\" class=\"size-large wp-image-98116\" src=\"https:\/\/www.tgrthaber.com\/mavikadin\/wp-content\/uploads\/Uzak-Sehir-Nare-1024x576.jpg\" alt=\"Sahra \u015ea\u015f kimdir?\" width=\"640\" height=\"360\" title=\"\" srcset=\"https:\/\/www.tgrthaber.com\/mavikadin\/wp-content\/uploads\/Uzak-Sehir-Nare-1024x576.jpg 1024w, https:\/\/www.tgrthaber.com\/mavikadin\/wp-content\/uploads\/Uzak-Sehir-Nare-300x169.jpg 300w, https:\/\/www.tgrthaber.com\/mavikadin\/wp-content\/uploads\/Uzak-Sehir-Nare-768x432.jpg 768w, https:\/\/www.tgrthaber.com\/mavikadin\/wp-content\/uploads\/Uzak-Sehir-Nare-1536x864.jpg 1536w, https:\/\/www.tgrthaber.com\/mavikadin\/wp-content\/uploads\/Uzak-Sehir-Nare.jpg 1600w\" sizes=\"(max-width: 640px) 100vw, 640px\" \/><\/p>\n<p>Sahra \u015ea\u015f, ayn\u0131 zamanda bu d\u00f6nemde 2018 y\u0131l\u0131nda NOW TV ekranlar\u0131nda izleyici kar\u015f\u0131s\u0131na \u00e7\u0131kan \u2018Bizim Hikaye\u2019 dizisinde \u2018\u00c7i\u00e7ek\u2019 karakterine can verdi. \u015ea\u015f, Bizim Hikaye dizisinde canland\u0131rd\u0131\u011f\u0131 \u00c7i\u00e7ek karakteriyle de seyircinin be\u011fenisini toplad\u0131.<\/p>\n<h3>SAHRA \u015eA\u015e OYUNCULUK KAR\u0130YER\u0130NE NASIL DEVAM ETT\u0130?<\/h3>\n<p>Erken ya\u015flarda oyunculuk kariyerine ba\u015flayan ba\u015far\u0131l\u0131 oyuncu Sahra \u015ea\u015f, 2020 y\u0131l\u0131nda Show TV ekranlar\u0131nda yay\u0131mlanan \u2018Zemheri\u2019 adl\u0131 dizide \u2018Sevda\u2019 karakterine can verdi. \u015ea\u015f, daha sonra 2021 y\u0131l\u0131nda dijital platformda yay\u0131mlanan \u2018Ex A\u015fk\u0131m\u2019 dizisiyle ilk dijital platform deneyimini ger\u00e7ekle\u015ftirdi.<\/p>\n<p>Yine ayn\u0131 y\u0131lda Show TV ekranlar\u0131nda yay\u0131mlanan \u2018Alev Alev\u2019 dizisiyle izleyici kar\u015f\u0131s\u0131na ge\u00e7en Sahra \u015ea\u015f, bu dizide \u2018Zeyno\u2019 karakterine can verdi. \u015ea\u015f, son olarak 2023 y\u0131l\u0131nda NOW TV ekranlar\u0131nda izleyici kar\u015f\u0131s\u0131na ge\u00e7en \u2018Dokuz O\u011fuz\u2019 dizisinde \u2018Umay\u2019 karakterine can verdi.<\/p>\n<p><img loading=\"lazy\" decoding=\"async\" class=\"size-large wp-image-98118\" src=\"https:\/\/www.tgrthaber.com\/mavikadin\/wp-content\/uploads\/Uzak-Sehir-Nare-9-1024x576.jpg\" alt=\"Uzak \u015eehir Nare\" width=\"640\" height=\"360\" title=\"\" srcset=\"https:\/\/www.tgrthaber.com\/mavikadin\/wp-content\/uploads\/Uzak-Sehir-Nare-9-1024x576.jpg 1024w, https:\/\/www.tgrthaber.com\/mavikadin\/wp-content\/uploads\/Uzak-Sehir-Nare-9-300x169.jpg 300w, https:\/\/www.tgrthaber.com\/mavikadin\/wp-content\/uploads\/Uzak-Sehir-Nare-9-768x432.jpg 768w, https:\/\/www.tgrthaber.com\/mavikadin\/wp-content\/uploads\/Uzak-Sehir-Nare-9-1536x864.jpg 1536w, https:\/\/www.tgrthaber.com\/mavikadin\/wp-content\/uploads\/Uzak-Sehir-Nare-9.jpg 1600w\" sizes=\"(max-width: 640px) 100vw, 640px\" \/><\/p>\n<p>Bunun yan\u0131nda Sahra \u015ea\u015f, film sekt\u00f6r\u00fcnde de ba\u015far\u0131s\u0131n\u0131 g\u00f6stererek 2017 y\u0131l\u0131nda \u2018Mart\u0131\u2019 adl\u0131 sinema filmiyle, 2018 y\u0131l\u0131nda ise \u2018Something About That Night\u2019 adl\u0131 k\u0131sa filmde izleyici kar\u015f\u0131s\u0131na \u00e7\u0131kt\u0131.<\/p>\n<h3>UZAK \u015eEH\u0130R NARE K\u0130MD\u0130R?<\/h3>\n<p>\u015eimdilerde Uzak \u015eehir dizisinde \u2018Nare\u2019 karakterine can veren Sahra \u015ea\u015f, ba\u015far\u0131l\u0131 oyunculu\u011fuyla dikkatleri \u00fczerine topluyor. Dizide olduk\u00e7a g\u00fc\u00e7l\u00fc bir karakteri canland\u0131ran \u015ea\u015f, seyircinin be\u011fenisini toplamay\u0131 ba\u015far\u0131yor.<\/p>\n<p>Nare dizide Azem ve Sadakat\u2019in k\u0131z\u0131 olarak kar\u015f\u0131m\u0131za \u00e7\u0131k\u0131yor. Ayn\u0131 zamanda Nare, Boran, Kaya ve Cihan\u2019\u0131n k\u0131z karde\u015fidir. Albora\u2019n\u0131n sert r\u00fczgar\u0131nda savrulan Nare, duygusal ama bir o kadar da g\u00fc\u00e7l\u00fc bir karakterdir. Nare, duygusal taraf\u0131n\u0131 kontrol etmeye \u00e7al\u0131\u015f\u0131rken ayn\u0131 zamanda da yedi\u011fi darbelerden dolay\u0131 kendine koza \u00f6rerek korunmaya \u00e7al\u0131\u015f\u0131yor.<\/p>\n<p><img loading=\"lazy\" decoding=\"async\" class=\"size-large wp-image-98117\" src=\"https:\/\/www.tgrthaber.com\/mavikadin\/wp-content\/uploads\/Uzak-Sehir-Nare-8-1024x576.jpg\" alt=\"Uzak \u015eehir Nare\" width=\"640\" height=\"360\" title=\"\" srcset=\"https:\/\/www.tgrthaber.com\/mavikadin\/wp-content\/uploads\/Uzak-Sehir-Nare-8-1024x576.jpg 1024w, https:\/\/www.tgrthaber.com\/mavikadin\/wp-content\/uploads\/Uzak-Sehir-Nare-8-300x169.jpg 300w, https:\/\/www.tgrthaber.com\/mavikadin\/wp-content\/uploads\/Uzak-Sehir-Nare-8-768x432.jpg 768w, https:\/\/www.tgrthaber.com\/mavikadin\/wp-content\/uploads\/Uzak-Sehir-Nare-8-1536x864.jpg 1536w, https:\/\/www.tgrthaber.com\/mavikadin\/wp-content\/uploads\/Uzak-Sehir-Nare-8.jpg 1600w\" sizes=\"(max-width: 640px) 100vw, 640px\" \/><\/p>\n<p>Nare\u2019nin duygusal ya\u015fam\u0131, ailesi ile olan ili\u015fkileri ve Albora\u2019n\u0131n sert ko\u015fullar\u0131 etraf\u0131nda ya\u015fad\u0131\u011f\u0131 zorluklarla \u015fekilleniyor. Nare\u2019nin gelecek b\u00f6l\u00fcmlerde nas\u0131l bir performans sergileyece\u011fi ve gidi\u015fat\u0131n\u0131n nas\u0131l olaca\u011f\u0131 da izleyici taraf\u0131ndan merak ediliyor.<\/p>\n","protected":false},"excerpt":{"rendered":"<p>Uzak \u015eehir dizisinde Nare karakterine can veren Sahra \u015ea\u015f\u2019\u0131n kim oldu\u011fu merak edildi! Peki, Uzak \u015eehir Nare kimdir? Uzak \u015eehir\u2019in Nare\u2019si Sahra \u015ea\u015f kimdir? Sahra \u015ea\u015f ka\u00e7 ya\u015f\u0131nda, nereli? <\/p>\n","protected":false},"author":26,"featured_media":98119,"comment_status":"closed","ping_status":"closed","sticky":false,"template":"","format":"standard","meta":{"rank_math_lock_modified_date":false,"footnotes":""},"categories":[491],"tags":[2879,2293],"class_list":["post-98113","post","type-post","status-publish","format-standard","has-post-thumbnail","hentry","category-biyografi","tag-sahra-sas","tag-uzak-sehir"],"_links":{"self":[{"href":"https:\/\/www.tgrthaber.com\/mavikadin\/wp-json\/wp\/v2\/posts\/98113"}],"collection":[{"href":"https:\/\/www.tgrthaber.com\/mavikadin\/wp-json\/wp\/v2\/posts"}],"about":[{"href":"https:\/\/www.tgrthaber.com\/mavikadin\/wp-json\/wp\/v2\/types\/post"}],"author":[{"embeddable":true,"href":"https:\/\/www.tgrthaber.com\/mavikadin\/wp-json\/wp\/v2\/users\/26"}],"replies":[{"embeddable":true,"href":"https:\/\/www.tgrthaber.com\/mavikadin\/wp-json\/wp\/v2\/comments?post=98113"}],"version-history":[{"count":1,"href":"https:\/\/www.tgrthaber.com\/mavikadin\/wp-json\/wp\/v2\/posts\/98113\/revisions"}],"predecessor-version":[{"id":98120,"href":"https:\/\/www.tgrthaber.com\/mavikadin\/wp-json\/wp\/v2\/posts\/98113\/revisions\/98120"}],"wp:featuredmedia":[{"embeddable":true,"href":"https:\/\/www.tgrthaber.com\/mavikadin\/wp-json\/wp\/v2\/media\/98119"}],"wp:attachment":[{"href":"https:\/\/www.tgrthaber.com\/mavikadin\/wp-json\/wp\/v2\/media?parent=98113"}],"wp:term":[{"taxonomy":"category","embeddable":true,"href":"https:\/\/www.tgrthaber.com\/mavikadin\/wp-json\/wp\/v2\/categories?post=98113"},{"taxonomy":"post_tag","embeddable":true,"href":"https:\/\/www.tgrthaber.com\/mavikadin\/wp-json\/wp\/v2\/tags?post=98113"}],"curies":[{"name":"wp","href":"https:\/\/api.w.org\/{rel}","templated":true}]}}