{"id":98204,"date":"2024-11-26T13:27:28","date_gmt":"2024-11-26T10:27:28","guid":{"rendered":"https:\/\/www.tgrthaber.com\/mavikadin\/?p=98204"},"modified":"2024-11-26T13:34:58","modified_gmt":"2024-11-26T10:34:58","slug":"sinem-kobal-elle-dergisinin-duzenledigi-gece-beyaz-elbisesiyle-damga-vurdu","status":"publish","type":"post","link":"https:\/\/www.tgrthaber.com\/mavikadin\/sinem-kobal-elle-dergisinin-duzenledigi-gece-beyaz-elbisesiyle-damga-vurdu\/","title":{"rendered":"Sinem Kobal, Elle dergisinin d\u00fczenledi\u011fi gece beyaz elbisesiyle damga vurdu!"},"content":{"rendered":"<p>Selena dizisiyle ad\u0131n\u0131 duyuran ve Kenan \u0130mirzal\u0131o\u011flu ile mutlu bir evlilik s\u00fcrd\u00fcren Sinem Kobal, uzun bir aran\u0131n ard\u0131ndan tekrar ekranlara d\u00f6nmeye haz\u0131rlan\u0131yor. D\u00fcn ak\u015fam Elle dergisinin organizasyonunda boy g\u00f6steren Kobal, beyaz mini elbisesiyle herkesi etkiledi. \u0130ki k\u0131z\u0131 Lalin ve Leyla&#8217;n\u0131n b\u00fcy\u00fcmesinin ard\u0131ndan setlere geri d\u00f6nen \u00fcnl\u00fc oyuncu, duru g\u00fczelli\u011fi ve \u015f\u0131kl\u0131\u011f\u0131yla magazin bas\u0131n\u0131n\u0131n ilgi oda\u011f\u0131 oldu.<\/p>\n<h3>S\u0130NEM KOBAL YEN\u0130 PROJES\u0130 HAKKINDA KONU\u015eTU!<\/h3>\n<p>Uzun bir aradan sonra oyunculu\u011fa geri d\u00f6nen Sinem Kobal, Elle&#8217;nin d\u00fczenledi\u011fi etkinlikte boy g\u00f6sterdi. Beyaz elbisesi ve zarif duru\u015fuyla gecenin y\u0131ld\u0131z\u0131 olan Kobal, gazetecilerle samimi bir sohbet ger\u00e7ekle\u015ftirdi. Yeni projesinde canland\u0131raca\u011f\u0131 gazeteci karakterine dair sorular\u0131 cevaplayan Kobal, gazetecilik mesle\u011fine olan sayg\u0131s\u0131n\u0131 dile getirdi.<\/p>\n<p>\u201cArkada\u015flar, sizin i\u015finiz ger\u00e7ekten \u00e7ok zor. Bu role haz\u0131rlan\u0131rken bunu daha iyi anlad\u0131m\u201d diyerek duygular\u0131n\u0131 ifade etti. Sinem Kobal&#8217;\u0131n d\u00f6n\u00fc\u015f\u00fc sinema ve televizyon d\u00fcnyas\u0131nda heyecan etkisi olu\u015fturdu.<\/p>\n<p><img loading=\"lazy\" decoding=\"async\" class=\"alignnone wp-image-98206 size-full\" src=\"https:\/\/www.tgrthaber.com\/mavikadin\/wp-content\/uploads\/sinem-kobal-1.jpg\" alt=\"sinem kobal\" width=\"1920\" height=\"1080\" title=\"\" srcset=\"https:\/\/www.tgrthaber.com\/mavikadin\/wp-content\/uploads\/sinem-kobal-1.jpg 1920w, https:\/\/www.tgrthaber.com\/mavikadin\/wp-content\/uploads\/sinem-kobal-1-300x169.jpg 300w, https:\/\/www.tgrthaber.com\/mavikadin\/wp-content\/uploads\/sinem-kobal-1-1024x576.jpg 1024w, https:\/\/www.tgrthaber.com\/mavikadin\/wp-content\/uploads\/sinem-kobal-1-768x432.jpg 768w, https:\/\/www.tgrthaber.com\/mavikadin\/wp-content\/uploads\/sinem-kobal-1-1536x864.jpg 1536w\" sizes=\"(max-width: 1920px) 100vw, 1920px\" \/><\/p>\n<h3>S\u0130NEM KOBAL GEN\u00c7 KIZLARA TA\u015e \u00c7IKARDI!<\/h3>\n<p>\u00dcnl\u00fc oyuncu Sinem Kobal, beyaz mini ete\u011fiyle g\u00f6z kama\u015ft\u0131rd\u0131. Siyah rugan ayakkab\u0131lar\u0131 ve k\u0131rm\u0131z\u0131 rujuyla kombinledi\u011fi \u015f\u0131k g\u00f6r\u00fcn\u00fcm\u00fc takip\u00e7ilerinden tam not ald\u0131. Makyaj\u0131nda sade bir tarz tercih eden Kobal, eyeliner kullan\u0131m\u0131yla dikkatleri \u00fczerine \u00e7ekti.<\/p>\n<p>\u00d6d\u00fcl gecesindeki \u015f\u0131kl\u0131\u011f\u0131yla be\u011feni toplayan g\u00fczel oyuncu, gece sonras\u0131nda hayranlar\u0131yla \u00f6zel geceye nas\u0131l haz\u0131rland\u0131\u011f\u0131n\u0131 payla\u015ft\u0131. Tiffany&amp;Co bileklikleriyle beyaz elbisesini tamamlayan Kobal&#8217;\u0131n makyaj\u0131n\u0131 ise Melis \u0130lkk\u0131l\u0131\u00e7 yapt\u0131. Marka sadakatiyle bilinen Kobal, bu kez Magda Butrym imzal\u0131 beyaz mini elbisesiyle Elle gecesine damga vurdu.<\/p>\n<h3>S\u0130NEM KOBAL\u2019IN GECEYE DAMGA VURAN BEYAZ ELB\u0130SES\u0130<\/h3>\n<p>Sinem Kobal, sosyal medya \u00fczerinden duru g\u00fczelli\u011fini hayranlar\u0131yla payla\u015ft\u0131. E\u015fi Kenan \u0130mirzal\u0131o\u011flu, e\u015finin foto\u011fraflar\u0131na kalp emoji g\u00f6nderdi. Ayr\u0131ca Sinem Kobal, kuaf\u00f6r\u00fc ile Elle gecesine haz\u0131rl\u0131k a\u015famalar\u0131n\u0131 da takip\u00e7ileri taraf\u0131ndan be\u011fenildi.<\/p>\n<p><img loading=\"lazy\" decoding=\"async\" class=\"alignnone wp-image-98207 size-full\" src=\"https:\/\/www.tgrthaber.com\/mavikadin\/wp-content\/uploads\/sinem-kobal-2.jpg\" alt=\"sinem kobal \" width=\"1920\" height=\"1080\" title=\"\" srcset=\"https:\/\/www.tgrthaber.com\/mavikadin\/wp-content\/uploads\/sinem-kobal-2.jpg 1920w, https:\/\/www.tgrthaber.com\/mavikadin\/wp-content\/uploads\/sinem-kobal-2-300x169.jpg 300w, https:\/\/www.tgrthaber.com\/mavikadin\/wp-content\/uploads\/sinem-kobal-2-1024x576.jpg 1024w, https:\/\/www.tgrthaber.com\/mavikadin\/wp-content\/uploads\/sinem-kobal-2-768x432.jpg 768w, https:\/\/www.tgrthaber.com\/mavikadin\/wp-content\/uploads\/sinem-kobal-2-1536x864.jpg 1536w\" sizes=\"(max-width: 1920px) 100vw, 1920px\" \/><\/p>\n","protected":false},"excerpt":{"rendered":"<p>Uzun bir s\u00fcredir televizyonlarda g\u00f6z\u00fckmeyen \u00fcnl\u00fc oyuncu Sinem Kobal, d\u00fcn ak\u015fam Elle dergisinin etkinli\u011fine kat\u0131ld\u0131. Yaln\u0131z gitti\u011fi davette Sinem Kobal, beyaz renkli k\u0131sa elbisesiyle b\u00fcy\u00fck ilgi g\u00f6rd\u00fc.<\/p>\n","protected":false},"author":10,"featured_media":98205,"comment_status":"closed","ping_status":"closed","sticky":false,"template":"","format":"standard","meta":{"rank_math_lock_modified_date":false,"footnotes":""},"categories":[76],"tags":[2892,2726],"class_list":["post-98204","post","type-post","status-publish","format-standard","has-post-thumbnail","hentry","category-magazin","tag-elle-gecesi","tag-sinem-kobal"],"_links":{"self":[{"href":"https:\/\/www.tgrthaber.com\/mavikadin\/wp-json\/wp\/v2\/posts\/98204"}],"collection":[{"href":"https:\/\/www.tgrthaber.com\/mavikadin\/wp-json\/wp\/v2\/posts"}],"about":[{"href":"https:\/\/www.tgrthaber.com\/mavikadin\/wp-json\/wp\/v2\/types\/post"}],"author":[{"embeddable":true,"href":"https:\/\/www.tgrthaber.com\/mavikadin\/wp-json\/wp\/v2\/users\/10"}],"replies":[{"embeddable":true,"href":"https:\/\/www.tgrthaber.com\/mavikadin\/wp-json\/wp\/v2\/comments?post=98204"}],"version-history":[{"count":4,"href":"https:\/\/www.tgrthaber.com\/mavikadin\/wp-json\/wp\/v2\/posts\/98204\/revisions"}],"predecessor-version":[{"id":98213,"href":"https:\/\/www.tgrthaber.com\/mavikadin\/wp-json\/wp\/v2\/posts\/98204\/revisions\/98213"}],"wp:featuredmedia":[{"embeddable":true,"href":"https:\/\/www.tgrthaber.com\/mavikadin\/wp-json\/wp\/v2\/media\/98205"}],"wp:attachment":[{"href":"https:\/\/www.tgrthaber.com\/mavikadin\/wp-json\/wp\/v2\/media?parent=98204"}],"wp:term":[{"taxonomy":"category","embeddable":true,"href":"https:\/\/www.tgrthaber.com\/mavikadin\/wp-json\/wp\/v2\/categories?post=98204"},{"taxonomy":"post_tag","embeddable":true,"href":"https:\/\/www.tgrthaber.com\/mavikadin\/wp-json\/wp\/v2\/tags?post=98204"}],"curies":[{"name":"wp","href":"https:\/\/api.w.org\/{rel}","templated":true}]}}