{"id":98311,"date":"2024-11-26T16:22:08","date_gmt":"2024-11-26T13:22:08","guid":{"rendered":"https:\/\/www.tgrthaber.com\/mavikadin\/?p=98311"},"modified":"2024-11-26T17:14:42","modified_gmt":"2024-11-26T14:14:42","slug":"cuneyt-arkinin-cizgi-animasyon-filmi-yolda","status":"publish","type":"post","link":"https:\/\/www.tgrthaber.com\/mavikadin\/cuneyt-arkinin-cizgi-animasyon-filmi-yolda\/","title":{"rendered":"C\u00fcneyt Ark\u0131n unutulmaz oluyor! \u00c7izgi animasyon film m\u00fcjdesini o\u011flu Kaan C\u00fcreklibat\u0131r verdi"},"content":{"rendered":"<p>Ye\u015fil\u00e7am&#8217;\u0131n efsane ismi C\u00fcneyt Ark\u0131n&#8217;\u0131n o\u011flu Kaan C\u00fcreklibat\u0131r, C\u00fcneyt Ark\u0131n&#8217;\u0131n \u00e7izgi animasyon filminin yolda oldu\u011fu m\u00fcjdesini verdi.\u00a0 Ni\u015fanta\u015f\u0131 City&#8217;s&#8217;de g\u00f6r\u00fcnt\u00fclenen C\u00fcreklibat\u0131r babas\u0131n\u0131n an\u0131s\u0131n\u0131 ya\u015fataca\u011f\u0131ndan bahsetti.<\/p>\n<h3>C\u00dcNEYT ARKIN&#8217;IN \u00c7\u0130ZG\u0130 AN\u0130MASYON F\u0130LM\u0130 YOLDA<\/h3>\n<p>Ni\u015fanta\u015f\u0131 City&#8217;s&#8217;de g\u00f6r\u00fcnt\u00fclenen C\u00fcneyt Ark\u0131n&#8217;\u0131n o\u011flu Kaan C\u00fcreklibat\u0131r, C\u00fcneyt Ark\u0131n&#8217;\u0131n \u00e7izgi animasyon filmi yolda oldu\u011funu payla\u015ft\u0131.<\/p>\n<div style=\"width: 640px;\" class=\"wp-video\"><!--[if lt IE 9]><script>document.createElement('video');<\/script><![endif]-->\n<video class=\"wp-video-shortcode\" id=\"video-98311-1\" width=\"640\" height=\"640\" preload=\"metadata\" controls=\"controls\"><source type=\"video\/mp4\" src=\"https:\/\/www.tgrthaber.com\/mavikadin\/wp-content\/uploads\/Sari-ve-Mavi-Fotografli-Gunaydin-Temali-Instagram-Gonderisi-4.mp4?_=1\" \/><a href=\"https:\/\/www.tgrthaber.com\/mavikadin\/wp-content\/uploads\/Sari-ve-Mavi-Fotografli-Gunaydin-Temali-Instagram-Gonderisi-4.mp4\">https:\/\/www.tgrthaber.com\/mavikadin\/wp-content\/uploads\/Sari-ve-Mavi-Fotografli-Gunaydin-Temali-Instagram-Gonderisi-4.mp4<\/a><\/video><\/div>\n<h3>&#8220;BABAM EN B\u00dcY\u00dcK \u00d6RNEK&#8221;<\/h3>\n<p>Yeni projeleri oldu\u011funu belirten Kaan C\u00fcreklibat\u0131r, &#8220;An\u0131s\u0131n\u0131 ya\u015fatmakla ilgili g\u00fczel bir proje var. Yeni nesil i\u00e7in \u00e7izgi animasyon d\u00fc\u015f\u00fcn\u00fcyoruz. Babam, &#8216;Gen\u00e7ler tarihi ve k\u00fclt\u00fcr\u00fcn\u00fc bilirse, yabanc\u0131 \u00f6zentisi olmaz&#8217; derdi. Ger\u00e7ekten hep yabanc\u0131 \u00e7izgi filmler. Niye kendi kahraman\u0131z yok dedik. Burada babam en b\u00fcy\u00fck \u00f6rnek. T\u00fcrk mitolojisini tan\u0131tal\u0131m istiyoruz. Senaryo bitti. Murat da yard\u0131mc\u0131 oluyor projede&#8230; Belki bunun ileride filmi yap\u0131l\u0131rsa, biz niye oynamayal\u0131m? Battal karakteri \u00fczerine gidiyoruz. Hep televizyonda izledi\u011fimiz karakter onun \u00e7izgi animasyona ta\u015f\u0131nmas\u0131&#8230; Mesela yaylada \u00e7ad\u0131r k\u00fclt\u00fcr\u00fc&#8230; Kendi k\u00fclt\u00fcr\u00fcm\u00fczden karakterler anlatmak istiyoruz. Babam\u0131n, &#8216;Onlars\u0131z film \u00e7ekilmez&#8217; dedi\u011fi k\u00f6t\u00fc karakterlerin \u00e7izimi de yap\u0131ld\u0131. \u0130hsan Gedik ve Kadir K\u00f6k&#8217;e kadar hepsinin \u00e7izimi yap\u0131ld\u0131. Bu sefer tam tersi babamla kahramanl\u0131k hikayelerine at\u0131lacaklar&#8221; ifadelerini kulland\u0131.<\/p>\n<h3>&#8220;\u00c7OK SEVEN\u0130 VAR&#8221;<\/h3>\n<p>Babas\u0131 C\u00fcneyt Ark\u0131n&#8217;\u0131n hayat hikayesinin film olmas\u0131 i\u00e7in teklifler geldi\u011fini anlatan Kaan C\u00fcreklibat\u0131r, &#8220;Bir ka\u00e7 tane geldi. De\u011ferlendiriyoruz. En b\u00fcy\u00fck dikkat etti\u011fim konu \u00e7ok seveni var. Mah\u00e7up olmamam\u0131z gerekiyor. C\u00fcneyt Ark\u0131n, iki saatte anlat\u0131lacak hayat hikayesi de\u011fil. Belki \u00e7ocuklu\u011fu, okul y\u0131llar\u0131 ve sinemaya nas\u0131l at\u0131ld\u0131\u011f\u0131 gibi b\u00f6l\u00fcm b\u00f6l\u00fcm anlat\u0131labilir. \u00d6zg\u00fcn bir karakterdi&#8221; \u015feklinde konu\u015ftu.<\/p>\n","protected":false},"excerpt":{"rendered":"<p>C\u00fcneyt Ark\u0131n&#8217;\u0131n \u00e7izgi animasyon filmi geliyor. Ye\u015fil\u00e7am&#8217;\u0131n efsane ismi C\u00fcneyt Ark\u0131n&#8217;\u0131n o\u011flu Kaan C\u00fcreklibat\u0131r, Ni\u015fanta\u015f\u0131 City&#8217;s&#8217;de g\u00f6r\u00fcnt\u00fclendi. C\u00fcreklibat\u0131r babas\u0131n\u0131n an\u0131s\u0131n\u0131 ya\u015fatmak i\u00e7in yeni projelerden bahsetti.<\/p>\n","protected":false},"author":5,"featured_media":98313,"comment_status":"closed","ping_status":"closed","sticky":false,"template":"","format":"standard","meta":{"rank_math_lock_modified_date":false,"footnotes":""},"categories":[76],"tags":[2907,2906],"class_list":["post-98311","post","type-post","status-publish","format-standard","has-post-thumbnail","hentry","category-magazin","tag-cuneyt-arkin","tag-kaan-cureklibatir"],"_links":{"self":[{"href":"https:\/\/www.tgrthaber.com\/mavikadin\/wp-json\/wp\/v2\/posts\/98311"}],"collection":[{"href":"https:\/\/www.tgrthaber.com\/mavikadin\/wp-json\/wp\/v2\/posts"}],"about":[{"href":"https:\/\/www.tgrthaber.com\/mavikadin\/wp-json\/wp\/v2\/types\/post"}],"author":[{"embeddable":true,"href":"https:\/\/www.tgrthaber.com\/mavikadin\/wp-json\/wp\/v2\/users\/5"}],"replies":[{"embeddable":true,"href":"https:\/\/www.tgrthaber.com\/mavikadin\/wp-json\/wp\/v2\/comments?post=98311"}],"version-history":[{"count":2,"href":"https:\/\/www.tgrthaber.com\/mavikadin\/wp-json\/wp\/v2\/posts\/98311\/revisions"}],"predecessor-version":[{"id":98328,"href":"https:\/\/www.tgrthaber.com\/mavikadin\/wp-json\/wp\/v2\/posts\/98311\/revisions\/98328"}],"wp:featuredmedia":[{"embeddable":true,"href":"https:\/\/www.tgrthaber.com\/mavikadin\/wp-json\/wp\/v2\/media\/98313"}],"wp:attachment":[{"href":"https:\/\/www.tgrthaber.com\/mavikadin\/wp-json\/wp\/v2\/media?parent=98311"}],"wp:term":[{"taxonomy":"category","embeddable":true,"href":"https:\/\/www.tgrthaber.com\/mavikadin\/wp-json\/wp\/v2\/categories?post=98311"},{"taxonomy":"post_tag","embeddable":true,"href":"https:\/\/www.tgrthaber.com\/mavikadin\/wp-json\/wp\/v2\/tags?post=98311"}],"curies":[{"name":"wp","href":"https:\/\/api.w.org\/{rel}","templated":true}]}}