{"id":98319,"date":"2024-11-26T16:40:58","date_gmt":"2024-11-26T13:40:58","guid":{"rendered":"https:\/\/www.tgrthaber.com\/mavikadin\/?p=98319"},"modified":"2024-11-26T16:40:58","modified_gmt":"2024-11-26T13:40:58","slug":"dilan-polat-nasil-zengin-oldu-dilan-polatin-onceki-isi-neydi-dilan-polat-kimin-kizi","status":"publish","type":"post","link":"https:\/\/www.tgrthaber.com\/mavikadin\/dilan-polat-nasil-zengin-oldu-dilan-polatin-onceki-isi-neydi-dilan-polat-kimin-kizi\/","title":{"rendered":"Dilan Polat nas\u0131l zengin oldu? Dilan Polat\u2019\u0131n \u00f6nceki i\u015fi neydi? Dilan Polat kimin k\u0131z\u0131?"},"content":{"rendered":"<p>Ge\u00e7ti\u011fimiz y\u0131l kara para aklama su\u00e7uyla g\u00f6z alt\u0131na al\u0131nan ve ge\u00e7ti\u011fimiz aylarda tahliye olan Dilan Polat\u2019\u0131n nas\u0131l zengin oldu\u011fu merak ediliyor. Peki, Dilan Polat kimdir? Dilan Polat nas\u0131l zengin oldu? Dilan Polat\u2019\u0131n \u00f6nceki i\u015fi neydi? Dilan Polat kimin k\u0131z\u0131? Dilan Polat hakk\u0131nda merak edilenleri sizin i\u00e7in ara\u015ft\u0131rd\u0131k. \u0130\u015fte Dilan Polat hakk\u0131nda bilinmeyenler\u2026<\/p>\n<h3>D\u0130LAN POLAT K\u0130MD\u0130R?<\/h3>\n<p>Dilan Polat, 21 Temmuz 1990 tarihinde \u0130stanbul\u2019da d\u00fcnyaya geldi. \u00dc\u00e7 \u00e7ocuklu bir ailenin ortanca \u00e7ocu\u011fu olan Polat, \u00e7ocuk ya\u015fta annesini kaybetti. Annesinin kayb\u0131yla derin bir h\u00fczne bo\u011fulan Polat, bir s\u00fcre teyzeleriyle beraber ya\u015fad\u0131 ve teyzeleri taraf\u0131ndan b\u00fcy\u00fct\u00fcld\u00fc.<\/p>\n<p><img loading=\"lazy\" decoding=\"async\" class=\"size-large wp-image-98320\" src=\"https:\/\/www.tgrthaber.com\/mavikadin\/wp-content\/uploads\/Adsiz-tasarim-24-3-1024x576.jpg\" alt=\"Dilan Polat kimdir?\" width=\"640\" height=\"360\" title=\"\" srcset=\"https:\/\/www.tgrthaber.com\/mavikadin\/wp-content\/uploads\/Adsiz-tasarim-24-3-1024x576.jpg 1024w, https:\/\/www.tgrthaber.com\/mavikadin\/wp-content\/uploads\/Adsiz-tasarim-24-3-300x169.jpg 300w, https:\/\/www.tgrthaber.com\/mavikadin\/wp-content\/uploads\/Adsiz-tasarim-24-3-768x432.jpg 768w, https:\/\/www.tgrthaber.com\/mavikadin\/wp-content\/uploads\/Adsiz-tasarim-24-3-1536x864.jpg 1536w, https:\/\/www.tgrthaber.com\/mavikadin\/wp-content\/uploads\/Adsiz-tasarim-24-3.jpg 1600w\" sizes=\"(max-width: 640px) 100vw, 640px\" \/><\/p>\n<p>Hayat\u0131n\u0131n bir b\u00f6l\u00fcm\u00fcn\u00fc Kocaeli\u2019nde ge\u00e7iren Polat, gen\u00e7 ya\u015fta evlenme karar\u0131 ald\u0131. Gen\u00e7 ya\u015fta ya\u015fad\u0131\u011f\u0131 s\u0131k\u0131nt\u0131lardan dolay\u0131 e\u011fitim hayat\u0131 sekteye u\u011frayan Dilan Polat, erken ya\u015fta Engin Polat ile hayatlar\u0131n\u0131 birle\u015ftirdi. Dilan Polat, Engin Polat ile olan evlili\u011finden iki \u00e7ocuk d\u00fcnyaya getirdi.<\/p>\n<h3>D\u0130LAN POLAT NASIL ZENG\u0130N OLDU?<\/h3>\n<p>\u00dcnl\u00fc sosyal medya fenomeni Dilan Polat, yapt\u0131\u011f\u0131 payla\u015f\u0131mlarla ve g\u00f6steri\u015fli hayat\u0131yla dikkatleri \u00fczerine topluyordu. E\u015fi Engin Polat\u2019\u0131n yapt\u0131\u011f\u0131 g\u00f6steri\u015fli s\u00fcrprizleri sosyal medya hesab\u0131ndan payla\u015fan Dilan Polat, mal varl\u0131\u011f\u0131 ve zenginli\u011fiyle t\u00fcm takip\u00e7ilerinin dikkatini \u00e7ekiyordu.<\/p>\n<p>Ge\u00e7ti\u011fimiz y\u0131l yap\u0131lan bir operasyon sonucu kara para aklama iddias\u0131yla tutuklanan Dilan Polat, ge\u00e7ti\u011fimiz aylarda tahliye olmu\u015f ve g\u00f6steri\u015fli hayat\u0131na kald\u0131\u011f\u0131 yerden devam etmi\u015fti.<\/p>\n<p><img loading=\"lazy\" decoding=\"async\" class=\"size-large wp-image-98321\" src=\"https:\/\/www.tgrthaber.com\/mavikadin\/wp-content\/uploads\/Adsiz-tasarim-21-2-1024x576.jpg\" alt=\"Dilan Polat nas\u0131l zengin oldu? \" width=\"640\" height=\"360\" title=\"\" srcset=\"https:\/\/www.tgrthaber.com\/mavikadin\/wp-content\/uploads\/Adsiz-tasarim-21-2-1024x576.jpg 1024w, https:\/\/www.tgrthaber.com\/mavikadin\/wp-content\/uploads\/Adsiz-tasarim-21-2-300x169.jpg 300w, https:\/\/www.tgrthaber.com\/mavikadin\/wp-content\/uploads\/Adsiz-tasarim-21-2-768x432.jpg 768w, https:\/\/www.tgrthaber.com\/mavikadin\/wp-content\/uploads\/Adsiz-tasarim-21-2-1536x864.jpg 1536w, https:\/\/www.tgrthaber.com\/mavikadin\/wp-content\/uploads\/Adsiz-tasarim-21-2.jpg 1600w\" sizes=\"(max-width: 640px) 100vw, 640px\" \/><\/p>\n<p>Tahliye olur olmaz eski hayat\u0131na \u0131\u015f\u0131k h\u0131z\u0131yla ge\u00e7en ve g\u00f6steri\u015fli payla\u015f\u0131mlar yapmaya ba\u015flayan Dilan Polat, takip\u00e7ilerinden b\u00fcy\u00fck tepki toplam\u0131\u015ft\u0131. Bunun \u00fczerine Dilan Polat\u2019\u0131n nas\u0131l zengin oldu\u011fu merak edildi. Peki, Dilan Polat nas\u0131l zengin oldu?<\/p>\n<p>Dilan Polat, e\u015fi Engin Polat ile hayatlar\u0131n\u0131 birle\u015ftirdikten sonra i\u015f d\u00fcnyas\u0131na at\u0131ld\u0131. \u0130lk ba\u015flarda foto\u011fraf\u00e7\u0131l\u0131k yaparak ge\u00e7imini sa\u011flayan Dilan Polat, sonralarda i\u015fini b\u00fcy\u00fctt\u00fc. Dilan Polat foto\u011fraf\u00e7\u0131l\u0131k yaparken e\u015fi Engin Polat ise 2013 y\u0131llar\u0131nda in\u015faat sekt\u00f6r\u00fcnde \u00e7al\u0131\u015fmaya ba\u015flad\u0131. Hayatlar\u0131n\u0131 foto\u011fraf\u00e7\u0131 ve in\u015faat\u00e7\u0131 olarak s\u00fcrd\u00fcren Polat \u00e7ifti, erken ya\u015flarda milyon dolarl\u0131k projelerle sekt\u00f6re ad\u0131m att\u0131.<\/p>\n<p><img loading=\"lazy\" decoding=\"async\" class=\"size-large wp-image-98322\" src=\"https:\/\/www.tgrthaber.com\/mavikadin\/wp-content\/uploads\/Adsiz-tasarim-31-3-1024x576.jpg\" alt=\"Dilan Polat nas\u0131l zengin oldu? \" width=\"640\" height=\"360\" title=\"\" srcset=\"https:\/\/www.tgrthaber.com\/mavikadin\/wp-content\/uploads\/Adsiz-tasarim-31-3-1024x576.jpg 1024w, https:\/\/www.tgrthaber.com\/mavikadin\/wp-content\/uploads\/Adsiz-tasarim-31-3-300x169.jpg 300w, https:\/\/www.tgrthaber.com\/mavikadin\/wp-content\/uploads\/Adsiz-tasarim-31-3-768x432.jpg 768w, https:\/\/www.tgrthaber.com\/mavikadin\/wp-content\/uploads\/Adsiz-tasarim-31-3-1536x864.jpg 1536w, https:\/\/www.tgrthaber.com\/mavikadin\/wp-content\/uploads\/Adsiz-tasarim-31-3.jpg 1600w\" sizes=\"(max-width: 640px) 100vw, 640px\" \/><\/p>\n<p>\u0130lk ba\u015flarda ablas\u0131 S\u0131la Do\u011fu ile k\u00fc\u00e7\u00fck bir g\u00fczellik merkezi a\u00e7an Dilan Polat, i\u015flerin iyiye gitmesiyle birlikte g\u00fczellik merkezini b\u00fcy\u00fcterek \u015fubele\u015ftirme karar\u0131 ald\u0131. Polat, yaln\u0131zca g\u00fczellik merkezini \u015fubele\u015ftirmekle kalmad\u0131. G\u00fczellik sekt\u00f6r\u00fcnde \u00e7e\u015fitli markalar \u00e7\u0131kartarak kozmetik alan\u0131na da y\u00f6neldi.<\/p>\n<p>Bu s\u00fcre\u00e7te e\u015fi Engin Polat\u2019tan destek alan Dilan Polat, Dipomed Medikal firmas\u0131n\u0131 kurarak i\u015fleri b\u00fcy\u00fctt\u00fc. Dipomed Medikal firmas\u0131n\u0131n ba\u015f\u0131na ise e\u015fi Engin Polat, firman\u0131n kurucu \u00fcyesi ve y\u00f6netim kurulu ba\u015fkan\u0131 olarak ge\u00e7ti.<\/p>\n<h3>D\u0130LAN POLAT\u2019IN \u00d6NCEK\u0130 \u0130\u015e\u0130 NEYD\u0130?<\/h3>\n<p>\u00dcnl\u00fc sosyal medya fenomeni Dilan Polat, i\u015f hayat\u0131nda ilk deneyimini do\u011fum foto\u011fraf\u00e7\u0131l\u0131\u011f\u0131yla yapt\u0131. \u0130lk ba\u015flarda \u00e7e\u015fitli e\u011fitimler alarak do\u011fum foto\u011fraf\u00e7\u0131l\u0131\u011f\u0131na ba\u015flayan Dilan Polat, e\u015finin kendisine profesyonel kamera almas\u0131yla i\u015fini geli\u015ftirdi. Do\u011fum foto\u011fraf\u00e7\u0131l\u0131\u011f\u0131yla i\u015f hayat\u0131na at\u0131lan Dilan Polat, bir\u00e7ok \u00fcnl\u00fc ismin foto\u011fraf\u00e7\u0131l\u0131\u011f\u0131n\u0131 yapt\u0131.<\/p>\n<p><img loading=\"lazy\" decoding=\"async\" class=\"size-large wp-image-98323\" src=\"https:\/\/www.tgrthaber.com\/mavikadin\/wp-content\/uploads\/Adsiz-tasarim-22-6-1024x576.jpg\" alt=\"Dilan Polat nas\u0131l zengin oldu? \" width=\"640\" height=\"360\" title=\"\" srcset=\"https:\/\/www.tgrthaber.com\/mavikadin\/wp-content\/uploads\/Adsiz-tasarim-22-6-1024x576.jpg 1024w, https:\/\/www.tgrthaber.com\/mavikadin\/wp-content\/uploads\/Adsiz-tasarim-22-6-300x169.jpg 300w, https:\/\/www.tgrthaber.com\/mavikadin\/wp-content\/uploads\/Adsiz-tasarim-22-6-768x432.jpg 768w, https:\/\/www.tgrthaber.com\/mavikadin\/wp-content\/uploads\/Adsiz-tasarim-22-6-1536x864.jpg 1536w, https:\/\/www.tgrthaber.com\/mavikadin\/wp-content\/uploads\/Adsiz-tasarim-22-6.jpg 1600w\" sizes=\"(max-width: 640px) 100vw, 640px\" \/><\/p>\n<p>Daha sonra bu sekt\u00f6rde kendini olduk\u00e7a geli\u015ftiren Dilan Polat, do\u011fum foto\u011fraf\u00e7\u0131l\u0131\u011f\u0131 alan\u0131nda \u00e7e\u015fitli e\u011fitimlerde verdi. Do\u011fum foto\u011fraf\u00e7\u0131l\u0131\u011f\u0131 alan\u0131nda ba\u015far\u0131s\u0131n\u0131 g\u00f6steren Dilan Polat, ablas\u0131 S\u0131la Do\u011fu ile bir g\u00fczellik merkezi a\u00e7maya karar verdi. \u0130lk ba\u015flarda k\u00fc\u00e7\u00fck bir yerde g\u00fczellik sekt\u00f6r\u00fcne at\u0131lan Dilan Polat, i\u015fleri b\u00fcy\u00fct\u00fcnce tek \u015fubeyle kalmad\u0131 ve markas\u0131n\u0131 \u015fubele\u015ftirerek T\u00fcrkiye\u2019nin d\u00f6rt bir yan\u0131nda kendi ad\u0131n\u0131 ta\u015f\u0131yan \u015fubeler a\u00e7t\u0131.<\/p>\n<p>Dilan Polat, yaln\u0131zca T\u00fcrkiye\u2019de de\u011fil yurt d\u0131\u015f\u0131nda da bir\u00e7ok \u015fubeni a\u00e7\u0131l\u0131\u015f\u0131n\u0131 ger\u00e7ekle\u015ftirdi. Kad\u0131nlar i\u00e7in \u201cDilan Polat G\u00fczellik Merkezi\u201d ad\u0131n\u0131 kullanan Polat, erkek m\u00fc\u015fterileri i\u00e7in ise \u201cEngin Polat For Men\u201d ad\u0131nda bir g\u00fczellik salonu a\u00e7t\u0131. G\u00fczellik salonlar\u0131n\u0131n \u015fubelerini art\u0131ran Dilan Polat, g\u00fczellik merkezlerinin yan\u0131 s\u0131ra kendi kozmetik markas\u0131n\u0131 \u00e7\u0131kararak bir\u00e7ok platformda sat\u0131\u015fa sundu.<\/p>\n<p><img loading=\"lazy\" decoding=\"async\" class=\"size-large wp-image-98324\" src=\"https:\/\/www.tgrthaber.com\/mavikadin\/wp-content\/uploads\/Adsiz-tasarim-26-4-1024x576.jpg\" alt=\"Dilan Polat nas\u0131l zengin oldu? \" width=\"640\" height=\"360\" title=\"\" srcset=\"https:\/\/www.tgrthaber.com\/mavikadin\/wp-content\/uploads\/Adsiz-tasarim-26-4-1024x576.jpg 1024w, https:\/\/www.tgrthaber.com\/mavikadin\/wp-content\/uploads\/Adsiz-tasarim-26-4-300x169.jpg 300w, https:\/\/www.tgrthaber.com\/mavikadin\/wp-content\/uploads\/Adsiz-tasarim-26-4-768x432.jpg 768w, https:\/\/www.tgrthaber.com\/mavikadin\/wp-content\/uploads\/Adsiz-tasarim-26-4-1536x864.jpg 1536w, https:\/\/www.tgrthaber.com\/mavikadin\/wp-content\/uploads\/Adsiz-tasarim-26-4.jpg 1600w\" sizes=\"(max-width: 640px) 100vw, 640px\" \/><\/p>\n<p>Dilan Polat ve Engin Polat g\u00fczellik merkezleri ve kozmetik markalar\u0131n\u0131n yan\u0131nda ayn\u0131 zamanda \u201cMilda \u0130n\u015faat\u201d ad\u0131nda bir gayrimenkul \u015firketi de kurdu. Bir\u00e7ok alanda yat\u0131r\u0131m yapan ve birden fazla sekt\u00f6rde i\u015f yapan Polat \u00e7ifti, sermayesine sermaye katarak zenginli\u011fini art\u0131rd\u0131.<\/p>\n<h3>D\u0130LAN POLAT K\u0130M\u0130N KIZI?<\/h3>\n<p>Zengin bir ailenin k\u0131z\u0131 oldu\u011funu dile getiren Dilan Polat, i\u015f adam\u0131 Vedat Do\u011fu\u2019nun ortanca k\u0131z\u0131d\u0131r. Dilan Polat, \u00fc\u00e7 \u00e7ocuklu bir ailenin ortanca \u00e7ocu\u011fudur. Ablas\u0131 S\u0131la Do\u011fu ve karde\u015fi Can Do\u011fu\u2019dur. \u00c7ok erken ya\u015fta annesiz kalan \u00fc\u00e7 karde\u015f teyzeleriyle birlikte b\u00fcy\u00fcm\u00fc\u015ft\u00fcr.<\/p>\n<p><img loading=\"lazy\" decoding=\"async\" class=\"size-large wp-image-98325\" src=\"https:\/\/www.tgrthaber.com\/mavikadin\/wp-content\/uploads\/Adsiz-tasarim-25-4-1024x576.jpg\" alt=\"Dilan Polat kimin k\u0131z\u0131? \" width=\"640\" height=\"360\" title=\"\" srcset=\"https:\/\/www.tgrthaber.com\/mavikadin\/wp-content\/uploads\/Adsiz-tasarim-25-4-1024x576.jpg 1024w, https:\/\/www.tgrthaber.com\/mavikadin\/wp-content\/uploads\/Adsiz-tasarim-25-4-300x169.jpg 300w, https:\/\/www.tgrthaber.com\/mavikadin\/wp-content\/uploads\/Adsiz-tasarim-25-4-768x432.jpg 768w, https:\/\/www.tgrthaber.com\/mavikadin\/wp-content\/uploads\/Adsiz-tasarim-25-4-1536x864.jpg 1536w, https:\/\/www.tgrthaber.com\/mavikadin\/wp-content\/uploads\/Adsiz-tasarim-25-4.jpg 1600w\" sizes=\"(max-width: 640px) 100vw, 640px\" \/><\/p>\n<p>Annesini \u00e7ok k\u00fc\u00e7\u00fck ya\u015flarda bir kaza sonucu kaybetti\u011fini s\u00f6yleyen Dilan Polat, babas\u0131n\u0131 ise beyin t\u00fcm\u00f6r\u00fc nedeniyle kaybetti\u011fini dile getirmi\u015fti. Annesinin bir kaza sonucu kaybetti\u011fini s\u00f6yleyen Dilan Polat, hayat\u0131na dair yapt\u0131\u011f\u0131 \u00f6nemli a\u00e7\u0131klamayla babas\u0131n\u0131n annesini \u00f6ld\u00fcrd\u00fc\u011f\u00fcn\u00fc s\u00f6ylemi\u015fti.<\/p>\n<p>Babas\u0131 Vedat Do\u011fu\u2019nun beynindeki t\u00fcm\u00f6r rahats\u0131zl\u0131\u011f\u0131 nedeniyle ya\u015fad\u0131\u011f\u0131 kriz sonucunda annesini vurdu\u011funu anlatan Dilan Polat, o anlar\u0131 g\u00f6zya\u015flar\u0131 i\u00e7inde anlatm\u0131\u015ft\u0131. Dilan Polat, yapt\u0131\u011f\u0131 a\u00e7\u0131klamada annesinin babas\u0131 taraf\u0131ndan 7 kur\u015funla \u00f6ld\u00fcr\u00fcld\u00fc\u011f\u00fcn\u00fc dile getirmi\u015fti.<\/p>\n","protected":false},"excerpt":{"rendered":"<p>\u00dcnl\u00fc sosyal medya fenomeni Dilan Polat\u2019\u0131n nas\u0131l zengin oldu\u011fu merak ediliyor. Peki, Dilan Polat \u00f6nceden ne i\u015f yap\u0131yordu? Dilan Polat kimin k\u0131z\u0131? \u0130\u015fte detaylar\u2026 <\/p>\n","protected":false},"author":26,"featured_media":98326,"comment_status":"closed","ping_status":"closed","sticky":false,"template":"","format":"standard","meta":{"rank_math_lock_modified_date":false,"footnotes":""},"categories":[491],"tags":[2715,2908],"class_list":["post-98319","post","type-post","status-publish","format-standard","has-post-thumbnail","hentry","category-biyografi","tag-dilan-polat","tag-engin-polat"],"_links":{"self":[{"href":"https:\/\/www.tgrthaber.com\/mavikadin\/wp-json\/wp\/v2\/posts\/98319"}],"collection":[{"href":"https:\/\/www.tgrthaber.com\/mavikadin\/wp-json\/wp\/v2\/posts"}],"about":[{"href":"https:\/\/www.tgrthaber.com\/mavikadin\/wp-json\/wp\/v2\/types\/post"}],"author":[{"embeddable":true,"href":"https:\/\/www.tgrthaber.com\/mavikadin\/wp-json\/wp\/v2\/users\/26"}],"replies":[{"embeddable":true,"href":"https:\/\/www.tgrthaber.com\/mavikadin\/wp-json\/wp\/v2\/comments?post=98319"}],"version-history":[{"count":1,"href":"https:\/\/www.tgrthaber.com\/mavikadin\/wp-json\/wp\/v2\/posts\/98319\/revisions"}],"predecessor-version":[{"id":98327,"href":"https:\/\/www.tgrthaber.com\/mavikadin\/wp-json\/wp\/v2\/posts\/98319\/revisions\/98327"}],"wp:featuredmedia":[{"embeddable":true,"href":"https:\/\/www.tgrthaber.com\/mavikadin\/wp-json\/wp\/v2\/media\/98326"}],"wp:attachment":[{"href":"https:\/\/www.tgrthaber.com\/mavikadin\/wp-json\/wp\/v2\/media?parent=98319"}],"wp:term":[{"taxonomy":"category","embeddable":true,"href":"https:\/\/www.tgrthaber.com\/mavikadin\/wp-json\/wp\/v2\/categories?post=98319"},{"taxonomy":"post_tag","embeddable":true,"href":"https:\/\/www.tgrthaber.com\/mavikadin\/wp-json\/wp\/v2\/tags?post=98319"}],"curies":[{"name":"wp","href":"https:\/\/api.w.org\/{rel}","templated":true}]}}