{"id":98350,"date":"2024-11-26T18:13:43","date_gmt":"2024-11-26T15:13:43","guid":{"rendered":"https:\/\/www.tgrthaber.com\/mavikadin\/?p=98350"},"modified":"2024-11-26T18:41:01","modified_gmt":"2024-11-26T15:41:01","slug":"safir-dizisinin-ozge-yagizi-kimdir-emmy-odulleri-sonrasi-neden-gundem-oldu","status":"publish","type":"post","link":"https:\/\/www.tgrthaber.com\/mavikadin\/safir-dizisinin-ozge-yagizi-kimdir-emmy-odulleri-sonrasi-neden-gundem-oldu\/","title":{"rendered":"Safir dizisinin \u00d6zge Ya\u011f\u0131z\u0131 kimdir? Emmy \u00f6d\u00fclleri sonras\u0131 neden g\u00fcndem oldu?"},"content":{"rendered":"<p>T\u00fcrkiye&#8217;nin en prestijli \u00f6d\u00fcl t\u00f6renlerinden biri olan 2023 y\u0131l\u0131ndaki Alt\u0131n Kelebek gecesinde, \u00d6zge Ya\u011f\u0131z ad\u0131 y\u0131ld\u0131zla\u015fm\u0131\u015ft\u0131. Ya\u011f\u0131z, hakk\u0131nda ve yapt\u0131\u011f\u0131 i\u015fler konusunda herkesin merak etti\u011fi isimler aras\u0131nda yerini ald\u0131. Safir dizisi ile ekranlara geri d\u00f6nen ve Feraye karakteriyle izleyicileri etkileyen gen\u00e7 oyuncu, kariyerinde \u00f6nemli bir d\u00f6neme\u00e7 ya\u015f\u0131yor. Peki, \u00d6zge Ya\u011f\u0131z hangi dizilerde ve filmlerde oynad\u0131? Gen\u00e7 oyuncu \u00d6zge ya\u011f\u0131z hakk\u0131nda bilmeniz gerekenler\u2026<\/p>\n<h3>\u00d6ZGE YA\u011eIZ K\u0130MD\u0130R?<\/h3>\n<p>T\u00fcrkiye\u2019nin gen\u00e7 ve yetenekli oyuncular\u0131ndan biri olan \u00d6zge Ya\u011f\u0131z, 10 Nisan 1997 tarihinde \u0130stanbul\u2019da d\u00fcnyaya g\u00f6zlerini a\u00e7t\u0131. E\u011fitim hayat\u0131n\u0131 tamamlayarak Ba\u015fkent \u00dcniversitesi \u0130leti\u015fim Bilimleri Akademisi&#8217;nden mezun oldu. Oyunculuk d\u0131\u015f\u0131ndaki mesle\u011fi\u00a0diyetisyenlik olan Ya\u011f\u0131z, ilk ad\u0131mlar\u0131n\u0131 Ad\u0131n\u0131 Sen Koy dizisiyle att\u0131 ve seyircilerden tam not ald\u0131. Sonras\u0131nda ise Kanal 7 ekranlar\u0131nda yay\u0131nlanan Yemin dizisinde Reyhan karakterine can vererek izleyicileri etkilemeyi ba\u015fard\u0131.<\/p>\n<p><img loading=\"lazy\" decoding=\"async\" class=\"alignnone wp-image-98352 size-full\" src=\"https:\/\/www.tgrthaber.com\/mavikadin\/wp-content\/uploads\/ozge-yagiz-kimdir.jpg\" alt=\"\u00f6zge ya\u011f\u0131z kimdir\" width=\"1920\" height=\"1080\" title=\"\" srcset=\"https:\/\/www.tgrthaber.com\/mavikadin\/wp-content\/uploads\/ozge-yagiz-kimdir.jpg 1920w, https:\/\/www.tgrthaber.com\/mavikadin\/wp-content\/uploads\/ozge-yagiz-kimdir-300x169.jpg 300w, https:\/\/www.tgrthaber.com\/mavikadin\/wp-content\/uploads\/ozge-yagiz-kimdir-1024x576.jpg 1024w, https:\/\/www.tgrthaber.com\/mavikadin\/wp-content\/uploads\/ozge-yagiz-kimdir-768x432.jpg 768w, https:\/\/www.tgrthaber.com\/mavikadin\/wp-content\/uploads\/ozge-yagiz-kimdir-1536x864.jpg 1536w\" sizes=\"(max-width: 1920px) 100vw, 1920px\" \/><\/p>\n<h3>\u00d6ZGE YA\u011eIZ BURCU BOYU VE K\u0130LOSU<\/h3>\n<p>\u00d6zge Ya\u011f\u0131z, 1.69 metre boyunda, 52 kilo ve Ko\u00e7 burcudur.<\/p>\n<p><img loading=\"lazy\" decoding=\"async\" class=\"alignnone wp-image-98353 size-full\" src=\"https:\/\/www.tgrthaber.com\/mavikadin\/wp-content\/uploads\/ozge-yagiz-evli-mi.jpg\" alt=\"\u00f6zge ya\u011f\u0131z evli mi\" width=\"1920\" height=\"1080\" title=\"\" srcset=\"https:\/\/www.tgrthaber.com\/mavikadin\/wp-content\/uploads\/ozge-yagiz-evli-mi.jpg 1920w, https:\/\/www.tgrthaber.com\/mavikadin\/wp-content\/uploads\/ozge-yagiz-evli-mi-300x169.jpg 300w, https:\/\/www.tgrthaber.com\/mavikadin\/wp-content\/uploads\/ozge-yagiz-evli-mi-1024x576.jpg 1024w, https:\/\/www.tgrthaber.com\/mavikadin\/wp-content\/uploads\/ozge-yagiz-evli-mi-768x432.jpg 768w, https:\/\/www.tgrthaber.com\/mavikadin\/wp-content\/uploads\/ozge-yagiz-evli-mi-1536x864.jpg 1536w\" sizes=\"(max-width: 1920px) 100vw, 1920px\" \/><\/p>\n<h3>\u00d6ZGE YA\u011eIZ EVL\u0130 M\u0130?<\/h3>\n<p>T\u00fcrkiye&#8217;nin sevilen oyuncular\u0131ndan \u00d6zge Ya\u011f\u0131z ve G\u00f6kberk Demirci&#8217;nin hayranlar\u0131n\u0131 \u00fczen bir geli\u015fme ya\u015fand\u0131. Uzun s\u00fcredir birlikte olduklar\u0131 bilinen \u00e7ift, 2021 y\u0131l\u0131nda ni\u015fanlanm\u0131\u015f ve mutlu bir birliktelik s\u00fcrd\u00fcrm\u00fc\u015ft\u00fc. Uzun s\u00fcrmeyen evlilikleri 2022 y\u0131l\u0131nda ald\u0131klar\u0131 ayr\u0131l\u0131k karar\u0131yla sevenlerini \u015fa\u015f\u0131rtt\u0131.<\/p>\n<p><img loading=\"lazy\" decoding=\"async\" class=\"alignnone wp-image-98354 size-full\" src=\"https:\/\/www.tgrthaber.com\/mavikadin\/wp-content\/uploads\/ozge-yagiz-film-ve-dizileri.jpg\" alt=\"\u00f6zge ya\u011f\u0131z film ve dizileri\" width=\"1920\" height=\"1080\" title=\"\" srcset=\"https:\/\/www.tgrthaber.com\/mavikadin\/wp-content\/uploads\/ozge-yagiz-film-ve-dizileri.jpg 1920w, https:\/\/www.tgrthaber.com\/mavikadin\/wp-content\/uploads\/ozge-yagiz-film-ve-dizileri-300x169.jpg 300w, https:\/\/www.tgrthaber.com\/mavikadin\/wp-content\/uploads\/ozge-yagiz-film-ve-dizileri-1024x576.jpg 1024w, https:\/\/www.tgrthaber.com\/mavikadin\/wp-content\/uploads\/ozge-yagiz-film-ve-dizileri-768x432.jpg 768w, https:\/\/www.tgrthaber.com\/mavikadin\/wp-content\/uploads\/ozge-yagiz-film-ve-dizileri-1536x864.jpg 1536w\" sizes=\"(max-width: 1920px) 100vw, 1920px\" \/><\/p>\n<h3>\u00d6ZGE YA\u011eIZ K\u0130M\u0130NLE SEVG\u0130L\u0130?<\/h3>\n<p>\u00d6zge Ya\u011f\u0131z, Safir dizisinde ba\u015frollerini birlikte payla\u015ft\u0131\u011f\u0131 partneri Burak Berkay Akg\u00fcl ile mutlu bir birlikteli\u011fi bulunmaktad\u0131r. Sosyal medyada payla\u015f\u0131mlar\u0131yla a\u015fklar\u0131n\u0131 dolu dizgin ya\u015famaya devam ediyorlar.<\/p>\n<h3>\u00d6ZGE YA\u011eIZ F\u0130LMLER\u0130 VE D\u0130Z\u0130LER\u0130<\/h3>\n<p><strong>Televizyon dizileri<\/strong><\/p>\n<ul>\n<li>2018 &#8211; Ad\u0131n\u0131 Sen Koy \u2013 Zeliha(Yard\u0131mc\u0131 oyuncu)<\/li>\n<li>2019-2020- Yemin &#8211; Reyhan Tarhun(Ba\u015frol oyuncusu)<\/li>\n<li>2020-2021 &#8211; Sol Yan\u0131m &#8211; Serra Y\u0131ld\u0131r\u0131m(Ba\u015frol oyuncusu)<\/li>\n<li>2021 &#8211; \u0130\u00e7imizden Biri &#8211; Havva Alada\u011f(Ba\u015frol oyuncusu)<\/li>\n<li>2022 &#8211; Baba &#8211; B\u00fc\u015fra Saruhanl\u0131(Yard\u0131mc\u0131 oyuncu)<\/li>\n<li>2023-2024 \u2013 Safir &#8211; Feraye Y\u0131lmaz(Ba\u015frol oyuncusu)<\/li>\n<\/ul>\n<p><strong>\u0130nternet yap\u0131mlar\u0131<\/strong><\/p>\n<ul>\n<li>2022-2024- \u00c7eki\u00e7 ve G\u00fcl: Bir Behzat \u00c7. Hik\u00e2yesi \u2013 Seher(Yard\u0131mc\u0131 oyuncu)<\/li>\n<\/ul>\n<p><strong>Sinema yap\u0131mlar\u0131<\/strong><\/p>\n<ul>\n<li>2024- Beyaz E\u015fya \u2013 Zeynep(Ba\u015frol oyuncusu)<\/li>\n<li>Yak\u0131nda &#8211; Ba\u015fka T\u00fcrl\u00fc A\u015fk &#8211; Dilek(Ba\u015frol oyuncusu)<\/li>\n<\/ul>\n<p><strong>Seslendirme<\/strong><\/p>\n<ul>\n<li>2022 &#8211; Yunus \u00c7ocuk \/ Malchik-delfin &#8211; Mia(\u00c7izgi film, Seslendirme)<\/li>\n<\/ul>\n<h3>\u00d6ZGE YA\u011eIZ ALDI\u011eI \u00d6D\u00dcLLER<\/h3>\n<ul>\n<li>2023 &#8211; Harper&#8217;s Bazaar Women of Year &#8211; Y\u00fckselen Y\u0131ld\u0131z<\/li>\n<li>2023 &#8211; 49. Alt\u0131n Kelebek \u00d6d\u00fclleri &#8211; Y\u0131ld\u0131z\u0131 Parlayanlar<\/li>\n<li>Festiculture Etkinli\u011fi &#8211; Y\u0131l\u0131n Sevilen Kad\u0131n Dizi oyuncusu &#8211; Safir<\/li>\n<\/ul>\n<p><img loading=\"lazy\" decoding=\"async\" class=\"alignnone wp-image-98351 size-full\" src=\"https:\/\/www.tgrthaber.com\/mavikadin\/wp-content\/uploads\/ozge-yagiz-emmy-odulleri-gecesi.jpg\" alt=\"\u00f6zge ya\u011f\u0131z emmy \u00f6d\u00fclleri gecesi\" width=\"1920\" height=\"1080\" title=\"\" srcset=\"https:\/\/www.tgrthaber.com\/mavikadin\/wp-content\/uploads\/ozge-yagiz-emmy-odulleri-gecesi.jpg 1920w, https:\/\/www.tgrthaber.com\/mavikadin\/wp-content\/uploads\/ozge-yagiz-emmy-odulleri-gecesi-300x169.jpg 300w, https:\/\/www.tgrthaber.com\/mavikadin\/wp-content\/uploads\/ozge-yagiz-emmy-odulleri-gecesi-1024x576.jpg 1024w, https:\/\/www.tgrthaber.com\/mavikadin\/wp-content\/uploads\/ozge-yagiz-emmy-odulleri-gecesi-768x432.jpg 768w, https:\/\/www.tgrthaber.com\/mavikadin\/wp-content\/uploads\/ozge-yagiz-emmy-odulleri-gecesi-1536x864.jpg 1536w\" sizes=\"(max-width: 1920px) 100vw, 1920px\" \/><\/p>\n<h3>\u00d6ZGE YA\u011eIZ EMMY \u00d6D\u00dcLLER\u0130&#8217;NDE T\u00dcRK\u0130YE\u2019Y\u0130 TEMS\u0130L ETT\u0130!<\/h3>\n<p>Safir dizisi ile ad\u0131ndan s\u00f6z ettiren \u00d6zge Ya\u011f\u0131z, Emmy \u00d6d\u00fclleri&#8217;nde aday g\u00f6sterildi. Etkinli\u011fe kat\u0131lan g\u00fczel oyuncu Ya\u011f\u0131z, verdi\u011fi r\u00f6portajda \u015funlar\u0131 s\u00f6yledi.<\/p>\n<p>ABD&#8217;ye ilk defa geldiklerini kaydederek, &#8220;Yar\u0131 finale kalan 1500 aday aras\u0131nda son d\u00f6rde kalmak, finalist olmak zaten \u00e7ok b\u00fcy\u00fck bir gurur bizim i\u00e7in.&#8221; ifadesini kulland\u0131.<\/p>\n","protected":false},"excerpt":{"rendered":"<p>ABD&#8217;de bu y\u0131l 52&#8217;ncisi d\u00fczenlenen Uluslararas\u0131 Emmy \u00d6d\u00fclleri&#8217;nde T\u00fcrkiye&#8217;yi Safir dizisinin ba\u015frol oyuncular\u0131ndan biri olan \u00d6zge Ya\u011f\u0131z temsil etti. Pembe dizi kategorisinde aday olan Safir dizisi oyuncular\u0131 \u00f6d\u00fcl heyecan\u0131 ya\u015fad\u0131. Peki, \u00d6zge Ya\u011f\u0131z kimdir, ka\u00e7 ya\u015f\u0131nda, nereli?<\/p>\n","protected":false},"author":10,"featured_media":98356,"comment_status":"closed","ping_status":"closed","sticky":false,"template":"","format":"standard","meta":{"rank_math_lock_modified_date":false,"footnotes":""},"categories":[491],"tags":[2875,2411,2409],"class_list":["post-98350","post","type-post","status-publish","format-standard","has-post-thumbnail","hentry","category-biyografi","tag-altin-kelebek","tag-ozge-yagiz","tag-safir-dizisi"],"_links":{"self":[{"href":"https:\/\/www.tgrthaber.com\/mavikadin\/wp-json\/wp\/v2\/posts\/98350"}],"collection":[{"href":"https:\/\/www.tgrthaber.com\/mavikadin\/wp-json\/wp\/v2\/posts"}],"about":[{"href":"https:\/\/www.tgrthaber.com\/mavikadin\/wp-json\/wp\/v2\/types\/post"}],"author":[{"embeddable":true,"href":"https:\/\/www.tgrthaber.com\/mavikadin\/wp-json\/wp\/v2\/users\/10"}],"replies":[{"embeddable":true,"href":"https:\/\/www.tgrthaber.com\/mavikadin\/wp-json\/wp\/v2\/comments?post=98350"}],"version-history":[{"count":3,"href":"https:\/\/www.tgrthaber.com\/mavikadin\/wp-json\/wp\/v2\/posts\/98350\/revisions"}],"predecessor-version":[{"id":98360,"href":"https:\/\/www.tgrthaber.com\/mavikadin\/wp-json\/wp\/v2\/posts\/98350\/revisions\/98360"}],"wp:featuredmedia":[{"embeddable":true,"href":"https:\/\/www.tgrthaber.com\/mavikadin\/wp-json\/wp\/v2\/media\/98356"}],"wp:attachment":[{"href":"https:\/\/www.tgrthaber.com\/mavikadin\/wp-json\/wp\/v2\/media?parent=98350"}],"wp:term":[{"taxonomy":"category","embeddable":true,"href":"https:\/\/www.tgrthaber.com\/mavikadin\/wp-json\/wp\/v2\/categories?post=98350"},{"taxonomy":"post_tag","embeddable":true,"href":"https:\/\/www.tgrthaber.com\/mavikadin\/wp-json\/wp\/v2\/tags?post=98350"}],"curies":[{"name":"wp","href":"https:\/\/api.w.org\/{rel}","templated":true}]}}