{"id":98361,"date":"2024-11-26T18:53:12","date_gmt":"2024-11-26T15:53:12","guid":{"rendered":"https:\/\/www.tgrthaber.com\/mavikadin\/?p=98361"},"modified":"2025-01-03T13:38:28","modified_gmt":"2025-01-03T10:38:28","slug":"burak-berkay-akgul-sahipsizler-dizisine-dahil-oldu-akgul-hangi-rolu-canlandiracak","status":"publish","type":"post","link":"https:\/\/www.tgrthaber.com\/mavikadin\/burak-berkay-akgul-sahipsizler-dizisine-dahil-oldu-akgul-hangi-rolu-canlandiracak\/","title":{"rendered":"Burak Berkay Akg\u00fcl Sahipsizler dizisine dahil oldu! Akg\u00fcl hangi rol\u00fc canland\u0131racak?"},"content":{"rendered":"<p>Gen\u00e7 oyuncu Burak Berkay Akg\u00fcl, kariyerinde \u00f6nemli bir d\u00f6n\u00fcm noktas\u0131na ula\u015ft\u0131 ve Emmy \u00d6d\u00fclleri&#8217;nde En \u0130yi Erkek Oyuncu adaylar\u0131 aras\u0131nda yer alarak dikkatleri \u00fczerine \u00e7ekti. Safir dizisindeki performans\u0131yla izleyicilerden tam not alan Akg\u00fcl, Yaman karakteriyle seyircilerin kalbinde taht kurmu\u015ftu. Burak Berkay Akg\u00fcl, Sahipsizler\u00a0 dizisiyle yeniden seyirci kar\u015f\u0131s\u0131na \u00e7\u0131karken hakk\u0131nda merak edilen sorular da pe\u015fini b\u0131rakm\u0131yor: Burak Berkay Akg\u00fcl Sahipsizler dizisinde hangi rol\u00fc oynayacak? Burak Berkay Akg\u00fcl kimdir, nereli, ka\u00e7 ya\u015f\u0131nda? Bu ba\u015far\u0131l\u0131 oyuncunun hayat\u0131 ve kariyeri hakk\u0131nda merak edilenler\u2026<\/p>\n<h3>BURAK BERKAY AKG\u00dcL DEVRAN ROL\u00dcNDE!<\/h3>\n<p>Safir dizisinden sonra hangi dizi de oynayaca\u011f\u0131 merak edilen oyuncu Burak Berkay Akg\u00fcl&#8217;\u00fcn yeni projesi belli oldu. Star Tv&#8217;de yay\u0131nlanan Sahipsizler dizisine transfer olan gen\u00e7 oyuncu Burak Berkay Akg\u00fcl, dizide Devran karakterine hayat verecek. 15 Ocak&#8217;ta seyirci kar\u015f\u0131s\u0131na tekrardan \u00e7\u0131kacak olan diziye dahil olan gen\u00e7 oyuncu yeni hikayesiyle seyircisiyle bulu\u015fmaya haz\u0131rlan\u0131yor.<\/p>\n<p>Burak Berkay Akg\u00fcl, Sahipsizler dizisinin yay\u0131nlanacak yeni b\u00f6l\u00fcm\u00fcnden ilk Mardin sahneleriyle hikayeye dahil olacak. Senaryonun ilerleyenler zaman dilimlerinde hikaye Mardin&#8217;den \u0130stanbul&#8217;a do\u011fru seyir edecek. Devran rol\u00fcnde g\u00f6rece\u011fimiz gen\u00e7 oyuncu, Azize karakteriyle partner olacak.<\/p>\n<h3>BURAK BERKAY AKG\u00dcL K\u0130MD\u0130R?<\/h3>\n<p>T\u00fcrkiye&#8217;nin gen\u00e7 ve yetenekli oyuncular\u0131ndan Burak Berkay Akg\u00fcl, 24 \u015eubat 1997 tarihinde \u0130stanbul&#8217;da do\u011fdu. \u0130stanbul \u00dcniversitesi M\u00fchendislik Fak\u00fcltesi Jeoloji M\u00fchendisli\u011fi b\u00f6l\u00fcm\u00fcnden ba\u015far\u0131yla mezun olan Akg\u00fcl, k\u0131sa s\u00fcrede dizi ve reklam d\u00fcnyas\u0131nda kendine sa\u011flam bir yer edindi. 35,5 sanat evi \u00e7at\u0131s\u0131 alt\u0131nda kamera \u00f6n\u00fc e\u011fitimi alarak oyunculuk hayat\u0131na at\u0131ld\u0131.<\/p>\n<p>Maria Mustafa dizisindeki R\u00fczg\u00e2r karakteriyle izleyicilerin be\u011fenisini kazanan gen\u00e7 oyuncu, Kahraman Babam, Destan, Safir gibi sevilen dizilerde de ba\u015far\u0131l\u0131 performans sergiledi. Kendine \u00f6zg\u00fc tarz\u0131 ve oyunculuk yetene\u011fiyle dikkat \u00e7eken Burak Berkay Akg\u00fcl, T\u00fcrk televizyonunun gelecek vaat eden isimleri aras\u0131nda yer al\u0131yor.<\/p>\n<p><img loading=\"lazy\" decoding=\"async\" class=\"alignnone wp-image-98366 size-full\" src=\"https:\/\/www.tgrthaber.com\/mavikadin\/wp-content\/uploads\/Burak-Berkay-Akgul-kimdir.jpg\" alt=\"Burak Berkay Akg\u00fcl kimdir\" width=\"1920\" height=\"1080\" title=\"\" srcset=\"https:\/\/www.tgrthaber.com\/mavikadin\/wp-content\/uploads\/Burak-Berkay-Akgul-kimdir.jpg 1920w, https:\/\/www.tgrthaber.com\/mavikadin\/wp-content\/uploads\/Burak-Berkay-Akgul-kimdir-300x169.jpg 300w, https:\/\/www.tgrthaber.com\/mavikadin\/wp-content\/uploads\/Burak-Berkay-Akgul-kimdir-1024x576.jpg 1024w, https:\/\/www.tgrthaber.com\/mavikadin\/wp-content\/uploads\/Burak-Berkay-Akgul-kimdir-768x432.jpg 768w, https:\/\/www.tgrthaber.com\/mavikadin\/wp-content\/uploads\/Burak-Berkay-Akgul-kimdir-1536x864.jpg 1536w\" sizes=\"(max-width: 1920px) 100vw, 1920px\" \/><\/p>\n<h3>BURAK BERKAY AKG\u00dcL BOY, K\u0130LO VE BURCU<\/h3>\n<p>Burak Berkay Akg\u00fcl, 1.80 cm boyunda ve 78 kg a\u011f\u0131rl\u0131\u011f\u0131ndaki ba\u015far\u0131l\u0131 bir oyuncu dikkatleri \u00fczerine \u00e7ekmeye devam ediyor.<\/p>\n<p><img loading=\"lazy\" decoding=\"async\" class=\"alignnone wp-image-98364 size-full\" src=\"https:\/\/www.tgrthaber.com\/mavikadin\/wp-content\/uploads\/Burak-Berkay-Akgul-sevgilisi.jpg\" alt=\"Burak Berkay Akg\u00fcl sevgilisi\" width=\"1920\" height=\"1080\" title=\"\" srcset=\"https:\/\/www.tgrthaber.com\/mavikadin\/wp-content\/uploads\/Burak-Berkay-Akgul-sevgilisi.jpg 1920w, https:\/\/www.tgrthaber.com\/mavikadin\/wp-content\/uploads\/Burak-Berkay-Akgul-sevgilisi-300x169.jpg 300w, https:\/\/www.tgrthaber.com\/mavikadin\/wp-content\/uploads\/Burak-Berkay-Akgul-sevgilisi-1024x576.jpg 1024w, https:\/\/www.tgrthaber.com\/mavikadin\/wp-content\/uploads\/Burak-Berkay-Akgul-sevgilisi-768x432.jpg 768w, https:\/\/www.tgrthaber.com\/mavikadin\/wp-content\/uploads\/Burak-Berkay-Akgul-sevgilisi-1536x864.jpg 1536w\" sizes=\"(max-width: 1920px) 100vw, 1920px\" \/><\/p>\n<h3>BURAK BERKAY AKG\u00dcL&#8217;\u00dcN SEVG\u0130L\u0130S\u0130 K\u0130M?<\/h3>\n<p>Son zamanlarda s\u0131k\u00e7a payla\u015ft\u0131\u011f\u0131 romantik foto\u011fraflarla dikkatleri \u00fczerine \u00e7eken Burak Berkay Akg\u00fcl&#8217;\u00fcn kalbini ise g\u00fczel oyuncu \u00d6zge Ya\u011f\u0131z\u2019a kapt\u0131rd\u0131. Mutlu ili\u015fkilerini takip\u00e7ileriyle de payla\u015fan \u00e7ift, sosyal medyada da olduk\u00e7a pop\u00fclerler.<\/p>\n<h3>BURAK BERKAY AKG\u00dcL OYNADI\u011eI D\u0130Z\u0130LER<\/h3>\n<ul>\n<li>G\u00fczel A\u015fklar Diyar\u0131 (Arhan Alaca<strong>, <\/strong>TV dizisi 2024)<\/li>\n<li>Ru (TV Dizisi 2023)<\/li>\n<li>Safir (Yaman \/ Aras, TV Dizisi 2023)<\/li>\n<li>Destan (Kaya Tegin, TV Dizisi 2021)<\/li>\n<li>Kahraman Babam (\u0130lker, TV Dizisi 2021)<\/li>\n<li>Maria ile Mustafa (R\u00fczg\u00e2r, Tv Dizisi 2020-2021)<\/li>\n<\/ul>\n<p><img loading=\"lazy\" decoding=\"async\" class=\"alignnone wp-image-98351 size-full\" src=\"https:\/\/www.tgrthaber.com\/mavikadin\/wp-content\/uploads\/ozge-yagiz-emmy-odulleri-gecesi.jpg\" alt=\"\u00f6zge ya\u011f\u0131z emmy \u00f6d\u00fclleri gecesi\" width=\"1920\" height=\"1080\" title=\"\" srcset=\"https:\/\/www.tgrthaber.com\/mavikadin\/wp-content\/uploads\/ozge-yagiz-emmy-odulleri-gecesi.jpg 1920w, https:\/\/www.tgrthaber.com\/mavikadin\/wp-content\/uploads\/ozge-yagiz-emmy-odulleri-gecesi-300x169.jpg 300w, https:\/\/www.tgrthaber.com\/mavikadin\/wp-content\/uploads\/ozge-yagiz-emmy-odulleri-gecesi-1024x576.jpg 1024w, https:\/\/www.tgrthaber.com\/mavikadin\/wp-content\/uploads\/ozge-yagiz-emmy-odulleri-gecesi-768x432.jpg 768w, https:\/\/www.tgrthaber.com\/mavikadin\/wp-content\/uploads\/ozge-yagiz-emmy-odulleri-gecesi-1536x864.jpg 1536w\" sizes=\"(max-width: 1920px) 100vw, 1920px\" \/><\/p>\n<h3>BURAK BERKAY AKG\u00dcL EMMY \u00d6D\u00dcLLER\u0130NDE ADAY G\u00d6STER\u0130LD\u0130!<\/h3>\n<p>Ge\u00e7ti\u011fimiz g\u00fcnlerde Emmy \u00f6d\u00fcl t\u00f6renine, \u00d6zge Ya\u011f\u0131z ve Burak Berkay Akg\u00fcl&#8217;\u00fcn yan\u0131 s\u0131ra Safir&#8217;in yap\u0131mc\u0131lar\u0131 Fatih Aksoy ve Mehmet Yi\u011fit Alp de kat\u0131ld\u0131. Emmy \u00f6d\u00fcllerinde en iyi erkek oyuncu kategorisinde aday g\u00f6sterilen Burak Berkay Akg\u00fcl, \u00f6d\u00fcl \u00f6nce verdi\u011fi r\u00f6portajda \u015funlar\u0131 s\u00f6yledi:<\/p>\n<p>\u0130lk defa Uluslararas\u0131 Emmy \u00d6d\u00fclleri&#8217;ne kat\u0131ld\u0131klar\u0131n\u0131 belirteren Akg\u00fcl, &#8220;\u00c7ok g\u00fczel bir i\u015f \u00e7\u0131kard\u0131. \u00c7ok masals\u0131 bir hik\u00e2ye bir a\u015fk\u0131 anlatt\u0131k ve bunun izleyicide kar\u015f\u0131l\u0131\u011f\u0131 olmas\u0131 bizleri \u00e7ok mutlu ediyor.&#8221; diye konu\u015ftu.<\/p>\n","protected":false},"excerpt":{"rendered":"<p>ABD&#8217;de 52&#8217;ncisi d\u00fczenlenen Uluslararas\u0131 Emmy \u00d6d\u00fclleri&#8217;nde T\u00fcrkiye&#8217;yi Safir dizisinin ba\u015frol oyuncular\u0131ndan biri olan Burak Berkay Akg\u00fcl en iyi erkek oyuncu kategorisinde yer ald\u0131. Gen\u00e7 oyuncu Sahipsizler dizisine dahil oldu. Peki, Burak Berkay Akg\u00fcl Sahipsizler dizisinde hangi rol\u00fc canland\u0131racak?<\/p>\n","protected":false},"author":10,"featured_media":98363,"comment_status":"closed","ping_status":"closed","sticky":false,"template":"","format":"standard","meta":{"rank_math_lock_modified_date":false,"footnotes":""},"categories":[491],"tags":[2412],"class_list":["post-98361","post","type-post","status-publish","format-standard","has-post-thumbnail","hentry","category-biyografi","tag-burak-berkay-akgul"],"_links":{"self":[{"href":"https:\/\/www.tgrthaber.com\/mavikadin\/wp-json\/wp\/v2\/posts\/98361"}],"collection":[{"href":"https:\/\/www.tgrthaber.com\/mavikadin\/wp-json\/wp\/v2\/posts"}],"about":[{"href":"https:\/\/www.tgrthaber.com\/mavikadin\/wp-json\/wp\/v2\/types\/post"}],"author":[{"embeddable":true,"href":"https:\/\/www.tgrthaber.com\/mavikadin\/wp-json\/wp\/v2\/users\/10"}],"replies":[{"embeddable":true,"href":"https:\/\/www.tgrthaber.com\/mavikadin\/wp-json\/wp\/v2\/comments?post=98361"}],"version-history":[{"count":4,"href":"https:\/\/www.tgrthaber.com\/mavikadin\/wp-json\/wp\/v2\/posts\/98361\/revisions"}],"predecessor-version":[{"id":116410,"href":"https:\/\/www.tgrthaber.com\/mavikadin\/wp-json\/wp\/v2\/posts\/98361\/revisions\/116410"}],"wp:featuredmedia":[{"embeddable":true,"href":"https:\/\/www.tgrthaber.com\/mavikadin\/wp-json\/wp\/v2\/media\/98363"}],"wp:attachment":[{"href":"https:\/\/www.tgrthaber.com\/mavikadin\/wp-json\/wp\/v2\/media?parent=98361"}],"wp:term":[{"taxonomy":"category","embeddable":true,"href":"https:\/\/www.tgrthaber.com\/mavikadin\/wp-json\/wp\/v2\/categories?post=98361"},{"taxonomy":"post_tag","embeddable":true,"href":"https:\/\/www.tgrthaber.com\/mavikadin\/wp-json\/wp\/v2\/tags?post=98361"}],"curies":[{"name":"wp","href":"https:\/\/api.w.org\/{rel}","templated":true}]}}