{"id":98474,"date":"2024-11-26T23:52:41","date_gmt":"2024-11-26T20:52:41","guid":{"rendered":"https:\/\/www.tgrthaber.com\/mavikadin\/?p=98474"},"modified":"2024-11-26T23:52:41","modified_gmt":"2024-11-26T20:52:41","slug":"ebru-sallidan-nafaka-aciklamasi","status":"publish","type":"post","link":"https:\/\/www.tgrthaber.com\/mavikadin\/ebru-sallidan-nafaka-aciklamasi\/","title":{"rendered":"Ebru \u015eall\u0131&#8217;dan nafaka a\u00e7\u0131klamas\u0131"},"content":{"rendered":"<p>U\u011fur Akku\u015f ile \u00e7alkant\u0131l\u0131 bir evlilik ya\u015fayan ve son zamanlarda haklar\u0131nda \u00e7\u0131kan evliliklerinin k\u00f6t\u00fc gitti\u011fi haberleri ile g\u00fcndeme gelen \u00fcnl\u00fc \u00e7ift bo\u015fanmaya karar verdiklerini a\u00e7\u0131klam\u0131\u015ft\u0131. Bir gecede boy g\u00f6steren Ebru \u015eall\u0131&#8217;dan nafaka a\u00e7\u0131klamas\u0131 geldi.<\/p>\n<h3>EBRU \u015eALLI&#8217;DAN NAFAKA A\u00c7IKLAMASI<\/h3>\n<p>Uzun zamand\u0131r aralar\u0131n\u0131n k\u00f6t\u00fc oldu\u011fu konu\u015fulan Ebru \u015eall\u0131 ve U\u011fur Akku\u015f \u00e7ifti, bo\u015fanmaya karar verdiklerini sosyal medya hesaplar\u0131ndan yapt\u0131klar\u0131 sert s\u00f6zlerle a\u00e7\u0131klam\u0131\u015flard\u0131. Konuyla ilgili yeni bir a\u00e7\u0131klama yapan Ebru \u015eall\u0131 nafaka konusuna de\u011findi ve birbirlerinden herhangi bir nafaka talebinin olmad\u0131\u011f\u0131n\u0131 s\u00f6yledi.<\/p>\n<figure id=\"attachment_98476\" aria-describedby=\"caption-attachment-98476\" style=\"width: 770px\" class=\"wp-caption alignnone\"><img loading=\"lazy\" decoding=\"async\" class=\"wp-image-98476 size-full\" src=\"https:\/\/www.tgrthaber.com\/mavikadin\/wp-content\/uploads\/Basliksiz-3vgf.jpg\" alt=\"Ebru \u015eall\u0131 ve U\u011fur Akku\u015f\" width=\"770\" height=\"961\" title=\"\" srcset=\"https:\/\/www.tgrthaber.com\/mavikadin\/wp-content\/uploads\/Basliksiz-3vgf.jpg 770w, https:\/\/www.tgrthaber.com\/mavikadin\/wp-content\/uploads\/Basliksiz-3vgf-240x300.jpg 240w, https:\/\/www.tgrthaber.com\/mavikadin\/wp-content\/uploads\/Basliksiz-3vgf-768x959.jpg 768w\" sizes=\"(max-width: 770px) 100vw, 770px\" \/><figcaption id=\"caption-attachment-98476\" class=\"wp-caption-text\">Ebru \u015eall\u0131 ve U\u011fur Akku\u015f<\/figcaption><\/figure>\n<h3>\u0130LK BO\u015eANMA A\u00c7IKLAMASI U\u011eUR AKKU\u015e&#8217;TAN GELD\u0130<\/h3>\n<p>U\u011fur Akku\u015f, eski manken e\u015fi Ebru \u015eall\u0131&#8217;ya bo\u015fanma davas\u0131 a\u00e7t\u0131\u011f\u0131n\u0131 sosyal medya \u00fczerinden su\u00e7lay\u0131c\u0131 bir dille duyurmu\u015ftu. Akku\u015f, \u015fa\u015f\u0131rt\u0131c\u0131 payla\u015f\u0131m\u0131nda &#8220;Her \u015fey para ve maddiyatm\u0131\u015f&#8221; diyerek e\u015fi \u015eall\u0131&#8217;ya g\u00f6ndermede bulunmu\u015ftu.\u00a0\u0130\u015fadam\u0131 U\u011fur Akku\u015f&#8217;un dikkat \u00e7eken a\u00e7\u0131klamalar\u0131na, e\u015fi Ebru \u015eall\u0131&#8217;dan h\u0131zl\u0131ca kar\u015f\u0131l\u0131k gelmi\u015fti.<\/p>\n<figure id=\"attachment_98477\" aria-describedby=\"caption-attachment-98477\" style=\"width: 770px\" class=\"wp-caption alignnone\"><img loading=\"lazy\" decoding=\"async\" class=\"size-full wp-image-98477\" src=\"https:\/\/www.tgrthaber.com\/mavikadin\/wp-content\/uploads\/Baslikcccsiz-1.jpg\" alt=\"U\u011fur Akku\u015f&#039;un bo\u015fanma a\u00e7\u0131klamas\u0131\" width=\"770\" height=\"952\" title=\"\" srcset=\"https:\/\/www.tgrthaber.com\/mavikadin\/wp-content\/uploads\/Baslikcccsiz-1.jpg 770w, https:\/\/www.tgrthaber.com\/mavikadin\/wp-content\/uploads\/Baslikcccsiz-1-243x300.jpg 243w, https:\/\/www.tgrthaber.com\/mavikadin\/wp-content\/uploads\/Baslikcccsiz-1-768x950.jpg 768w\" sizes=\"(max-width: 770px) 100vw, 770px\" \/><figcaption id=\"caption-attachment-98477\" class=\"wp-caption-text\">U\u011fur Akku\u015f&#8217;un bo\u015fanma a\u00e7\u0131klamas\u0131<\/figcaption><\/figure>\n<h3>BO\u015eANMA HABERLER\u0130N\u0130 HER SEFER\u0130NDE YALANLADILAR<\/h3>\n<p>Ebru \u015eall\u0131 ile U\u011fur Akku\u015f, iki y\u0131ll\u0131k ili\u015fki sonras\u0131 2019&#8217;da \u00c7\u0131ra\u011fan Saray\u0131&#8217;nda d\u00fcnya evine girmi\u015fti. S\u00fcrekli ayr\u0131lacaklar\u0131 g\u00fcndeme gelen Akku\u015f-\u015eall\u0131 \u00e7ifti, bas\u0131nda yer alan iddialar\u0131 defalarca reddetmi\u015flerdi.<\/p>\n<h3>U\u011eUR AKKU\u015e&#8217;TAN PARA G\u00d6NDERMES\u0130<\/h3>\n<p>U\u011fur Akku\u015f, 7 Kas\u0131m&#8217;da Instagram hesab\u0131 \u00fczerinden e\u015fi Ebru \u015eall\u0131&#8217;ya bo\u015fanma davas\u0131 a\u00e7t\u0131\u011f\u0131n\u0131 takip\u00e7ileriyle payla\u015fm\u0131\u015ft\u0131. Akku\u015f, payla\u015f\u0131m\u0131nda e\u015fini su\u00e7layan kelimelerle, &#8220;Her \u015fey para ve maddiyatm\u0131\u015f&#8221; demi\u015fti. Akku\u015f, sosyal medyadaki payla\u015f\u0131m\u0131nda, &#8220;Bo\u015fanma davas\u0131 a\u00e7mam\u0131n ve ayr\u0131lmak istememin tek nedeni mutsuz olmamd\u0131r. Bu ili\u015fkiyi bir a\u015fk evlili\u011fi olarak g\u00f6rm\u00fc\u015ft\u00fcm, fakat me\u011ferse her \u015fey sadece para ve maddiyatm\u0131\u015f! Bunu olduk\u00e7a ge\u00e7 ve zor fark ettim. Art\u0131k mutlu ve huzurlu bir ya\u015fam s\u00fcrmeye karar verdi\u011fim i\u00e7in bo\u015fanmaya karar verdim.&#8221; \u015feklinde ifadeler kullanm\u0131\u015ft\u0131.<\/p>\n<p>Ebru \u015eall\u0131 a\u00e7\u0131klamas\u0131nda \u015fu s\u00f6zlere yer vermi\u015fti:<\/p>\n<p>&#8220;Bas\u0131n mensubu arkada\u015flar\u0131ma duyurulur&#8230;<br \/>\nU\u011fur Bey ile 4 y\u0131l s\u00fcren evlili\u011fimizi sonland\u0131rma karar\u0131 ald\u0131k. Ben 8 ay \u00f6nce bo\u015fanma yetkisini avukatlar\u0131ma verdim. Dolay\u0131s\u0131yla s\u00fcre\u00e7 zaten devam ediyordu. Evlilik birli\u011fine olan sayg\u0131mdan \u00f6t\u00fcr\u00fc sadece bo\u015fanmay\u0131 onaylad\u0131\u011f\u0131m\u0131 bildirmek i\u00e7in sizlere bilgi vermek istedim. Her iki taraf\u0131n da ki\u015fisel hayat\u0131d\u0131r. Anlay\u0131\u015f\u0131n\u0131z\u0131 rica ederim. Sevgi ve sayg\u0131lar\u0131mla&#8230;&#8221;<\/p>\n<figure id=\"attachment_98478\" aria-describedby=\"caption-attachment-98478\" style=\"width: 580px\" class=\"wp-caption alignnone\"><img loading=\"lazy\" decoding=\"async\" class=\"wp-image-98478 size-full\" src=\"https:\/\/www.tgrthaber.com\/mavikadin\/wp-content\/uploads\/Basliksiz-2-5.jpg\" alt=\"Ebru \u015eall\u0131 ve U\u011fur Akku\u015f\" width=\"580\" height=\"485\" title=\"\" srcset=\"https:\/\/www.tgrthaber.com\/mavikadin\/wp-content\/uploads\/Basliksiz-2-5.jpg 580w, https:\/\/www.tgrthaber.com\/mavikadin\/wp-content\/uploads\/Basliksiz-2-5-300x251.jpg 300w\" sizes=\"(max-width: 580px) 100vw, 580px\" \/><figcaption id=\"caption-attachment-98478\" class=\"wp-caption-text\">Ebru \u015eall\u0131 ve U\u011fur Akku\u015f<\/figcaption><\/figure>\n<h3>EBRU \u015eALLI&#8217;DAN YEN\u0130 BO\u015eANMA A\u00c7IKLAMASI<\/h3>\n<p>Ge\u00e7ti\u011fimiz g\u00fcnlerde bir organizasyonda g\u00f6r\u00fcnt\u00fclenen eski model Ebru \u015eall\u0131, bas\u0131n mensuplar\u0131yla k\u0131sa bir sohbet ger\u00e7ekle\u015ftirmi\u015fti. \u015eall\u0131, gazetecilerin bo\u015fanma hakk\u0131ndaki sorular\u0131n\u0131 da yan\u0131tlam\u0131\u015ft\u0131.<\/p>\n<p>\u015eall\u0131, &#8220;Herkes evlenebilir, bo\u015fanabilir. Her \u015fey insanlar i\u00e7in. U\u011fur Bey de ben de benzer bir s\u00fcre\u00e7teyiz. Bu y\u00fczden ben olumlu \u015feyler s\u00f6ylerim. Aram\u0131zda b\u00f6yle bir durum s\u00f6z konusu olamaz. Sinirlenmi\u015f olabilir, U\u011fur b\u00f6yle bir \u015fey demi\u015ftir. Ama aram\u0131zda bir tart\u0131\u015fma, g\u00fcr\u00fclt\u00fc yok. Ortak bir yat\u0131r\u0131m\u0131m\u0131z da yok. Hi\u00e7bir \u015fekilde b\u00f6yle bir \u015fey de bulunmamaktad\u0131r&#8221; \u015feklinde konu\u015ftu.<\/p>\n","protected":false},"excerpt":{"rendered":"<p>\u0130\u015fadam\u0131 U\u011fur Akku\u015f, e\u015fi Ebru \u015eall\u0131&#8217;ya bo\u015fanma davas\u0131 a\u00e7t\u0131\u011f\u0131n\u0131 Instagram \u00fczerinden duyurmu\u015ftu. Ebru \u015eall\u0131 ise, &#8220;Ben 8 ay \u00f6nce bo\u015fanma vekaletimi avukatlar\u0131ma verdim&#8221; diyerek e\u015fine kar\u015f\u0131l\u0131k vermi\u015fti. Bir organizasyonda g\u00f6r\u00fcnt\u00fclenen Ebru \u015eall\u0131&#8217;dan nafaka a\u00e7\u0131klamas\u0131 geldi.<\/p>\n","protected":false},"author":2,"featured_media":98475,"comment_status":"closed","ping_status":"closed","sticky":false,"template":"","format":"standard","meta":{"rank_math_lock_modified_date":false,"footnotes":""},"categories":[76],"tags":[2299,133,2218,2300],"class_list":["post-98474","post","type-post","status-publish","format-standard","has-post-thumbnail","hentry","category-magazin","tag-ebru-salli","tag-magazin","tag-magazin-haberleri","tag-ugur-akkus"],"_links":{"self":[{"href":"https:\/\/www.tgrthaber.com\/mavikadin\/wp-json\/wp\/v2\/posts\/98474"}],"collection":[{"href":"https:\/\/www.tgrthaber.com\/mavikadin\/wp-json\/wp\/v2\/posts"}],"about":[{"href":"https:\/\/www.tgrthaber.com\/mavikadin\/wp-json\/wp\/v2\/types\/post"}],"author":[{"embeddable":true,"href":"https:\/\/www.tgrthaber.com\/mavikadin\/wp-json\/wp\/v2\/users\/2"}],"replies":[{"embeddable":true,"href":"https:\/\/www.tgrthaber.com\/mavikadin\/wp-json\/wp\/v2\/comments?post=98474"}],"version-history":[{"count":2,"href":"https:\/\/www.tgrthaber.com\/mavikadin\/wp-json\/wp\/v2\/posts\/98474\/revisions"}],"predecessor-version":[{"id":98480,"href":"https:\/\/www.tgrthaber.com\/mavikadin\/wp-json\/wp\/v2\/posts\/98474\/revisions\/98480"}],"wp:featuredmedia":[{"embeddable":true,"href":"https:\/\/www.tgrthaber.com\/mavikadin\/wp-json\/wp\/v2\/media\/98475"}],"wp:attachment":[{"href":"https:\/\/www.tgrthaber.com\/mavikadin\/wp-json\/wp\/v2\/media?parent=98474"}],"wp:term":[{"taxonomy":"category","embeddable":true,"href":"https:\/\/www.tgrthaber.com\/mavikadin\/wp-json\/wp\/v2\/categories?post=98474"},{"taxonomy":"post_tag","embeddable":true,"href":"https:\/\/www.tgrthaber.com\/mavikadin\/wp-json\/wp\/v2\/tags?post=98474"}],"curies":[{"name":"wp","href":"https:\/\/api.w.org\/{rel}","templated":true}]}}