{"id":98544,"date":"2024-11-27T11:25:25","date_gmt":"2024-11-27T08:25:25","guid":{"rendered":"https:\/\/www.tgrthaber.com\/mavikadin\/?p=98544"},"modified":"2024-11-27T11:25:26","modified_gmt":"2024-11-27T08:25:26","slug":"uzak-sehir-demir-kimdir-uzak-sehirin-demiri-ferit-kaya-kimdir-ferit-kaya-kac-yasinda-nereli","status":"publish","type":"post","link":"https:\/\/www.tgrthaber.com\/mavikadin\/uzak-sehir-demir-kimdir-uzak-sehirin-demiri-ferit-kaya-kimdir-ferit-kaya-kac-yasinda-nereli\/","title":{"rendered":"Uzak \u015eehir Demir kimdir? Uzak \u015eehir\u2019in Demir\u2019i Ferit Kaya kimdir? Ferit Kaya ka\u00e7 ya\u015f\u0131nda, nereli?"},"content":{"rendered":"<p>Kanal D ekranlar\u0131n\u0131n yeni sezona bomba gibi ba\u015flayan dizisi \u2018Uzak \u015eehir\u2019 ekran maceras\u0131nda ge\u00e7ti\u011fimiz haftalarda ba\u015flam\u0131\u015ft\u0131. \u0130lk b\u00f6l\u00fcm\u00fcyle seyirci taraf\u0131ndan b\u00fcy\u00fck be\u011feni toplayan dizi, \u00fc\u00e7\u00fcnc\u00fc b\u00f6l\u00fcm\u00fcyle ekranlara \u00e7\u0131kt\u0131. \u0130zleyici taraf\u0131ndan yo\u011fun ilgi g\u00f6ren \u2018Uzak \u015eehir\u2019 hem konusuyla hem de g\u00fc\u00e7l\u00fc oyuncu kadrosuyla dikkatleri \u00fczerine \u00e7ekmeyi ba\u015fard\u0131.<\/p>\n<p>Sinem \u00dcnsal ve Ozan Akbaba\u2019n\u0131n ba\u015frollerini payla\u015ft\u0131klar\u0131 dizide Ferit Kaya, M\u00fcfit Kayacan, Gonca Cilasun, Sahra \u015ea\u015f, Alper \u00c7ankaya ve Dilin D\u00f6\u011fer gibi ba\u015far\u0131l\u0131 isimlerde yer al\u0131yor. Dizide Demir karakterine can veren Ferit Kaya\u2019n\u0131n da kim oldu\u011fu izleyici taraf\u0131ndan merak ediliyor. Peki, Uzak \u015eehir Demir kimdir? Uzak \u015eehir\u2019in Demir\u2019i Ferit Kaya kimdir? Ferit Kaya ka\u00e7 ya\u015f\u0131nda, nereli? \u0130\u015fte Ferit Kaya hakk\u0131nda bilmeniz gerekenler\u2026<\/p>\n<h3>FER\u0130T KAYA K\u0130MD\u0130R?<\/h3>\n<p>Ferit Kaya, 24 \u015eubat 1984 tarihinde Diyarbak\u0131r\u2019da d\u00fcnyaya geldi. Kaya, Zaza k\u00f6kenli bir ailenin \u00e7ocu\u011fu olarak d\u00fcnyaya gelmi\u015ftir. \u0130lkokul, ortaokul ve lise e\u011fitimini tamamlayan Kaya, Mimar Sinan Devlet Konservatuvar\u0131 Tiyatro Anasanat Dal\u0131\u2019ndan mezun olarak y\u00fcksek\u00f6\u011frenimini de tamamlad\u0131.<\/p>\n<p><img loading=\"lazy\" decoding=\"async\" class=\"size-large wp-image-98546\" src=\"https:\/\/www.tgrthaber.com\/mavikadin\/wp-content\/uploads\/Adsiz-tasarim-40-4-1024x576.jpg\" alt=\"Ferit Kaya kimdir?\" width=\"640\" height=\"360\" title=\"\" srcset=\"https:\/\/www.tgrthaber.com\/mavikadin\/wp-content\/uploads\/Adsiz-tasarim-40-4-1024x576.jpg 1024w, https:\/\/www.tgrthaber.com\/mavikadin\/wp-content\/uploads\/Adsiz-tasarim-40-4-300x169.jpg 300w, https:\/\/www.tgrthaber.com\/mavikadin\/wp-content\/uploads\/Adsiz-tasarim-40-4-768x432.jpg 768w, https:\/\/www.tgrthaber.com\/mavikadin\/wp-content\/uploads\/Adsiz-tasarim-40-4-1536x864.jpg 1536w, https:\/\/www.tgrthaber.com\/mavikadin\/wp-content\/uploads\/Adsiz-tasarim-40-4.jpg 1600w\" sizes=\"(max-width: 640px) 100vw, 640px\" \/><\/p>\n<p>Oyunculuk kariyerinde kendini ilerletmek isteyen Ferit Kaya, oyunculu\u011fa ilk ad\u0131m\u0131n\u0131 tiyatro sahnelerinde att\u0131. Tiyatro sahnelerinde oyunculu\u011fa ba\u015flayan Kaya, bir\u00e7ok ba\u015far\u0131l\u0131 projede yer ald\u0131 ve ad\u0131n\u0131 duyurdu.<\/p>\n<h3>FER\u0130T KAYA KA\u00c7 YA\u015eINDA?<\/h3>\n<p>\u015eimdilerde 40 ya\u015f\u0131nda olan ba\u015far\u0131l\u0131 oyuncu Ferit Kaya, oyunculuk hayat\u0131na tiyatro alan\u0131nda ba\u015flam\u0131\u015ft\u0131r. \u0130lk profesyonel oyunculuk deneyimini 2006 y\u0131l\u0131nda \u201cErkekler A\u011flamaz\u201d adl\u0131 dizide ger\u00e7ekle\u015ftirdi. Kaya, 2007 y\u0131l\u0131nda Kanal D ekranlar\u0131nda izleyici kar\u015f\u0131s\u0131na \u00e7\u0131kan ve yay\u0131mland\u0131\u011f\u0131 d\u00f6neme damga vuran \u201cKavak Yelleri\u201d dizisinin ikinci, \u00fc\u00e7\u00fcnc\u00fc ve d\u00f6rd\u00fcnc\u00fc sezonunda \u201cU\u011fur\u201d karakterine can verdi.<\/p>\n<p><img loading=\"lazy\" decoding=\"async\" class=\"size-large wp-image-98547\" src=\"https:\/\/www.tgrthaber.com\/mavikadin\/wp-content\/uploads\/Adsiz-tasarim-44-3-1024x576.jpg\" alt=\"Ferit Kaya kimdir?\" width=\"640\" height=\"360\" title=\"\" srcset=\"https:\/\/www.tgrthaber.com\/mavikadin\/wp-content\/uploads\/Adsiz-tasarim-44-3-1024x576.jpg 1024w, https:\/\/www.tgrthaber.com\/mavikadin\/wp-content\/uploads\/Adsiz-tasarim-44-3-300x169.jpg 300w, https:\/\/www.tgrthaber.com\/mavikadin\/wp-content\/uploads\/Adsiz-tasarim-44-3-768x432.jpg 768w, https:\/\/www.tgrthaber.com\/mavikadin\/wp-content\/uploads\/Adsiz-tasarim-44-3-1536x864.jpg 1536w, https:\/\/www.tgrthaber.com\/mavikadin\/wp-content\/uploads\/Adsiz-tasarim-44-3.jpg 1600w\" sizes=\"(max-width: 640px) 100vw, 640px\" \/><\/p>\n<p>Ferit Kaya, yine Kanal D ekranlar\u0131nda 2010 y\u0131l\u0131nda yay\u0131mlanan ve geni\u015f bir izleyici kitlesine sahip olan \u201c\u00d6yle Bir Ge\u00e7er Zaman Ki\u201d dizisinde \u201cResul\u201d karakterine can vermi\u015f ve ad\u0131n\u0131 duyurmu\u015ftur. Bir\u00e7ok ba\u015far\u0131l\u0131 projede yer alan Kaya, olduk\u00e7a \u00f6nemli ve pop\u00fcler dizilerde de kendini g\u00f6stermi\u015ftir.<\/p>\n<h3>FER\u0130T KAYA KAR\u0130YER\u0130NDE NASIL \u0130LERLED\u0130?<\/h3>\n<p>Televizyon ekranlar\u0131nda b\u00fcy\u00fck bir ba\u015far\u0131 yakalayan Ferit Kaya, g\u00fc\u00e7l\u00fc performanslar sergileyerek geni\u015f bir hayran kitlesine ula\u015fm\u0131\u015ft\u0131r. Kaya, yine pop\u00fcler dizilerden biri olan 2016 y\u0131l\u0131nda Kanal D ekranlar\u0131nda izleyici kar\u015f\u0131s\u0131na \u00e7\u0131kan \u201cArka Sokaklar\u201d dizisinde \u201cErdal\u201d karakterine can vermi\u015ftir.<\/p>\n<p><img loading=\"lazy\" decoding=\"async\" class=\"size-large wp-image-98548\" src=\"https:\/\/www.tgrthaber.com\/mavikadin\/wp-content\/uploads\/Adsiz-tasarim-43-3-1024x576.jpg\" alt=\"Ferit Kaya kimdir?\" width=\"640\" height=\"360\" title=\"\" srcset=\"https:\/\/www.tgrthaber.com\/mavikadin\/wp-content\/uploads\/Adsiz-tasarim-43-3-1024x576.jpg 1024w, https:\/\/www.tgrthaber.com\/mavikadin\/wp-content\/uploads\/Adsiz-tasarim-43-3-300x169.jpg 300w, https:\/\/www.tgrthaber.com\/mavikadin\/wp-content\/uploads\/Adsiz-tasarim-43-3-768x432.jpg 768w, https:\/\/www.tgrthaber.com\/mavikadin\/wp-content\/uploads\/Adsiz-tasarim-43-3-1536x864.jpg 1536w, https:\/\/www.tgrthaber.com\/mavikadin\/wp-content\/uploads\/Adsiz-tasarim-43-3.jpg 1600w\" sizes=\"(max-width: 640px) 100vw, 640px\" \/><\/p>\n<p>Ferit Kaya, oyunculu\u011funda bir\u00e7ok \u00f6nemli projede yer alm\u0131\u015f ve ba\u015far\u0131s\u0131yla ad\u0131ndan s\u00f6z ettirmi\u015ftir. Kaya, 2019-2021 y\u0131llar\u0131 aras\u0131nda Show TV ekranlar\u0131nda seyirci kar\u015f\u0131s\u0131na \u00e7\u0131kan ve izlenme rekorlar\u0131 k\u0131ran \u201c\u00c7ukur\u201d dizisinde \u201cFeri\u011fin Murtaza\u201d karakterine can vererek b\u00fcy\u00fck bir \u00fcn kazanm\u0131\u015ft\u0131r. \u00c7ukur dizisinde oyna\u011f\u0131 Murtaza karakteriyle izleyicinin be\u011fenisini toplayan Kaya, daha sonra \u201cAlparslan: B\u00fcy\u00fck Sel\u00e7uklu\u201d dizisinde \u201cErbaskan Y\u0131nal\u201d karakterine can vermi\u015ftir.<\/p>\n<p>Son olarak Kanal D ekranlar\u0131n\u0131n sevilen dizisi \u201cYarg\u0131\u201d ile izleyici kar\u015f\u0131s\u0131na \u00e7\u0131kan Ferit Kaya, \u201cCan Aynar\u201d karakterine can vermi\u015ftir. Ba\u015far\u0131l\u0131 oyuncu yaln\u0131zca televizyon dizilerinde de\u011fil, ayn\u0131 zamanda sinema sekt\u00f6r\u00fcnde ve dijital platformlarda da ba\u015far\u0131l\u0131 oyunculu\u011funu konu\u015fturmu\u015ftur.<\/p>\n<p><img loading=\"lazy\" decoding=\"async\" class=\"size-large wp-image-98551\" src=\"https:\/\/www.tgrthaber.com\/mavikadin\/wp-content\/uploads\/Adsiz-tasarim-45-3-1024x576.jpg\" alt=\"Uzak \u015eehir Demir kimdir?\" width=\"640\" height=\"360\" title=\"\" srcset=\"https:\/\/www.tgrthaber.com\/mavikadin\/wp-content\/uploads\/Adsiz-tasarim-45-3-1024x576.jpg 1024w, https:\/\/www.tgrthaber.com\/mavikadin\/wp-content\/uploads\/Adsiz-tasarim-45-3-300x169.jpg 300w, https:\/\/www.tgrthaber.com\/mavikadin\/wp-content\/uploads\/Adsiz-tasarim-45-3-768x432.jpg 768w, https:\/\/www.tgrthaber.com\/mavikadin\/wp-content\/uploads\/Adsiz-tasarim-45-3-1536x864.jpg 1536w, https:\/\/www.tgrthaber.com\/mavikadin\/wp-content\/uploads\/Adsiz-tasarim-45-3.jpg 1600w\" sizes=\"(max-width: 640px) 100vw, 640px\" \/><\/p>\n<p>Ferit Kaya, \u00f6zellikle gi\u015fe rekorlar\u0131 k\u0131ran 2019 y\u0131l\u0131nda vizyona giren \u201c7. Ko\u011fu\u015ftaki Mucize\u201d filminde canland\u0131rd\u0131\u011f\u0131 \u201cAli\u201d karakteriyle ad\u0131ndan s\u00f6z ettirmi\u015ftir. Bunun yan\u0131nda dijital platformda yay\u0131mlanan \u201cFatma\u201d dizisinde oynad\u0131\u011f\u0131 \u201cZafer\u201d karakteriyle de seyircinin be\u011fenisini toplamay\u0131 ba\u015farm\u0131\u015ft\u0131r.<\/p>\n<h3>UZAK \u015eEH\u0130R DEM\u0130R K\u0130MD\u0130R?<\/h3>\n<p>\u015eimdilerde Uzak \u015eehir dizisinde \u201cDemir Baybars\u201d karakteriyle izleyici kar\u015f\u0131s\u0131na \u00e7\u0131kan Ferit Kaya, bu rol\u00fcyle de seyircinin be\u011fenisini toplamay\u0131 ba\u015fard\u0131. Dizide Albora ailesinin en b\u00fcy\u00fck d\u00fc\u015fman\u0131 olan Nadim Baybars\u2019\u0131n o\u011flu Demir Baybars\u2019\u0131 canland\u0131ran Ferit Kaya, sert ve h\u0131r\u00e7\u0131n bir mizaca sahip bir karakter olarak kar\u015f\u0131m\u0131za \u00e7\u0131k\u0131yor.<\/p>\n<p><img loading=\"lazy\" decoding=\"async\" class=\"size-large wp-image-98550\" src=\"https:\/\/www.tgrthaber.com\/mavikadin\/wp-content\/uploads\/Adsiz-tasarim-46-3-1024x576.jpg\" alt=\"Uzak \u015eehir Demir kimdir?\" width=\"640\" height=\"360\" title=\"\" srcset=\"https:\/\/www.tgrthaber.com\/mavikadin\/wp-content\/uploads\/Adsiz-tasarim-46-3-1024x576.jpg 1024w, https:\/\/www.tgrthaber.com\/mavikadin\/wp-content\/uploads\/Adsiz-tasarim-46-3-300x169.jpg 300w, https:\/\/www.tgrthaber.com\/mavikadin\/wp-content\/uploads\/Adsiz-tasarim-46-3-768x432.jpg 768w, https:\/\/www.tgrthaber.com\/mavikadin\/wp-content\/uploads\/Adsiz-tasarim-46-3-1536x864.jpg 1536w, https:\/\/www.tgrthaber.com\/mavikadin\/wp-content\/uploads\/Adsiz-tasarim-46-3.jpg 1600w\" sizes=\"(max-width: 640px) 100vw, 640px\" \/><\/p>\n<p>Bir g\u00fcn\u00fc di\u011fer g\u00fcn\u00fcn\u00fc tutmayan ve akl\u0131yla hareket etmeyen Demir Baybars\u2019\u0131n, Cihan Albora\u2019ya kar\u015f\u0131 ge\u00e7mi\u015ften gelen bir nefreti vard\u0131r. Demir\u2019in bu nefreti onun i\u00e7in tak\u0131nt\u0131 haline gelmi\u015ftir. Demir\u2019in ilerleyen b\u00f6l\u00fcmlerdeki gidi\u015fat\u0131 ise seyirci taraf\u0131ndan merakla bekleniyor.<\/p>\n<h3>FER\u0130T KAYA\u2019NIN ROL ALDI\u011eI D\u0130Z\u0130 VE F\u0130LMLER<\/h3>\n<p>2006 &#8211; Erkekler A\u011flamaz<\/p>\n<p>2007 &#8211; Mavi G\u00f6zl\u00fc Dev &#8211; Balaban<\/p>\n<p>2007 &#8211; Menek\u015fe ile Halil &#8211; Sami<\/p>\n<p>2007 &#8211; Pazar &#8211; Bir Ticaret Masal\u0131 &#8211; Serhat<\/p>\n<p>2007 &#8211; Yersiz Yurtsuz &#8211; Veysel<\/p>\n<p>2007 &#8211; Zeynep&#8217;in Sekiz G\u00fcn\u00fc &#8211; Gen\u00e7<\/p>\n<p>2008 &#8211; Ali&#8217;nin Sekiz G\u00fcn\u00fc &#8211; Tinerci<\/p>\n<p>2008 &#8211; Butimar<\/p>\n<p>2008 &#8211; G\u00fcne\u015fin O\u011flu &#8211; Orkun<\/p>\n<p>2008 &#8211; Karamel &#8211; Osman<\/p>\n<p>2008 &#8211; Merdiven Alt\u0131 &#8211; Gen\u00e7<\/p>\n<p>2008-2009 &#8211; Kavak Yelleri &#8211; U\u011fur<\/p>\n<p>2009 &#8211; Kollama &#8211; Polis<\/p>\n<p>2009 &#8211; Be\u015f \u015eehir &#8211; Co\u015fkun<\/p>\n<p>2009 &#8211; Bu Kalp Seni Unutur mu? &#8211; \u0130dris<\/p>\n<p>2009 &#8211; Gecenin Kanatlar\u0131 &#8211; Selim<\/p>\n<p>2009 &#8211; K\u00fcl ve Ate\u015f &#8211; \u0130brahim<\/p>\n<p>2009 &#8211; K\u0131sa&#8217;ca Ramazan: Kamil \u0130nsan &#8211; As\u0131m<\/p>\n<p>2009 &#8211; Mukadderat &#8211; \u0130\u015f\u00e7i Karde\u015f<\/p>\n<p>2010 &#8211; Sessiz \u00c7ocuklar\u0131<\/p>\n<p>2010-2011 &#8211; \u00d6yle Bir Ge\u00e7er Zaman ki &#8211; Resul<\/p>\n<p>2011 &#8211; Muhte\u015fem Y\u00fczy\u0131l &#8211; Ayas Pa\u015fa<\/p>\n<p>2012 &#8211; Bu Son Olsun &#8211; Kovboy Ali<\/p>\n<p>2012 &#8211; K\u00f6t\u00fc Yol &#8211; \u0130hsan<\/p>\n<p>2013-2014 &#8211; Kay\u0131p &#8211; Bekir \u00c7imen<\/p>\n<p>2014 &#8211; Annemin \u015eark\u0131s\u0131 &#8211; Komiser<\/p>\n<p>2014 &#8211; Emanet &#8211; Ekrem Kozakl\u0131<\/p>\n<p>2014 &#8211; \u015eefkat Tepe &#8211; Farit&#8217;in adam\u0131<\/p>\n<p>2015 &#8211; Muhte\u015fem Y\u00fczy\u0131l K\u00f6sem &#8211; Kara Sait<\/p>\n<p>2015 &#8211; Niyazi G\u00fcl D\u00f6rtnala &#8211; Mahmut<\/p>\n<p>2015 &#8211; \u00d6yle ya da B\u00f6yle &#8211; Hakan<\/p>\n<p>2016 &#8211; Bo\u015fu Bir Yerde &#8211; Erkan<\/p>\n<p>2016 &#8211; Familya &#8211; Hamit<\/p>\n<p>2016 &#8211; Arka Sokaklar &#8211; Erdal Boyatl\u0131<\/p>\n<p>2017 &#8211; Ad\u0131 Efsane &#8211; Ozan<\/p>\n<p>2017 &#8211; Sahipli &#8211; Aziz<\/p>\n<p>2017 &#8211; Dayan Y\u00fcre\u011fim &#8211; Cengiz<\/p>\n<p>2017-2018 &#8211; A\u015fk ve Mavi &#8211; Faysal Ko\u00e7ak<\/p>\n<p>2018 &#8211; Bir Deli R\u00fczgar &#8211; Kemanc\u0131 Ali<\/p>\n<p>2018 &#8211; \u00d6l\u00fcml\u00fc D\u00fcnya &#8211; Arif<\/p>\n<p>2019 &#8211; Ay\u015fem &#8211; Maho A\u011fa&#8217;n\u0131n Kahyas\u0131 Bilo<\/p>\n<p>2019 &#8211; Kuzgun &#8211; Cihan<\/p>\n<p>2019 &#8211; 7. Ko\u011fu\u015ftaki Mucize &#8211; Ali<\/p>\n<p>2019-2021 &#8211; \u00c7ukur &#8211; Feri\u011fin Murtaza<\/p>\n<p>2021 &#8211; Fatma &#8211; Zafer Y\u0131lmaz<\/p>\n<p>2021 &#8211; Mavera &#8211; Mervan<\/p>\n<p>2021-2023 &#8211; Alparslan: B\u00fcy\u00fck Sel\u00e7uklu &#8211; Erba\u015fgan Y\u0131nal<\/p>\n<p>2022 &#8211; G\u00f6n\u00fcl &#8211; Damat<\/p>\n<p>2023 &#8211; Yarg\u0131 &#8211; Can Aynar<\/p>\n<p>2024 &#8211; K\u00fcbra &#8211; Ali Cemal<\/p>\n<p>2024 &#8211; Uzak \u015eehir &#8211; Demir Baybars<\/p>\n","protected":false},"excerpt":{"rendered":"<p>Uzak \u015eehir dizisinde Demir karakterine can veren Ferit Kaya\u2019n\u0131n kim oldu\u011fu merak edildi. Peki, Uzak \u015eehir Demir kimdir? Uzak \u015eehir\u2019in Demir\u2019i Ferit Kaya kimdir? Ferit Kaya ka\u00e7 ya\u015f\u0131nda, nereli? <\/p>\n","protected":false},"author":26,"featured_media":98545,"comment_status":"closed","ping_status":"closed","sticky":false,"template":"","format":"standard","meta":{"rank_math_lock_modified_date":false,"footnotes":""},"categories":[491],"tags":[2930,2293],"class_list":["post-98544","post","type-post","status-publish","format-standard","has-post-thumbnail","hentry","category-biyografi","tag-ferit-kaya","tag-uzak-sehir"],"_links":{"self":[{"href":"https:\/\/www.tgrthaber.com\/mavikadin\/wp-json\/wp\/v2\/posts\/98544"}],"collection":[{"href":"https:\/\/www.tgrthaber.com\/mavikadin\/wp-json\/wp\/v2\/posts"}],"about":[{"href":"https:\/\/www.tgrthaber.com\/mavikadin\/wp-json\/wp\/v2\/types\/post"}],"author":[{"embeddable":true,"href":"https:\/\/www.tgrthaber.com\/mavikadin\/wp-json\/wp\/v2\/users\/26"}],"replies":[{"embeddable":true,"href":"https:\/\/www.tgrthaber.com\/mavikadin\/wp-json\/wp\/v2\/comments?post=98544"}],"version-history":[{"count":1,"href":"https:\/\/www.tgrthaber.com\/mavikadin\/wp-json\/wp\/v2\/posts\/98544\/revisions"}],"predecessor-version":[{"id":98552,"href":"https:\/\/www.tgrthaber.com\/mavikadin\/wp-json\/wp\/v2\/posts\/98544\/revisions\/98552"}],"wp:featuredmedia":[{"embeddable":true,"href":"https:\/\/www.tgrthaber.com\/mavikadin\/wp-json\/wp\/v2\/media\/98545"}],"wp:attachment":[{"href":"https:\/\/www.tgrthaber.com\/mavikadin\/wp-json\/wp\/v2\/media?parent=98544"}],"wp:term":[{"taxonomy":"category","embeddable":true,"href":"https:\/\/www.tgrthaber.com\/mavikadin\/wp-json\/wp\/v2\/categories?post=98544"},{"taxonomy":"post_tag","embeddable":true,"href":"https:\/\/www.tgrthaber.com\/mavikadin\/wp-json\/wp\/v2\/tags?post=98544"}],"curies":[{"name":"wp","href":"https:\/\/api.w.org\/{rel}","templated":true}]}}