{"id":98800,"date":"2024-11-27T21:36:40","date_gmt":"2024-11-27T18:36:40","guid":{"rendered":"https:\/\/www.tgrthaber.com\/mavikadin\/?p=98800"},"modified":"2024-11-27T21:36:40","modified_gmt":"2024-11-27T18:36:40","slug":"tanyeliden-carpici-aciklama-tedavi-giderlerimi-dostlarim-karsiladi","status":"publish","type":"post","link":"https:\/\/www.tgrthaber.com\/mavikadin\/tanyeliden-carpici-aciklama-tedavi-giderlerimi-dostlarim-karsiladi\/","title":{"rendered":"Tanyeli&#8217;den \u00e7arp\u0131c\u0131 a\u00e7\u0131klama: &#8220;Tedavi giderlerimi dostlar\u0131m kar\u015f\u0131lad\u0131!&#8221;"},"content":{"rendered":"<p>Ger\u00e7ek ad\u0131 \u00d6znur Kral olan oryantal Tanyeli&#8217;nin pankreas kanserine yakaland\u0131\u011f\u0131 \u00f6\u011frenilmi\u015fti. Birka\u00e7 kez ameliyat olan \u00fcnl\u00fc ismin tedavisi devam ediyor. Uzun s\u00fcredir hastanede yatan ve hasta yata\u011f\u0131ndan payla\u015f\u0131mlar yapan Tanyeli&#8217;den \u00e7arp\u0131c\u0131 a\u00e7\u0131klama geldi: &#8220;Tedavi giderlerimi dostlar\u0131m kar\u015f\u0131lad\u0131!&#8221;<\/p>\n<h3>TANYEL\u0130&#8217;DEN \u00c7ARPICI A\u00c7IKLAMA: &#8220;TEDAV\u0130 G\u0130DERLER\u0130M\u0130 DOSTLARIM KAR\u015eILADI&#8221;<\/h3>\n<p>Tanyeli, hastane giderlerini Haluk Levent, Hakan Altun ve Avustralya\u2019daki arkada\u015flar\u0131n\u0131n kar\u015f\u0131lad\u0131\u011f\u0131n\u0131 duyurdu.<\/p>\n<p>&#8220;Bunu bor\u00e7 olarak kabul ediyorum. Hastane yaln\u0131zca tedavi bedelini al\u0131yor ve \u00e7ok b\u00fcy\u00fck bir indirim yapt\u0131lar. 3 milyon TL&#8217;den 500 bin TL&#8217;ye kadar d\u00fc\u015f\u00fcrd\u00fcler. Geriye kalan ise ila\u00e7 \u00fccretleri&#8230; Bunlar\u0131 da Haluk Levent, Hakan Altun ve Avustralya&#8217;daki arkada\u015flar\u0131m kar\u015f\u0131lad\u0131. Hepsine minnettar\u0131m. Allah raz\u0131 olsun. Sevgili G\u00fclben Ergen de \u015fu an Sydney\u2019de benim i\u00e7in.&#8221;<\/p>\n<div style=\"width: 640px;\" class=\"wp-video\"><!--[if lt IE 9]><script>document.createElement('video');<\/script><![endif]-->\n<video class=\"wp-video-shortcode\" id=\"video-98800-1\" width=\"640\" height=\"1138\" preload=\"metadata\" controls=\"controls\"><source type=\"video\/mp4\" src=\"https:\/\/www.tgrthaber.com\/mavikadin\/wp-content\/uploads\/Tanyeli-hastane-masraflarinin-Hakan-Altun-ve-Haluk-Levent-tarafindan-odendigini-soyledi.-tanyeli-hakanaltun-haluklevent-magazin.mp4?_=1\" \/><a href=\"https:\/\/www.tgrthaber.com\/mavikadin\/wp-content\/uploads\/Tanyeli-hastane-masraflarinin-Hakan-Altun-ve-Haluk-Levent-tarafindan-odendigini-soyledi.-tanyeli-hakanaltun-haluklevent-magazin.mp4\">https:\/\/www.tgrthaber.com\/mavikadin\/wp-content\/uploads\/Tanyeli-hastane-masraflarinin-Hakan-Altun-ve-Haluk-Levent-tarafindan-odendigini-soyledi.-tanyeli-hakanaltun-haluklevent-magazin.mp4<\/a><\/video><\/div>\n<h3>&#8221;BURASI HASTANE, PASTANE DE\u011e\u0130L&#8221;<\/h3>\n<p>Di\u011fer taraftan, Tanyeli, kendisini hastaneye ziyaret etmeye gelenlerin odada uzun s\u00fcre kald\u0131\u011f\u0131n\u0131 belirtmi\u015f ve bu konuda duyarl\u0131l\u0131k g\u00f6sterilmesini talep etmi\u015fti.<\/p>\n<p>\u00dcnl\u00fc isim, &#8220;Hepinize hay\u0131rl\u0131 haftalar. Sa\u011fl\u0131k, huzur, bolluk, bereket dolu g\u00fczel haberler alaca\u011f\u0131m\u0131z harika bir hafta dilerim. Ve sizden bir ricada bulunmak istiyorum. Bunu bir bildiri olarak kabul edebilirsiniz. L\u00fctfen beni yanl\u0131\u015f anlamay\u0131n. Uzun bir s\u00fcredir hastanedeyim. 2 aydan fazla bir s\u00fcredir hastane s\u00fcrecindeyim. Hasta ziyaretleri adab\u0131n\u0131 tabii ki ben \u00f6\u011fretmek durumunda de\u011filim. K\u0131ymetini bilip gelen ayaklar\u0131n\u0131zdan binlerce kez minnettar\u0131m. Ama belki biraz y\u00f6nlendirme yapabilirim diye d\u00fc\u015f\u00fcn\u00fcyorum, anlay\u0131\u015f\u0131n\u0131z\u0131 rica ediyorum&#8221; demi\u015fti.<\/p>\n<figure id=\"attachment_98810\" aria-describedby=\"caption-attachment-98810\" style=\"width: 548px\" class=\"wp-caption alignnone\"><img loading=\"lazy\" decoding=\"async\" class=\"size-full wp-image-98810\" src=\"https:\/\/www.tgrthaber.com\/mavikadin\/wp-content\/uploads\/Basliksiz-2-6.jpg\" alt=\"Tanyeli\" width=\"548\" height=\"544\" title=\"\" srcset=\"https:\/\/www.tgrthaber.com\/mavikadin\/wp-content\/uploads\/Basliksiz-2-6.jpg 548w, https:\/\/www.tgrthaber.com\/mavikadin\/wp-content\/uploads\/Basliksiz-2-6-300x298.jpg 300w, https:\/\/www.tgrthaber.com\/mavikadin\/wp-content\/uploads\/Basliksiz-2-6-150x150.jpg 150w\" sizes=\"(max-width: 548px) 100vw, 548px\" \/><figcaption id=\"caption-attachment-98810\" class=\"wp-caption-text\">Tanyeli<\/figcaption><\/figure>\n<p>\u00dcnl\u00fc isim, a\u00e7\u0131klamalar\u0131na \u015fu \u015fekilde devam etti: &#8220;Dostlar\u0131m\u0131n gelmesine, ziyaret etmelerine \u00e7ok seviniyorum ama hastanede olmam\u0131n nedeni hasta olmam ve dinlenmek zorunda olmam. 2 aydan fazla bir s\u00fcredir s\u0131n\u0131rl\u0131 bir alanda vakit ge\u00e7iriyorum. Ziyaret\u00e7i geldi\u011finde \u00e7ok mutlu oluyorum ama s\u00fcre uzad\u0131k\u00e7a bu bir zorluk haline d\u00f6n\u00fc\u015febiliyor. \u00c7\u00fcnk\u00fc a\u011fr\u0131lar\u0131m oluyor, sanc\u0131lar\u0131m art\u0131yor, \u015fi\u015fkinlik hissediyorum. Bunu san\u0131r\u0131m benim gibi di\u011fer hastalar da ya\u015f\u0131yor. Sonu\u00e7ta buras\u0131 hastane, pastane de\u011fil. Mesela birisi odadayken tuvalete bile gidemiyorum. Birisi gelip saatlerce oturabiliyor. Bu y\u00fczden sizden, hem kendi ad\u0131ma hem de benim gibi rahats\u0131zl\u0131k duyan varsa onlar\u0131n ad\u0131na k\u00fc\u00e7\u00fck bir hat\u0131rlatma yapmak istiyorum. Geldiniz, oturdunuz, ne kadar mutlu oluyorum, ama bir s\u00fcreyi ge\u00e7tikten sonra ger\u00e7ekten sanc\u0131larla m\u00fccadele etmek zorunda kalabiliyorum. Ne olduysa i\u00e7ime atmamdan oldu. Bu y\u00fczden kendime s\u00f6z verdim ve bu videoyu \u00e7ektim. Ziyaret saatlerinde ba\u015f\u0131m\u0131n \u00fcst\u00fcnde yeriniz var.&#8221;<\/p>\n","protected":false},"excerpt":{"rendered":"<p>Bir s\u00fcredir pankreas kanseriyle sava\u015fan oryantal Tanyeli&#8217;nin tedavisi devam ediyor. Birka\u00e7 ayd\u0131r hastanede tedavi g\u00f6ren Tanyeli&#8217;den \u00e7arp\u0131c\u0131 bir a\u00e7\u0131klama geldi: &#8220;Tedavi giderlerimi dostlar\u0131m kar\u015f\u0131lad\u0131!&#8221; \u00dcnl\u00fc isim, yeni bir operasyona girmeden \u00f6nce tedavi masraflar\u0131n\u0131 Haluk Levent, Hakan Altun ve Avustralya\u2019daki arkada\u015flar\u0131n\u0131n kar\u015f\u0131lad\u0131\u011f\u0131n\u0131 duyurdu.<\/p>\n","protected":false},"author":2,"featured_media":98807,"comment_status":"closed","ping_status":"closed","sticky":false,"template":"","format":"standard","meta":{"rank_math_lock_modified_date":false,"footnotes":""},"categories":[76],"tags":[133,2218,464],"class_list":["post-98800","post","type-post","status-publish","format-standard","has-post-thumbnail","hentry","category-magazin","tag-magazin","tag-magazin-haberleri","tag-tanyeli"],"_links":{"self":[{"href":"https:\/\/www.tgrthaber.com\/mavikadin\/wp-json\/wp\/v2\/posts\/98800"}],"collection":[{"href":"https:\/\/www.tgrthaber.com\/mavikadin\/wp-json\/wp\/v2\/posts"}],"about":[{"href":"https:\/\/www.tgrthaber.com\/mavikadin\/wp-json\/wp\/v2\/types\/post"}],"author":[{"embeddable":true,"href":"https:\/\/www.tgrthaber.com\/mavikadin\/wp-json\/wp\/v2\/users\/2"}],"replies":[{"embeddable":true,"href":"https:\/\/www.tgrthaber.com\/mavikadin\/wp-json\/wp\/v2\/comments?post=98800"}],"version-history":[{"count":2,"href":"https:\/\/www.tgrthaber.com\/mavikadin\/wp-json\/wp\/v2\/posts\/98800\/revisions"}],"predecessor-version":[{"id":98812,"href":"https:\/\/www.tgrthaber.com\/mavikadin\/wp-json\/wp\/v2\/posts\/98800\/revisions\/98812"}],"wp:featuredmedia":[{"embeddable":true,"href":"https:\/\/www.tgrthaber.com\/mavikadin\/wp-json\/wp\/v2\/media\/98807"}],"wp:attachment":[{"href":"https:\/\/www.tgrthaber.com\/mavikadin\/wp-json\/wp\/v2\/media?parent=98800"}],"wp:term":[{"taxonomy":"category","embeddable":true,"href":"https:\/\/www.tgrthaber.com\/mavikadin\/wp-json\/wp\/v2\/categories?post=98800"},{"taxonomy":"post_tag","embeddable":true,"href":"https:\/\/www.tgrthaber.com\/mavikadin\/wp-json\/wp\/v2\/tags?post=98800"}],"curies":[{"name":"wp","href":"https:\/\/api.w.org\/{rel}","templated":true}]}}