{"id":98817,"date":"2024-11-27T22:08:25","date_gmt":"2024-11-27T19:08:25","guid":{"rendered":"https:\/\/www.tgrthaber.com\/mavikadin\/?p=98817"},"modified":"2024-11-27T22:08:25","modified_gmt":"2024-11-27T19:08:25","slug":"demet-ozdemir-uluslararasi-en-iyi-oyuncu-odulu-icin-diafa-kirmizi-halisinda","status":"publish","type":"post","link":"https:\/\/www.tgrthaber.com\/mavikadin\/demet-ozdemir-uluslararasi-en-iyi-oyuncu-odulu-icin-diafa-kirmizi-halisinda\/","title":{"rendered":"Demet \u00d6zdemir &#8216;Uluslararas\u0131 En \u0130yi Oyuncu&#8217; \u00f6d\u00fcl\u00fc i\u00e7in DIAFA k\u0131rm\u0131z\u0131 hal\u0131s\u0131nda!"},"content":{"rendered":"<p>Ba\u015far\u0131lar\u0131na yenilerini eklemeye devam eden \u00fcnl\u00fc aktris Demet \u00d6zdemir bu gece d\u00fczenlenen &#8216;Uluslararas\u0131 En \u0130yi Oyuncu&#8217; \u00f6d\u00fcl\u00fc i\u00e7in DIAFA k\u0131rm\u0131z\u0131 hal\u0131s\u0131nda. Dubai&#8217;de ger\u00e7ekle\u015ftirilen DIAFA \u00f6d\u00fcl t\u00f6reninde haz\u0131r bulunan Demet \u00d6zdemir, bas\u0131n\u0131n yo\u011fun ilgisiyle kar\u015f\u0131la\u015ft\u0131.<\/p>\n<h3>DEMET \u00d6ZDEM\u0130R &#8216;ULUSLARARASI EN \u0130Y\u0130 OYUNCU&#8217; \u00d6D\u00dcL\u00dc \u0130\u00c7\u0130N DIAFA KIRMIZI HALISINDA<\/h3>\n<p>2024 DIAFA (Se\u00e7kin Uluslararas\u0131 Arap Festivalleri \u00d6d\u00fclleri) t\u00f6reninin 8. y\u0131l\u0131, bu y\u0131l 26-27 Kas\u0131m tarihlerinde Dubai&#8217;de ger\u00e7ekle\u015ftiriliyor. Etkinli\u011fin resmi sosyal medya platformunda yap\u0131lan bir a\u00e7\u0131klamada, \u00fcnl\u00fc aktris Demet \u00d6zdemir&#8217;in de t\u00f6rene kat\u0131laca\u011f\u0131 belirtildi. \u00d6zdemir, bu duyuruyu kendi sosyal medya hesab\u0131nda payla\u015farak, &#8220;Orada olaca\u011f\u0131m&#8221; \u015feklinde bir mesaj verdi. Ayr\u0131ca, oyuncunun bu organizasyonda &#8216;Uluslararas\u0131 En \u0130yi Kad\u0131n Oyuncu&#8217; \u00f6d\u00fcl\u00fc alacak. DIAFA i\u00e7in Dubai&#8217;ye giden Demet \u00d6zdemir, k\u0131rm\u0131z\u0131 hal\u0131ya geldi\u011fi anda bas\u0131n\u0131n yak\u0131n ilgisiyle kar\u015f\u0131la\u015ft\u0131.<\/p>\n<figure id=\"attachment_98818\" aria-describedby=\"caption-attachment-98818\" style=\"width: 1024px\" class=\"wp-caption alignnone\"><img loading=\"lazy\" decoding=\"async\" class=\"wp-image-98818 size-large\" src=\"https:\/\/www.tgrthaber.com\/mavikadin\/wp-content\/uploads\/Basliksiz-4gff-1024x997.jpg\" alt=\"Demet \u00d6zdemir\" width=\"1024\" height=\"997\" title=\"\" srcset=\"https:\/\/www.tgrthaber.com\/mavikadin\/wp-content\/uploads\/Basliksiz-4gff-1024x997.jpg 1024w, https:\/\/www.tgrthaber.com\/mavikadin\/wp-content\/uploads\/Basliksiz-4gff-300x292.jpg 300w, https:\/\/www.tgrthaber.com\/mavikadin\/wp-content\/uploads\/Basliksiz-4gff-768x748.jpg 768w, https:\/\/www.tgrthaber.com\/mavikadin\/wp-content\/uploads\/Basliksiz-4gff.jpg 1080w\" sizes=\"(max-width: 1024px) 100vw, 1024px\" \/><figcaption id=\"caption-attachment-98818\" class=\"wp-caption-text\">Demet \u00d6zdemir<\/figcaption><\/figure>\n<h3>DEMET \u00d6ZDEM\u0130R K\u0130MD\u0130R?<\/h3>\n<p>Demet \u00d6zdemir 26 \u015eubat 1992 tarihinde Kocaeli&#8217;de do\u011fdu. T\u00fcrk televizyon ve sinema oyuncusudur. \u00d6zdemir, Sana Bir S\u0131r Verece\u011fim, Kurt Seyit ve \u015eura, \u00c7ilek Kokusu, No: 309, Erkenci Ku\u015f ve Do\u011fdu\u011fun Ev Kaderindir adl\u0131 dizilerdeki performanslar\u0131yla tan\u0131nm\u0131\u015ft\u0131r.<\/p>\n<p>26 \u015eubat 1992 tarihinde 3 \u00e7ocuklu bir ailenin en k\u00fc\u00e7\u00fck bireyi olarak Kocaeli&#8217;de d\u00fcnyaya geldi. Anneannesi, Bulgaristan k\u00f6kenlidir. Annesi ve babas\u0131 ayr\u0131ld\u0131\u011f\u0131 i\u00e7in, annesi ve ablas\u0131yla birlikte \u0130stanbul&#8217;a yerle\u015fti. \u00d6zdemir, bir r\u00f6portaj\u0131nda babas\u0131yla olan ili\u015fkisini \u015fu \u015fekilde anlatm\u0131\u015ft\u0131r: &#8220;Y\u0131llar boyunca g\u00f6r\u00fc\u015fmedik, fakat yak\u0131n zamanda bar\u0131\u015ft\u0131k. Ancak hi\u00e7bir zaman bizden nefret etti\u011fini veya sevmedi\u011fini d\u00fc\u015f\u00fcnmedim. Sadece \u00e7ok inat\u00e7\u0131 bir insand\u0131r.&#8221;<\/p>\n<figure id=\"attachment_98819\" aria-describedby=\"caption-attachment-98819\" style=\"width: 1024px\" class=\"wp-caption alignnone\"><img loading=\"lazy\" decoding=\"async\" class=\"wp-image-98819 size-large\" src=\"https:\/\/www.tgrthaber.com\/mavikadin\/wp-content\/uploads\/Basliksiz-4sw-1024x997.jpg\" alt=\"Demet \u00d6zdemir\" width=\"1024\" height=\"997\" title=\"\" srcset=\"https:\/\/www.tgrthaber.com\/mavikadin\/wp-content\/uploads\/Basliksiz-4sw-1024x997.jpg 1024w, https:\/\/www.tgrthaber.com\/mavikadin\/wp-content\/uploads\/Basliksiz-4sw-300x292.jpg 300w, https:\/\/www.tgrthaber.com\/mavikadin\/wp-content\/uploads\/Basliksiz-4sw-768x748.jpg 768w, https:\/\/www.tgrthaber.com\/mavikadin\/wp-content\/uploads\/Basliksiz-4sw.jpg 1080w\" sizes=\"(max-width: 1024px) 100vw, 1024px\" \/><figcaption id=\"caption-attachment-98819\" class=\"wp-caption-text\">Demet \u00d6zdemir<\/figcaption><\/figure>\n<p>Beng\u00fc&#8217;n\u00fcn performanslar\u0131nda dans\u00e7\u0131 olarak yer alm\u0131\u015f ve sonras\u0131nda Efes K\u0131zlar\u0131&#8217;n\u0131n kadrosunda dans g\u00f6sterileri yapm\u0131\u015ft\u0131r. Ayn\u0131 d\u00f6nemde Flash TV&#8217;de yay\u0131mlanan, sunuculu\u011funu Ay\u015fe Din\u00e7er&#8217;in \u00fcstlendi\u011fi e\u011flence program\u0131nda da dans\u00e7\u0131l\u0131k yapm\u0131\u015ft\u0131r. 2011-2013 y\u0131llar\u0131 aras\u0131nda Studio Oyuncular\u0131&#8217;nda ger\u00e7ekle\u015ftirilen e\u011fitimlere kat\u0131larak, iki y\u0131l boyunca oyunculuk e\u011fitimi alm\u0131\u015ft\u0131r. Ayr\u0131ca Mustafa Sandal&#8217;\u0131n &#8220;Ate\u015f Et ve Unut&#8221; adl\u0131 klibinde de yer alm\u0131\u015ft\u0131r. \u0130lk televizyon deneyimini 2013-2014 y\u0131llar\u0131 aras\u0131nda FOX&#8217;ta yay\u0131mlanan Sana Bir S\u0131r Verece\u011fim adl\u0131 dizide &#8220;Aylin&#8221; karakteriyle ya\u015fam\u0131\u015ft\u0131r. Ard\u0131ndan Kurt Seyit ve \u015eura adl\u0131 dizide &#8220;Alya&#8221; karakterini, Tut S\u00f6z\u00fcn\u00fc adl\u0131 sinema filminde ise &#8220;Demet&#8221; karakterini oynad\u0131. 2015 y\u0131l\u0131nda Star TV&#8217;de yay\u0131mlanan \u00c7ilek Kokusu dizisinde &#8220;Asl\u0131&#8221; karakteriyle ekranlarda yer alm\u0131\u015ft\u0131r. Ayr\u0131ca Beng\u00fc&#8217;n\u00fcn Hodri Meydan \u015fark\u0131s\u0131n\u0131n klibinde de oynam\u0131\u015ft\u0131r.<\/p>\n<figure id=\"attachment_98820\" aria-describedby=\"caption-attachment-98820\" style=\"width: 1024px\" class=\"wp-caption alignnone\"><img loading=\"lazy\" decoding=\"async\" class=\"wp-image-98820 size-large\" src=\"https:\/\/www.tgrthaber.com\/mavikadin\/wp-content\/uploads\/Basliksiz-4ss-1024x997.jpg\" alt=\"Demet \u00d6zdemir\" width=\"1024\" height=\"997\" title=\"\" srcset=\"https:\/\/www.tgrthaber.com\/mavikadin\/wp-content\/uploads\/Basliksiz-4ss-1024x997.jpg 1024w, https:\/\/www.tgrthaber.com\/mavikadin\/wp-content\/uploads\/Basliksiz-4ss-300x292.jpg 300w, https:\/\/www.tgrthaber.com\/mavikadin\/wp-content\/uploads\/Basliksiz-4ss-768x748.jpg 768w, https:\/\/www.tgrthaber.com\/mavikadin\/wp-content\/uploads\/Basliksiz-4ss.jpg 1080w\" sizes=\"(max-width: 1024px) 100vw, 1024px\" \/><figcaption id=\"caption-attachment-98820\" class=\"wp-caption-text\">Demet \u00d6zdemir<\/figcaption><\/figure>\n<p>2016-2017 y\u0131llar\u0131nda FOX&#8217;ta yay\u0131mlanan No: 309 adl\u0131 dizide &#8220;Lale&#8221; karakterini oynayan \u00d6zdemir, 2017 y\u0131l\u0131nda Burak Aksak&#8217;\u0131n yaz\u0131p y\u00f6netti\u011fi Sen Kiminle Dans Ediyorsun? filminde &#8220;Aysel&#8221; karakterini oynad\u0131. 2018-2019 y\u0131llar\u0131nda Star TV&#8217;de yay\u0131mlanan Erkenci Ku\u015f dizisinde &#8220;Sanem&#8221; karakteriyle b\u00fcy\u00fck be\u011feni kazanm\u0131\u015ft\u0131r. Bu performans\u0131 ile Murex D&#8217;or \u00d6d\u00fclleri&#8217;nde En \u0130yi Kad\u0131n Oyuncu \u00d6d\u00fcl\u00fc&#8217;n\u00fc elde etmi\u015ftir. 2019 y\u0131l\u0131n\u0131n Aral\u0131k ay\u0131nda TV8&#8217;de yay\u0131mlanmaya ba\u015flayan ve psikiyatrist G\u00fclseren Buday\u0131c\u0131o\u011flu&#8217;nun Camdaki K\u0131z adl\u0131, ger\u00e7ek bir hayat hik\u00e2yesinden uyarlanan roman\u0131ndan esinlenen Do\u011fdu\u011fun Ev Kaderindir dizisinde &#8220;Zeynep G\u00f6ksu Tunahan&#8221; karakterini oynad\u0131. Dizi, 12 May\u0131s 2021&#8217;de final yaparak sona ermi\u015ftir. 2022 y\u0131l\u0131nda ise, Disney+ platformunda yay\u0131mlanan D\u00fcnyayla Benim Aramda adl\u0131 dizide rol alm\u0131\u015ft\u0131r.<\/p>\n<p>28 A\u011fustos 2022&#8217;de oyuncu ve m\u00fczik sanat\u00e7\u0131s\u0131 O\u011fuzhan Ko\u00e7 ile evlenmi\u015ftir. \u00c7ift, 13 Nisan 2023&#8217;te ayr\u0131lacaklar\u0131n\u0131 duyurmu\u015f ve 8 May\u0131s 2023&#8217;te Adalar Adalet Saray\u0131&#8217;nda bo\u015fanm\u0131\u015flard\u0131r.<\/p>\n<p>&nbsp;<\/p>\n","protected":false},"excerpt":{"rendered":"<p>Sosyal medya payla\u015f\u0131mlar\u0131 ve \u00f6zel ya\u015fam\u0131yla s\u00fcrekli g\u00fcndemde yer bulan \u00fcnl\u00fc aktris Demet \u00d6zdemir &#8216;Uluslararas\u0131 En \u0130yi Oyuncu&#8217; \u00f6d\u00fcl\u00fc i\u00e7in DIAFA k\u0131rm\u0131z\u0131 hal\u0131s\u0131nda! \u00dcnl\u00fc oyuncu Dubai&#8217;ye adeta damga vurdu.<\/p>\n","protected":false},"author":2,"featured_media":98821,"comment_status":"closed","ping_status":"closed","sticky":false,"template":"","format":"standard","meta":{"rank_math_lock_modified_date":false,"footnotes":""},"categories":[76],"tags":[2570,2972,133,2218],"class_list":["post-98817","post","type-post","status-publish","format-standard","has-post-thumbnail","hentry","category-magazin","tag-demet-ozdemir","tag-diafa","tag-magazin","tag-magazin-haberleri"],"_links":{"self":[{"href":"https:\/\/www.tgrthaber.com\/mavikadin\/wp-json\/wp\/v2\/posts\/98817"}],"collection":[{"href":"https:\/\/www.tgrthaber.com\/mavikadin\/wp-json\/wp\/v2\/posts"}],"about":[{"href":"https:\/\/www.tgrthaber.com\/mavikadin\/wp-json\/wp\/v2\/types\/post"}],"author":[{"embeddable":true,"href":"https:\/\/www.tgrthaber.com\/mavikadin\/wp-json\/wp\/v2\/users\/2"}],"replies":[{"embeddable":true,"href":"https:\/\/www.tgrthaber.com\/mavikadin\/wp-json\/wp\/v2\/comments?post=98817"}],"version-history":[{"count":2,"href":"https:\/\/www.tgrthaber.com\/mavikadin\/wp-json\/wp\/v2\/posts\/98817\/revisions"}],"predecessor-version":[{"id":98823,"href":"https:\/\/www.tgrthaber.com\/mavikadin\/wp-json\/wp\/v2\/posts\/98817\/revisions\/98823"}],"wp:featuredmedia":[{"embeddable":true,"href":"https:\/\/www.tgrthaber.com\/mavikadin\/wp-json\/wp\/v2\/media\/98821"}],"wp:attachment":[{"href":"https:\/\/www.tgrthaber.com\/mavikadin\/wp-json\/wp\/v2\/media?parent=98817"}],"wp:term":[{"taxonomy":"category","embeddable":true,"href":"https:\/\/www.tgrthaber.com\/mavikadin\/wp-json\/wp\/v2\/categories?post=98817"},{"taxonomy":"post_tag","embeddable":true,"href":"https:\/\/www.tgrthaber.com\/mavikadin\/wp-json\/wp\/v2\/tags?post=98817"}],"curies":[{"name":"wp","href":"https:\/\/api.w.org\/{rel}","templated":true}]}}