{"id":98960,"date":"2024-11-28T12:01:48","date_gmt":"2024-11-28T09:01:48","guid":{"rendered":"https:\/\/www.tgrthaber.com\/mavikadin\/?p=98960"},"modified":"2024-11-28T12:12:28","modified_gmt":"2024-11-28T09:12:28","slug":"icardinin-avukati-angela-burgos-ask-iddialarina-cevap-verdi-ilk-aciklama","status":"publish","type":"post","link":"https:\/\/www.tgrthaber.com\/mavikadin\/icardinin-avukati-angela-burgos-ask-iddialarina-cevap-verdi-ilk-aciklama\/","title":{"rendered":"Mauro Icardi&#8217;nin avukat\u0131 Angela Burgos a\u015fk iddialar\u0131na cevap verdi! \u0130\u015fte ilk a\u00e7\u0131klama"},"content":{"rendered":"<p>Mauro Icardi&#8217;nin avukat\u0131 Angela Burgos a\u015fk iddialar\u0131na jet h\u0131z\u0131yla d\u00f6n\u00fc\u015f yapt\u0131. \u00dcnl\u00fc futbolcunun bo\u015fanma davas\u0131na bakan Angela Burgos ilk a\u00e7\u0131klamay\u0131 yapt\u0131.<\/p>\n<h3>MAURO ICARD\u0130&#8217;N\u0130N AVUKATI A\u015eK \u0130DD\u0130ALARINA CEVAP VERD\u0130!<\/h3>\n<p>Galatasaray&#8217;\u0131n y\u0131ld\u0131z ismi Mauro Icardi&#8217;nin bo\u015fanma davas\u0131n\u0131 y\u00fcr\u00fcten ceza avukat\u0131 Angela Burgos ile yeni bir a\u015fk ya\u015fad\u0131\u011f\u0131 \u00f6ne s\u00fcr\u00fclm\u00fc\u015ft\u00fc.<\/p>\n<p>Wanda Nara taraf\u0131ndan terk edilen Mauro Icardi&#8217;nin bo\u015fanma davas\u0131na bakan ceza avukat\u0131 Angela Burgos&#8217;tan ilk a\u00e7\u0131klama geldi.<\/p>\n<p><strong>Icardi&#8217;nin avukat\u0131 Angela Burgos&#8217;tan ilk a\u00e7\u0131klama<\/strong><\/p>\n<p>&#8220;Icardi \u00e7ekici biri \u00e7ok k\u00fclt\u00fcrl\u00fc ve centilmen ama \u015fu anda ba\u015fka bir \u015fey d\u00fc\u015f\u00fcnm\u00fcyorum&#8221;<\/p>\n<h3><img loading=\"lazy\" decoding=\"async\" class=\"alignnone size-large wp-image-98964\" src=\"https:\/\/www.tgrthaber.com\/mavikadin\/wp-content\/uploads\/674825f900828418__w1200xh962-1024x821.webp\" alt=\"Angela Burgos\" width=\"640\" height=\"513\" title=\"\" srcset=\"https:\/\/www.tgrthaber.com\/mavikadin\/wp-content\/uploads\/674825f900828418__w1200xh962-1024x821.webp 1024w, https:\/\/www.tgrthaber.com\/mavikadin\/wp-content\/uploads\/674825f900828418__w1200xh962-300x241.webp 300w, https:\/\/www.tgrthaber.com\/mavikadin\/wp-content\/uploads\/674825f900828418__w1200xh962-768x616.webp 768w, https:\/\/www.tgrthaber.com\/mavikadin\/wp-content\/uploads\/674825f900828418__w1200xh962.webp 1200w\" sizes=\"(max-width: 640px) 100vw, 640px\" \/><\/h3>\n<h3>YEN\u0130 A\u015eK S\u00d6YLENT\u0130S\u0130 HIZLA YAYILDI<\/h3>\n<p>\u0130talyan bas\u0131n\u0131ndan Corierre della Sera&#8217;n\u0131n haberine g\u00f6re; Wanda Nara ile ayr\u0131l\u0131k davas\u0131n\u0131 takip eden ceza avukat\u0131 Angela Burgos ile Icardi&#8217;nin aras\u0131nda yeni bir a\u015fk\u0131n ba\u015flad\u0131\u011f\u0131 s\u00f6ylendi. \u0130kilinin a\u015fklar\u0131n\u0131n hen\u00fcz yeni oldu\u011fu ve birka\u00e7 hafta \u00f6nce ba\u015flad\u0131\u011f\u0131 \u00f6ne s\u00fcr\u00fcld\u00fc.<\/p>\n<p><img loading=\"lazy\" decoding=\"async\" class=\"alignnone size-full wp-image-98962\" src=\"https:\/\/www.tgrthaber.com\/mavikadin\/wp-content\/uploads\/0x0-1732775539006.webp\" alt=\"\" width=\"730\" height=\"410\" title=\"\" srcset=\"https:\/\/www.tgrthaber.com\/mavikadin\/wp-content\/uploads\/0x0-1732775539006.webp 730w, https:\/\/www.tgrthaber.com\/mavikadin\/wp-content\/uploads\/0x0-1732775539006-300x168.webp 300w\" sizes=\"(max-width: 730px) 100vw, 730px\" \/><\/p>\n<h3>WANDA NARA HAKKINDA SADAKATS\u0130ZL\u0130K \u0130DD\u0130ALARI<\/h3>\n<p>Mauro ve Wanda Nara aras\u0131nda sular durulmuyor. \u0130kilinin ili\u015fkisi hakk\u0131nda ge\u00e7ti\u011fimiz g\u00fcnlerde Arjantinli gazeteci Pepe Ochoa, &#8216;Los Angeles de la Manana&#8217; program\u0131nda Mauro Icardi&#8217;nin eski e\u015fiyle ilgili baz\u0131 sadakatsizlik iddialar\u0131 hakk\u0131nda bilgi ald\u0131\u011f\u0131n\u0131 ifade etti.<\/p>\n<p>Ya\u015fanan bu olaylar\u0131n ard\u0131ndan Icardi&#8217;nin de konuyu derinlemesine ara\u015ft\u0131rd\u0131\u011f\u0131 ve hepsinin L-Gante ile ilgili olmak \u00fczere en az 5 kere aldatma vakas\u0131 oldu\u011fu iddia edildi.<\/p>\n<h3>BO\u015eANMA DAVASI RESM\u0130LE\u015eT\u0130<\/h3>\n<p>\u0130talya&#8217;da avukatlar\u0131 Valeria De Vellis ve Raffaele Rigitano&#8217;nun yard\u0131m\u0131yla Icardi&#8217;nin bo\u015fanma talebini resmile\u015ftirdi\u011fi \u00f6\u011frenildi.<\/p>\n","protected":false},"excerpt":{"rendered":"<p>Mauro Icardi&#8217;nin avukat\u0131 a\u015fk iddialar\u0131na cevap verdi. Wanda Nara ile bo\u015fanma a\u015famas\u0131nda olan Galatasaray&#8217;\u0131n y\u0131ld\u0131z futbolcusu Icardi&#8217;nin ismi avukat\u0131 a\u015fk iddialar\u0131na kar\u0131\u015fm\u0131\u015ft\u0131.<\/p>\n","protected":false},"author":5,"featured_media":98970,"comment_status":"closed","ping_status":"closed","sticky":false,"template":"","format":"standard","meta":{"rank_math_lock_modified_date":false,"footnotes":""},"categories":[76],"tags":[2993,2221,2222],"class_list":["post-98960","post","type-post","status-publish","format-standard","has-post-thumbnail","hentry","category-magazin","tag-angela-burgos","tag-icardi","tag-wanda-nara"],"_links":{"self":[{"href":"https:\/\/www.tgrthaber.com\/mavikadin\/wp-json\/wp\/v2\/posts\/98960"}],"collection":[{"href":"https:\/\/www.tgrthaber.com\/mavikadin\/wp-json\/wp\/v2\/posts"}],"about":[{"href":"https:\/\/www.tgrthaber.com\/mavikadin\/wp-json\/wp\/v2\/types\/post"}],"author":[{"embeddable":true,"href":"https:\/\/www.tgrthaber.com\/mavikadin\/wp-json\/wp\/v2\/users\/5"}],"replies":[{"embeddable":true,"href":"https:\/\/www.tgrthaber.com\/mavikadin\/wp-json\/wp\/v2\/comments?post=98960"}],"version-history":[{"count":5,"href":"https:\/\/www.tgrthaber.com\/mavikadin\/wp-json\/wp\/v2\/posts\/98960\/revisions"}],"predecessor-version":[{"id":98976,"href":"https:\/\/www.tgrthaber.com\/mavikadin\/wp-json\/wp\/v2\/posts\/98960\/revisions\/98976"}],"wp:featuredmedia":[{"embeddable":true,"href":"https:\/\/www.tgrthaber.com\/mavikadin\/wp-json\/wp\/v2\/media\/98970"}],"wp:attachment":[{"href":"https:\/\/www.tgrthaber.com\/mavikadin\/wp-json\/wp\/v2\/media?parent=98960"}],"wp:term":[{"taxonomy":"category","embeddable":true,"href":"https:\/\/www.tgrthaber.com\/mavikadin\/wp-json\/wp\/v2\/categories?post=98960"},{"taxonomy":"post_tag","embeddable":true,"href":"https:\/\/www.tgrthaber.com\/mavikadin\/wp-json\/wp\/v2\/tags?post=98960"}],"curies":[{"name":"wp","href":"https:\/\/api.w.org\/{rel}","templated":true}]}}