{"id":99034,"date":"2024-11-28T16:04:12","date_gmt":"2024-11-28T13:04:12","guid":{"rendered":"https:\/\/www.tgrthaber.com\/mavikadin\/?p=99034"},"modified":"2024-11-28T16:56:48","modified_gmt":"2024-11-28T13:56:48","slug":"deha-dizisinin-imresi-melis-sezen-doha-collerinde","status":"publish","type":"post","link":"https:\/\/www.tgrthaber.com\/mavikadin\/deha-dizisinin-imresi-melis-sezen-doha-collerinde\/","title":{"rendered":"Deha dizisinin \u0130mre\u2019si Melis Sezen Doha \u00e7\u00f6llerinde!"},"content":{"rendered":"<p>\u201cDeha\u201d dizisinin \u201c\u0130mre\u201dsi Melis Sezen, kendini Doha \u00e7\u00f6llerine att\u0131. Show TV ekranlar\u0131nda izleyici kar\u015f\u0131s\u0131na \u00e7\u0131kan \u201cDeha\u201d dizisi yay\u0131mland\u0131\u011f\u0131 g\u00fcnden bu yana yo\u011fun bir ilgiyle takip ediliyor. Hem konusu hem de g\u00fc\u00e7l\u00fc oyuncu kadrosuyla dikkatleri \u00fczerine toplayan dizinin oyuncu kadrosunda Melis Sezen \u201c\u0130mre\u201d karakterini canland\u0131r\u0131yor. \u0130mre karakteriyle dikkatleri \u00fczerine \u00e7eken Sezen, bir derginin kapak y\u00fcz\u00fc oldu. Ba\u015far\u0131l\u0131 oyuncu Sezen, derginin \u00e7ekimleri i\u00e7in Doha \u00e7\u00f6llerine gitti.<\/p>\n<h3>MEL\u0130S SEZEN DOHA \u00c7\u00d6LLER\u0130NDE POZ VERD\u0130!<\/h3>\n<p>Ba\u015far\u0131l\u0131 oyunculu\u011fuyla ad\u0131ndan s\u00f6z ettiren Melis Sezen \u015fimdilerde Show TV ekranlar\u0131nda seyirci kar\u015f\u0131s\u0131na \u00e7\u0131kan \u201cDeha\u201d dizisinde \u201c\u0130mre\u201d karakterine can veriyor. \u0130mre karakteriyle ba\u015far\u0131l\u0131 oyunculu\u011funu konu\u015fturan Sezen, seyircilerin be\u011fenisini topluyor.<\/p>\n<p><img loading=\"lazy\" decoding=\"async\" class=\"alignnone wp-image-99035 size-large\" src=\"https:\/\/www.tgrthaber.com\/mavikadin\/wp-content\/uploads\/Adsiz-tasarim-32-4-1024x576.jpg\" alt=\"Melis Sezen Doha \u00e7\u00f6llerinde! \" width=\"1024\" height=\"576\" title=\"\" srcset=\"https:\/\/www.tgrthaber.com\/mavikadin\/wp-content\/uploads\/Adsiz-tasarim-32-4-1024x576.jpg 1024w, https:\/\/www.tgrthaber.com\/mavikadin\/wp-content\/uploads\/Adsiz-tasarim-32-4-300x169.jpg 300w, https:\/\/www.tgrthaber.com\/mavikadin\/wp-content\/uploads\/Adsiz-tasarim-32-4-768x432.jpg 768w, https:\/\/www.tgrthaber.com\/mavikadin\/wp-content\/uploads\/Adsiz-tasarim-32-4-1536x864.jpg 1536w, https:\/\/www.tgrthaber.com\/mavikadin\/wp-content\/uploads\/Adsiz-tasarim-32-4.jpg 1600w\" sizes=\"(max-width: 1024px) 100vw, 1024px\" \/><\/p>\n<p>Yapt\u0131\u011f\u0131 payla\u015f\u0131mlarla ve a\u00e7\u0131klamalar\u0131yla g\u00fcndemden d\u00fc\u015fmeyen ba\u015far\u0131l\u0131 oyuncu Melis Sezen, bir derginin kapak y\u00fcz\u00fc oldu. Kapak y\u00fcz\u00fc oldu\u011fu derginin \u00e7ekimleri i\u00e7in Katar\u2019\u0131n ba\u015fkenti Doha\u2019ya giden Sezen, \u00e7\u00f6llerde poz verdi.<\/p>\n<p><img loading=\"lazy\" decoding=\"async\" class=\"alignnone wp-image-99036 size-large\" src=\"https:\/\/www.tgrthaber.com\/mavikadin\/wp-content\/uploads\/Adsiz-tasarim-34-6-1024x576.jpg\" alt=\"Melis Sezen Doha \u00e7\u00f6llerinde! \" width=\"1024\" height=\"576\" title=\"\" srcset=\"https:\/\/www.tgrthaber.com\/mavikadin\/wp-content\/uploads\/Adsiz-tasarim-34-6-1024x576.jpg 1024w, https:\/\/www.tgrthaber.com\/mavikadin\/wp-content\/uploads\/Adsiz-tasarim-34-6-300x169.jpg 300w, https:\/\/www.tgrthaber.com\/mavikadin\/wp-content\/uploads\/Adsiz-tasarim-34-6-768x432.jpg 768w, https:\/\/www.tgrthaber.com\/mavikadin\/wp-content\/uploads\/Adsiz-tasarim-34-6-1536x864.jpg 1536w, https:\/\/www.tgrthaber.com\/mavikadin\/wp-content\/uploads\/Adsiz-tasarim-34-6.jpg 1600w\" sizes=\"(max-width: 1024px) 100vw, 1024px\" \/><\/p>\n<p>Cosmopolitan T\u00fcrkiye dergisinin \u00fc\u00e7\u00fcnc\u00fc say\u0131s\u0131na konuk olan ba\u015far\u0131l\u0131 oyuncu Melis Sezen, derginin \u00e7ekimleri i\u00e7in Katar\u2019\u0131n ba\u015fkenti Doha\u2019ya gitti. Derginin \u00e7ekimlerini Doha\u2019n\u0131n \u00e7\u00f6llerinde ger\u00e7ekle\u015ftiren Sezen\u2019in \u00e7\u00f6lde verdi\u011fi pozlar sosyal medyay\u0131 sallad\u0131.<\/p>\n<h3>MEL\u0130S SEZEN ANNES\u0130NE S\u00dcRPR\u0130Z YAPMI\u015eTI!<\/h3>\n<p>Ge\u00e7ti\u011fimiz g\u00fcnlerde bir al\u0131\u015fveri\u015f merkezinde g\u00f6r\u00fcnt\u00fclenen ba\u015far\u0131l\u0131 oyuncu Melis Sezen, gazetecilerin sorular\u0131n\u0131 yan\u0131tlam\u0131\u015ft\u0131. Bas\u0131n mensuplar\u0131n\u0131 geri \u00e7evirmeyen Sezen, k\u0131sa bir sohbet etmi\u015f ard\u0131ndan annesinin do\u011fum g\u00fcn\u00fc i\u00e7in al\u0131\u015fveri\u015f yapt\u0131\u011f\u0131n\u0131 belirtmi\u015fti.<\/p>\n<p><img loading=\"lazy\" decoding=\"async\" class=\"size-large wp-image-99040\" src=\"https:\/\/www.tgrthaber.com\/mavikadin\/wp-content\/uploads\/Adsiz-tasarim-38-3-1024x576.jpg\" alt=\"Melis Sezen Doha \u00e7\u00f6llerinde! \" width=\"640\" height=\"360\" title=\"\" srcset=\"https:\/\/www.tgrthaber.com\/mavikadin\/wp-content\/uploads\/Adsiz-tasarim-38-3-1024x576.jpg 1024w, https:\/\/www.tgrthaber.com\/mavikadin\/wp-content\/uploads\/Adsiz-tasarim-38-3-300x169.jpg 300w, https:\/\/www.tgrthaber.com\/mavikadin\/wp-content\/uploads\/Adsiz-tasarim-38-3-768x432.jpg 768w, https:\/\/www.tgrthaber.com\/mavikadin\/wp-content\/uploads\/Adsiz-tasarim-38-3-1536x864.jpg 1536w, https:\/\/www.tgrthaber.com\/mavikadin\/wp-content\/uploads\/Adsiz-tasarim-38-3.jpg 1600w\" sizes=\"(max-width: 640px) 100vw, 640px\" \/><\/p>\n<p>Apar topar otoparka do\u011fru ilerleyen Melis Sezen, \u201c\u00c7ok acelem var, annemin do\u011fum g\u00fcn\u00fc i\u00e7in ona k\u00fc\u00e7\u00fck bir hediye ald\u0131m. \u015eimdi acilen gitmem gerekiyor. Annelerimiz bizim her \u015feyimiz\u201d ifadelerini kullanm\u0131\u015ft\u0131.<\/p>\n<p>Melis Sezen, h\u0131zl\u0131ca al\u0131\u015fveri\u015f merkezinden uzakla\u015f\u0131rken hayranlar\u0131n\u0131n yo\u011fun ilgisiyle kar\u015f\u0131la\u015fm\u0131\u015ft\u0131. Hayranlar\u0131n\u0131 k\u0131rmayarak, onlarla k\u0131sa sohbet eden Sezen, apar topar al\u0131\u015fveri\u015f merkezinden ayr\u0131lm\u0131\u015ft\u0131.<\/p>\n","protected":false},"excerpt":{"rendered":"<p>Deha dizisinde \u201c\u0130mre\u201d karakteriyle seyirci kar\u015f\u0131s\u0131na \u00e7\u0131kan ba\u015far\u0131l\u0131 oyuncu Melis Sezen bir derginin \u00e7ekimleri i\u00e7in Doha \u00e7\u00f6llerinde poz verdi! <\/p>\n","protected":false},"author":26,"featured_media":99038,"comment_status":"closed","ping_status":"closed","sticky":false,"template":"","format":"standard","meta":{"rank_math_lock_modified_date":false,"footnotes":""},"categories":[76],"tags":[3008],"class_list":["post-99034","post","type-post","status-publish","format-standard","has-post-thumbnail","hentry","category-magazin","tag-melis-sezen"],"_links":{"self":[{"href":"https:\/\/www.tgrthaber.com\/mavikadin\/wp-json\/wp\/v2\/posts\/99034"}],"collection":[{"href":"https:\/\/www.tgrthaber.com\/mavikadin\/wp-json\/wp\/v2\/posts"}],"about":[{"href":"https:\/\/www.tgrthaber.com\/mavikadin\/wp-json\/wp\/v2\/types\/post"}],"author":[{"embeddable":true,"href":"https:\/\/www.tgrthaber.com\/mavikadin\/wp-json\/wp\/v2\/users\/26"}],"replies":[{"embeddable":true,"href":"https:\/\/www.tgrthaber.com\/mavikadin\/wp-json\/wp\/v2\/comments?post=99034"}],"version-history":[{"count":4,"href":"https:\/\/www.tgrthaber.com\/mavikadin\/wp-json\/wp\/v2\/posts\/99034\/revisions"}],"predecessor-version":[{"id":99057,"href":"https:\/\/www.tgrthaber.com\/mavikadin\/wp-json\/wp\/v2\/posts\/99034\/revisions\/99057"}],"wp:featuredmedia":[{"embeddable":true,"href":"https:\/\/www.tgrthaber.com\/mavikadin\/wp-json\/wp\/v2\/media\/99038"}],"wp:attachment":[{"href":"https:\/\/www.tgrthaber.com\/mavikadin\/wp-json\/wp\/v2\/media?parent=99034"}],"wp:term":[{"taxonomy":"category","embeddable":true,"href":"https:\/\/www.tgrthaber.com\/mavikadin\/wp-json\/wp\/v2\/categories?post=99034"},{"taxonomy":"post_tag","embeddable":true,"href":"https:\/\/www.tgrthaber.com\/mavikadin\/wp-json\/wp\/v2\/tags?post=99034"}],"curies":[{"name":"wp","href":"https:\/\/api.w.org\/{rel}","templated":true}]}}