{"id":99048,"date":"2024-11-28T16:20:46","date_gmt":"2024-11-28T13:20:46","guid":{"rendered":"https:\/\/www.tgrthaber.com\/mavikadin\/?p=99048"},"modified":"2024-11-28T16:52:23","modified_gmt":"2024-11-28T13:52:23","slug":"wanda-nara-dikkat-cekmek-icin-her-seyi-yapiyor-son-paylasimi-pes-dedirtti","status":"publish","type":"post","link":"https:\/\/www.tgrthaber.com\/mavikadin\/wanda-nara-dikkat-cekmek-icin-her-seyi-yapiyor-son-paylasimi-pes-dedirtti\/","title":{"rendered":"Wanda Nara dikkat \u00e7ekmek i\u00e7in her \u015feyi yap\u0131yor! Son payla\u015f\u0131m\u0131 pes dedirtti"},"content":{"rendered":"<p>Galatasaray&#8217;\u0131n y\u0131ld\u0131z futbolcusu Mauro Icardi ile resmi olarak bo\u015fanma a\u015famas\u0131nda olan Wanda Nara dikkat \u00e7ekmek i\u00e7in her \u015feyi yap\u0131yor.<\/p>\n<p>Wanda Nara att\u0131\u011f\u0131 her ad\u0131mla ad\u0131ndan s\u00f6z ettirmeyi ba\u015far\u0131yor. S\u00fcrpriz bir kararla imaj de\u011fi\u015fikli\u011fine giden 37 ya\u015f\u0131ndaki Nara sa\u00e7lar\u0131n\u0131 sar\u0131ya boyatt\u0131.<\/p>\n<h3>WANDA NARA D\u0130KKAT \u00c7EKMEK \u0130\u00c7\u0130N HER \u015eEY\u0130 YAPIYOR!<\/h3>\n<p>Wanda Nara&#8217;n\u0131n yeni imaj\u0131n\u0131 payla\u015ft\u0131\u011f\u0131 foto\u011fraf\u0131na sevgilisi L-Gante yorum yapmay\u0131 ihmal etmedi. L-Gante sevgilisinin yeni payla\u015f\u0131m\u0131na kalp emojisi koydu.<\/p>\n<p>Mauro Icardi&#8217;den ayr\u0131larak kendisinden 13 ya\u015f k\u00fc\u00e7\u00fck rap\u00e7i L-Gante ile ili\u015fki ya\u015famaya ba\u015flayan Wanda Nara bu hamlesiyle magazin g\u00fcndemine bomba gibi d\u00fc\u015fm\u00fc\u015ft\u00fc.<\/p>\n<p><img loading=\"lazy\" decoding=\"async\" class=\"alignnone size-full wp-image-99050\" src=\"https:\/\/www.tgrthaber.com\/mavikadin\/wp-content\/uploads\/d55121dc0039418ebcda388fa10061c3.jpg\" alt=\"\" width=\"660\" height=\"438\" title=\"\" srcset=\"https:\/\/www.tgrthaber.com\/mavikadin\/wp-content\/uploads\/d55121dc0039418ebcda388fa10061c3.jpg 660w, https:\/\/www.tgrthaber.com\/mavikadin\/wp-content\/uploads\/d55121dc0039418ebcda388fa10061c3-300x199.jpg 300w\" sizes=\"(max-width: 660px) 100vw, 660px\" \/><\/p>\n<h3>MAKYAJSIZ HAL\u0130 \u015eOKE ETM\u0130\u015eT\u0130<\/h3>\n<p>Galatasaray&#8217;\u0131n y\u0131ld\u0131z golc\u00fcs\u00fc Mauro Icardi ile Wanda Nara aras\u0131nda sular durulmuyor. Icardi&#8217;nin evinde makyajs\u0131z olarak g\u00f6r\u00fcnt\u00fclenen Wanda Nara&#8217;n\u0131n hali g\u00f6renleri \u015foke etmi\u015fti.<\/p>\n<p>Sosyal medyada gelen ele\u015ftiriler sonras\u0131nda Nara, Instagram&#8217;daki son payla\u015f\u0131m\u0131nda photoshop yapmad\u0131\u011f\u0131n\u0131 g\u00f6steren bir video ve foto\u011fraf payla\u015fm\u0131\u015ft\u0131.<\/p>\n<p><img loading=\"lazy\" decoding=\"async\" class=\"alignnone size-large wp-image-99054\" src=\"https:\/\/www.tgrthaber.com\/mavikadin\/wp-content\/uploads\/WANDA-1024x576.jpg\" alt=\"\" width=\"640\" height=\"360\" title=\"\" srcset=\"https:\/\/www.tgrthaber.com\/mavikadin\/wp-content\/uploads\/WANDA-1024x576.jpg 1024w, https:\/\/www.tgrthaber.com\/mavikadin\/wp-content\/uploads\/WANDA-300x169.jpg 300w, https:\/\/www.tgrthaber.com\/mavikadin\/wp-content\/uploads\/WANDA-768x432.jpg 768w, https:\/\/www.tgrthaber.com\/mavikadin\/wp-content\/uploads\/WANDA-1536x864.jpg 1536w, https:\/\/www.tgrthaber.com\/mavikadin\/wp-content\/uploads\/WANDA.jpg 1600w\" sizes=\"(max-width: 640px) 100vw, 640px\" \/><\/p>\n<h3>F\u0130LTRES\u0130Z VE MAKYAJSIZ WANDA NARA<\/h3>\n<p>Att\u0131\u011f\u0131 her ad\u0131m olay olan Wanda Nara makyajs\u0131z ve filtresiz haliyle g\u00fcnlerce konu\u015fulmu\u015ftu.<br \/>\nSosyal medya kullan\u0131c\u0131lar\u0131 Nara&#8217;n\u0131n bu halini g\u00f6r\u00fcnce kullan\u0131c\u0131lar\u0131 &#8216;Wanda Nara&#8217;ya ne olmu\u015f&#8221; yorumlar\u0131n\u0131 yapm\u0131\u015ft\u0131.<\/p>\n<h3>38.5 M\u0130LYON EURO NAFAKA \u0130STED\u0130<\/h3>\n<p>Galatasaray&#8217;\u0131n Arjantinli y\u0131ld\u0131z\u0131 Mauro Icardi ile bo\u015fanma s\u00fcrecindeki Wanda Nara&#8217;n\u0131n 38.5 milyon euroyu nafaka olarak istemesi g\u00fcnlerce konu\u015fuldu.<\/p>\n<p><img loading=\"lazy\" decoding=\"async\" class=\"alignnone size-large wp-image-99055\" src=\"https:\/\/www.tgrthaber.com\/mavikadin\/wp-content\/uploads\/WANDA-NARA-1024x576.jpg\" alt=\"\" width=\"640\" height=\"360\" title=\"\" srcset=\"https:\/\/www.tgrthaber.com\/mavikadin\/wp-content\/uploads\/WANDA-NARA-1024x576.jpg 1024w, https:\/\/www.tgrthaber.com\/mavikadin\/wp-content\/uploads\/WANDA-NARA-300x169.jpg 300w, https:\/\/www.tgrthaber.com\/mavikadin\/wp-content\/uploads\/WANDA-NARA-768x432.jpg 768w, https:\/\/www.tgrthaber.com\/mavikadin\/wp-content\/uploads\/WANDA-NARA-1536x864.jpg 1536w, https:\/\/www.tgrthaber.com\/mavikadin\/wp-content\/uploads\/WANDA-NARA.jpg 1600w\" sizes=\"(max-width: 640px) 100vw, 640px\" \/><\/p>\n<h3>L-GANTE YORUM YAPMADAN GE\u00c7MED\u0130<\/h3>\n<p>L-Gante sevgilisi Wanda Nara&#8217;n\u0131n yeni imaj\u0131n\u0131 payla\u015ft\u0131\u011f\u0131 foto\u011fraflara k\u0131rm\u0131z\u0131 kalp emojisi koydu. Nara&#8217;n\u0131n yeni imaj\u0131na k\u0131sa s\u00fcrede yorum ve be\u011feni geldi.<\/p>\n","protected":false},"excerpt":{"rendered":"<p>Wanda Nara dikkat \u00e7ekmek i\u00e7in her \u015feyi yap\u0131yor. Galatasaray&#8217;\u0131n y\u0131ld\u0131z futbolcusu Mauro Icardi ile bo\u015fanma a\u015famas\u0131nda Wanda Nara son payla\u015f\u0131m\u0131yla dikkatleri yeniden \u00fczerine \u00e7ekti.<\/p>\n","protected":false},"author":5,"featured_media":99049,"comment_status":"closed","ping_status":"closed","sticky":false,"template":"","format":"standard","meta":{"rank_math_lock_modified_date":false,"footnotes":""},"categories":[76],"tags":[2279,2241,2222],"class_list":["post-99048","post","type-post","status-publish","format-standard","has-post-thumbnail","hentry","category-magazin","tag-l-gante","tag-mauro-icardi","tag-wanda-nara"],"_links":{"self":[{"href":"https:\/\/www.tgrthaber.com\/mavikadin\/wp-json\/wp\/v2\/posts\/99048"}],"collection":[{"href":"https:\/\/www.tgrthaber.com\/mavikadin\/wp-json\/wp\/v2\/posts"}],"about":[{"href":"https:\/\/www.tgrthaber.com\/mavikadin\/wp-json\/wp\/v2\/types\/post"}],"author":[{"embeddable":true,"href":"https:\/\/www.tgrthaber.com\/mavikadin\/wp-json\/wp\/v2\/users\/5"}],"replies":[{"embeddable":true,"href":"https:\/\/www.tgrthaber.com\/mavikadin\/wp-json\/wp\/v2\/comments?post=99048"}],"version-history":[{"count":2,"href":"https:\/\/www.tgrthaber.com\/mavikadin\/wp-json\/wp\/v2\/posts\/99048\/revisions"}],"predecessor-version":[{"id":99056,"href":"https:\/\/www.tgrthaber.com\/mavikadin\/wp-json\/wp\/v2\/posts\/99048\/revisions\/99056"}],"wp:featuredmedia":[{"embeddable":true,"href":"https:\/\/www.tgrthaber.com\/mavikadin\/wp-json\/wp\/v2\/media\/99049"}],"wp:attachment":[{"href":"https:\/\/www.tgrthaber.com\/mavikadin\/wp-json\/wp\/v2\/media?parent=99048"}],"wp:term":[{"taxonomy":"category","embeddable":true,"href":"https:\/\/www.tgrthaber.com\/mavikadin\/wp-json\/wp\/v2\/categories?post=99048"},{"taxonomy":"post_tag","embeddable":true,"href":"https:\/\/www.tgrthaber.com\/mavikadin\/wp-json\/wp\/v2\/tags?post=99048"}],"curies":[{"name":"wp","href":"https:\/\/api.w.org\/{rel}","templated":true}]}}