{"id":99265,"date":"2024-11-29T10:47:49","date_gmt":"2024-11-29T07:47:49","guid":{"rendered":"https:\/\/www.tgrthaber.com\/mavikadin\/?p=99265"},"modified":"2024-11-29T11:05:03","modified_gmt":"2024-11-29T08:05:03","slug":"portakal-receli-nasil-yapilir-oktay-ustadan-tam-kivaminda-aci-olmayan-tarif","status":"publish","type":"post","link":"https:\/\/www.tgrthaber.com\/mavikadin\/portakal-receli-nasil-yapilir-oktay-ustadan-tam-kivaminda-aci-olmayan-tarif\/","title":{"rendered":"Portakal re\u00e7eli nas\u0131l yap\u0131l\u0131r? Oktay Usta\u2019dan tam k\u0131vam\u0131nda, ac\u0131 olmayan tarif"},"content":{"rendered":"<p>Portakal re\u00e7eli k\u0131\u015f aylar\u0131nda, so\u011fuk havalarda kahvalt\u0131lar\u0131 s\u00fcsleyen muhte\u015fem bir lezzettir.<\/p>\n<p>Portakal kabu\u011fu ve portakal\u0131n dilimlenmesi ile yap\u0131lan portakal re\u00e7eli mayho\u015f tad\u0131yla adeta ba\u011f\u0131ml\u0131l\u0131k yap\u0131yor.<\/p>\n<p>Portakal re\u00e7eli, portakal ile haz\u0131rlad\u0131\u011f\u0131ndan \u00e7ok da sa\u011fl\u0131kl\u0131. Chemistry Central Journal\u2019da 2015 Aral\u0131k ay\u0131ndaki \u201cNarenciye meyveleri, insan sa\u011fl\u0131\u011f\u0131na potansiyel olarak faydalar sa\u011flayabilen aktif do\u011fal metabolitlerin hazinesidir\u201d adl\u0131 \u00e7al\u0131\u015fmaya g\u00f6re portakal gibi turun\u00e7giller yemek iltihapl\u0131 hastal\u0131klar\u0131, baz\u0131 kanser t\u00fcrlerine yakalanmay\u0131 ve romatoid artrit riskini azaltmaya yard\u0131mc\u0131 oluyor.<\/p>\n<p>Portakal re\u00e7elini haz\u0131r sat\u0131n alabilir yahut evde kendiniz yapabilirsiniz.<\/p>\n<p>Oktay Usta @chefoktayusta instagram hesab\u0131ndan verdi\u011fi portakal re\u00e7elinin haz\u0131rlan\u0131\u015f\u0131 \u015f\u00f6yle:<\/p>\n<h3>PORTAKAL RE\u00c7EL\u0130 NASIL YAPILIR?<\/h3>\n<p><strong>Malzemeler<\/strong><\/p>\n<ul>\n<li>4 adet portakal ( ortalama 1 kilo 300 gram geliyor)<\/li>\n<li>1 limon<\/li>\n<li>1 kilo toz \u015feker<\/li>\n<\/ul>\n<p><img loading=\"lazy\" decoding=\"async\" class=\"wp-image-99267 size-large\" src=\"https:\/\/www.tgrthaber.com\/mavikadin\/wp-content\/uploads\/portakal-ve-portakal-kabugu-receli-3-1024x576.jpg\" alt=\"portakal ve portakal kabu\u011fu re\u00e7eli\" width=\"1024\" height=\"576\" title=\"\" srcset=\"https:\/\/www.tgrthaber.com\/mavikadin\/wp-content\/uploads\/portakal-ve-portakal-kabugu-receli-3-1024x576.jpg 1024w, https:\/\/www.tgrthaber.com\/mavikadin\/wp-content\/uploads\/portakal-ve-portakal-kabugu-receli-3-300x169.jpg 300w, https:\/\/www.tgrthaber.com\/mavikadin\/wp-content\/uploads\/portakal-ve-portakal-kabugu-receli-3-768x432.jpg 768w, https:\/\/www.tgrthaber.com\/mavikadin\/wp-content\/uploads\/portakal-ve-portakal-kabugu-receli-3-1536x864.jpg 1536w, https:\/\/www.tgrthaber.com\/mavikadin\/wp-content\/uploads\/portakal-ve-portakal-kabugu-receli-3.jpg 1920w\" sizes=\"(max-width: 1024px) 100vw, 1024px\" \/><\/p>\n<p><strong>1.ADIM<\/strong><\/p>\n<p>Portakallar\u0131 bol suda y\u0131kay\u0131n. Kabuklar\u0131n\u0131 soyup portakal kabuklar\u0131n\u0131 minik minik ve k\u00fcp k\u00fcp do\u011fray\u0131n.<\/p>\n<p><strong>2.ADIM<\/strong><\/p>\n<p>\u015eimdi portakallar\u0131 do\u011framaya ge\u00e7elim. 4 adet portakal\u0131n \u00fczerindeki beyaz lifleri temizleyin, dilimlere ay\u0131r\u0131n. Portakallar\u0131 da minik minik ve k\u00fcp k\u00fcp do\u011fray\u0131n.<\/p>\n<p><strong>3.ADIM<\/strong><\/p>\n<p>Tencereye su koyun, i\u00e7erisine do\u011frad\u0131\u011f\u0131n\u0131z portakal kabuklar\u0131n\u0131 at\u0131p kaynar suda ha\u015flay\u0131n ve ac\u0131s\u0131n\u0131 \u00e7\u0131kar\u0131n.<\/p>\n<p>Portakal kabuklar\u0131 suyun i\u00e7erisinde kaynamaya ba\u015flad\u0131ktan sonra 10 dakika daha pi\u015firin.<\/p>\n<p>Ocaktan al\u0131p suyunu s\u00fcz\u00fcn.<\/p>\n<p>Yine tencereye koyup suyla ha\u015flamaya b\u0131rak\u0131n. \u00a0Ac\u0131s\u0131 tamamen \u00e7\u0131kt\u0131ktan sonra re\u00e7ele yap\u0131m\u0131na ba\u015flay\u0131n.<\/p>\n<p><img loading=\"lazy\" decoding=\"async\" class=\"wp-image-99269 size-large\" src=\"https:\/\/www.tgrthaber.com\/mavikadin\/wp-content\/uploads\/portakal-ve-portakal-kabugu-receli-5-1024x576.jpg\" alt=\"portakal ve portakal kabu\u011fu re\u00e7eli\" width=\"1024\" height=\"576\" title=\"\" srcset=\"https:\/\/www.tgrthaber.com\/mavikadin\/wp-content\/uploads\/portakal-ve-portakal-kabugu-receli-5-1024x576.jpg 1024w, https:\/\/www.tgrthaber.com\/mavikadin\/wp-content\/uploads\/portakal-ve-portakal-kabugu-receli-5-300x169.jpg 300w, https:\/\/www.tgrthaber.com\/mavikadin\/wp-content\/uploads\/portakal-ve-portakal-kabugu-receli-5-768x432.jpg 768w, https:\/\/www.tgrthaber.com\/mavikadin\/wp-content\/uploads\/portakal-ve-portakal-kabugu-receli-5-1536x864.jpg 1536w, https:\/\/www.tgrthaber.com\/mavikadin\/wp-content\/uploads\/portakal-ve-portakal-kabugu-receli-5.jpg 1920w\" sizes=\"(max-width: 1024px) 100vw, 1024px\" \/><\/p>\n<p><strong>4.ADIM<\/strong><\/p>\n<p>Tencereye do\u011frad\u0131\u011f\u0131n\u0131z portakal kabuklar\u0131n\u0131 ve portakallar\u0131 al\u0131p \u00fczerine 1 kilo toz \u015feker d\u00f6k\u00fcn.<\/p>\n<p>Kaynamaya ba\u015flad\u0131ktan sonra ara ara kar\u0131\u015ft\u0131r\u0131n.<\/p>\n<p>35 dakika ge\u00e7tikten sonra 1 limon s\u0131k\u0131p i\u00e7erisine ekleyin.<\/p>\n<p>Yakla\u015f\u0131k 45 dakika boyunca k\u0131s\u0131k ate\u015fte pi\u015firin.<\/p>\n<p>Not: Re\u00e7el yapmaya ba\u015flamadan \u00f6nce re\u00e7elin k\u0131vam\u0131n\u0131 kontrol etmek i\u00e7in bir \u00e7ay taba\u011f\u0131n\u0131 buzdolab\u0131na al\u0131n bekletin, re\u00e7elin k\u0131vam\u0131n\u0131 anlamak i\u00e7in s\u0131cak re\u00e7eli so\u011fuk \u00e7ay taba\u011f\u0131na bir ka\u015f\u0131k al\u0131n k\u0131vam\u0131 hafif yo\u011funla\u015f\u0131yorsa re\u00e7eliniz haz\u0131rd\u0131r.<\/p>\n<p><img loading=\"lazy\" decoding=\"async\" class=\"wp-image-99270 size-large\" src=\"https:\/\/www.tgrthaber.com\/mavikadin\/wp-content\/uploads\/portakal-ve-portakal-kabugu-receli-2-1024x576.jpg\" alt=\"portakal ve portakal kabu\u011fu re\u00e7eli\" width=\"1024\" height=\"576\" title=\"\" srcset=\"https:\/\/www.tgrthaber.com\/mavikadin\/wp-content\/uploads\/portakal-ve-portakal-kabugu-receli-2-1024x576.jpg 1024w, https:\/\/www.tgrthaber.com\/mavikadin\/wp-content\/uploads\/portakal-ve-portakal-kabugu-receli-2-300x169.jpg 300w, https:\/\/www.tgrthaber.com\/mavikadin\/wp-content\/uploads\/portakal-ve-portakal-kabugu-receli-2-768x432.jpg 768w, https:\/\/www.tgrthaber.com\/mavikadin\/wp-content\/uploads\/portakal-ve-portakal-kabugu-receli-2-1536x864.jpg 1536w, https:\/\/www.tgrthaber.com\/mavikadin\/wp-content\/uploads\/portakal-ve-portakal-kabugu-receli-2.jpg 1920w\" sizes=\"(max-width: 1024px) 100vw, 1024px\" \/><\/p>\n<h3>PORTAKAL RE\u00c7EL\u0130N\u0130N ACI OLMAMASI \u0130\u00c7\u0130N NE YAPMALI?<\/h3>\n<p>Portakal yaparken re\u00e7elin ac\u0131 olmamas\u0131 i\u00e7in portakal kabuklar\u0131n\u0131 suda kaynat\u0131n, ilk suyu d\u00f6k\u00fcn. Daha sonra tencereye su koyup kabuklar\u0131 tekrar kaynat\u0131n.<\/p>\n<h3>2 K\u0130LO PORTAKALA NE KADAR \u015eEKER KONUR?<\/h3>\n<p>2 kilo portakal\u0131 damak zevkine g\u00f6re 1,5 veya 2 kilo \u015feker ile yapabilirsiniz.<\/p>\n<p><img loading=\"lazy\" decoding=\"async\" class=\"wp-image-99272 size-large\" src=\"https:\/\/www.tgrthaber.com\/mavikadin\/wp-content\/uploads\/portakal-ve-portakal-kabugu-receli-4-1024x576.jpg\" alt=\"portakal ve portakal kabu\u011fu re\u00e7eli\" width=\"1024\" height=\"576\" title=\"\" srcset=\"https:\/\/www.tgrthaber.com\/mavikadin\/wp-content\/uploads\/portakal-ve-portakal-kabugu-receli-4-1024x576.jpg 1024w, https:\/\/www.tgrthaber.com\/mavikadin\/wp-content\/uploads\/portakal-ve-portakal-kabugu-receli-4-300x169.jpg 300w, https:\/\/www.tgrthaber.com\/mavikadin\/wp-content\/uploads\/portakal-ve-portakal-kabugu-receli-4-768x432.jpg 768w, https:\/\/www.tgrthaber.com\/mavikadin\/wp-content\/uploads\/portakal-ve-portakal-kabugu-receli-4-1536x864.jpg 1536w, https:\/\/www.tgrthaber.com\/mavikadin\/wp-content\/uploads\/portakal-ve-portakal-kabugu-receli-4.jpg 1920w\" sizes=\"(max-width: 1024px) 100vw, 1024px\" \/><\/p>\n<h3>PORTAKAL RE\u00c7EL\u0130 HANG\u0130 PORTAKALDAN YAPILIR?<\/h3>\n<p>Portakal re\u00e7elinin Yafa cinsi portakaldan yap\u0131lmas\u0131 \u00f6nerilir.<\/p>\n","protected":false},"excerpt":{"rendered":"<p>Portakal, C vitamini deposu \u015fifal\u0131 bir meyve. Portakal\u0131 meyve olarak yiyebilir, yahut tatl\u0131lar\u0131n\u0131za, hamur i\u015flerinize portakal ve portakal suyunu katabilirsiniz. Portakal ve portakal kabu\u011fu ile re\u00e7el de yap\u0131labiliyor. Oktay Usta sosyal medya hesab\u0131nda portakal re\u00e7eli tarifi verdi, re\u00e7elin haz\u0131rlan\u0131\u015f\u0131 \u015f\u00f6yle:<\/p>\n","protected":false},"author":30,"featured_media":99266,"comment_status":"closed","ping_status":"closed","sticky":false,"template":"","format":"standard","meta":{"rank_math_lock_modified_date":false,"footnotes":""},"categories":[191],"tags":[3038],"class_list":["post-99265","post","type-post","status-publish","format-standard","has-post-thumbnail","hentry","category-yemek-tarifleri","tag-recel-tarifi"],"_links":{"self":[{"href":"https:\/\/www.tgrthaber.com\/mavikadin\/wp-json\/wp\/v2\/posts\/99265"}],"collection":[{"href":"https:\/\/www.tgrthaber.com\/mavikadin\/wp-json\/wp\/v2\/posts"}],"about":[{"href":"https:\/\/www.tgrthaber.com\/mavikadin\/wp-json\/wp\/v2\/types\/post"}],"author":[{"embeddable":true,"href":"https:\/\/www.tgrthaber.com\/mavikadin\/wp-json\/wp\/v2\/users\/30"}],"replies":[{"embeddable":true,"href":"https:\/\/www.tgrthaber.com\/mavikadin\/wp-json\/wp\/v2\/comments?post=99265"}],"version-history":[{"count":3,"href":"https:\/\/www.tgrthaber.com\/mavikadin\/wp-json\/wp\/v2\/posts\/99265\/revisions"}],"predecessor-version":[{"id":99286,"href":"https:\/\/www.tgrthaber.com\/mavikadin\/wp-json\/wp\/v2\/posts\/99265\/revisions\/99286"}],"wp:featuredmedia":[{"embeddable":true,"href":"https:\/\/www.tgrthaber.com\/mavikadin\/wp-json\/wp\/v2\/media\/99266"}],"wp:attachment":[{"href":"https:\/\/www.tgrthaber.com\/mavikadin\/wp-json\/wp\/v2\/media?parent=99265"}],"wp:term":[{"taxonomy":"category","embeddable":true,"href":"https:\/\/www.tgrthaber.com\/mavikadin\/wp-json\/wp\/v2\/categories?post=99265"},{"taxonomy":"post_tag","embeddable":true,"href":"https:\/\/www.tgrthaber.com\/mavikadin\/wp-json\/wp\/v2\/tags?post=99265"}],"curies":[{"name":"wp","href":"https:\/\/api.w.org\/{rel}","templated":true}]}}