{"id":99548,"date":"2024-11-29T20:54:25","date_gmt":"2024-11-29T17:54:25","guid":{"rendered":"https:\/\/www.tgrthaber.com\/mavikadin\/?p=99548"},"modified":"2024-11-29T20:55:53","modified_gmt":"2024-11-29T17:55:53","slug":"somer-sivrioglundan-cevizli-tahinli-kurabiye-tarifi-lezzeti-damak-catlatiyor","status":"publish","type":"post","link":"https:\/\/www.tgrthaber.com\/mavikadin\/somer-sivrioglundan-cevizli-tahinli-kurabiye-tarifi-lezzeti-damak-catlatiyor\/","title":{"rendered":"Somer Sivrio\u011flu&#8217;ndan cevizli tahinli kurabiye tarifi! Lezzeti damak \u00e7atlat\u0131yor"},"content":{"rendered":"<p>TV8 ekranlar\u0131ndaki pop\u00fcler yemek yar\u0131\u015fmas\u0131nda j\u00fcri \u00fcyeli\u011fi yapan Somer Sivrio\u011flu\u2019ndan haftasonuna yak\u0131\u015facak \u015fahane bir lezzet \u00f6nerisi ile kar\u015f\u0131n\u0131zday\u0131z. D\u0131\u015f k\u0131sm\u0131 hafif \u00e7\u0131t\u0131r, i\u00e7 k\u0131sm\u0131 ise yumu\u015fac\u0131k olan bu kurabiye, \u00e7ay saatinizin ba\u015f tac\u0131 olmaya aday! Hem tatl\u0131 hem de tuzlu bir lezzet arayanlar i\u00e7in harika bir se\u00e7enek olan cevizli tahinli kurabiye, misafirlerinize de ikram edebilece\u011finiz pratik ve lezzetli bir tarif sunuyor. Bir kez deneyenin s\u00fcrekli yapmak isteyece\u011fi cevizli tahinli kurabiye tarifinin nas\u0131l yap\u0131ld\u0131\u011f\u0131n\u0131 merak ediyorsan\u0131z i\u00e7eri\u011fimize bir g\u00f6z atabilirsiniz. \u0130\u015fte cevizli tahinli kurabiye yap\u0131l\u0131\u015f\u0131\u2026<\/p>\n<h3>SOMER S\u0130VR\u0130O\u011eLU\u2019NDAN CEV\u0130ZL\u0130 TAH\u0130NL\u0130 KURAB\u0130YE TAR\u0130F\u0130<\/h3>\n<p>Ekranlar\u0131n sevilen j\u00fcri \u00fcyesi Somer Sivrio\u011flu haftasonlar\u0131n\u0131z\u0131 \u015fenlendirecek \u015fahane bir tarif verdi. Cevizli tahinli kurabiye tarifi ile sevdiklerinizi mest edeceksiniz. Kokusu t\u00fcm eve yay\u0131lan ve tad\u0131yla damaklara \u015f\u00f6len ya\u015fatan bu \u015fahane tarifin yap\u0131l\u0131\u015f\u0131na gelin hep birlikte bakal\u0131m.<\/p>\n<p><img loading=\"lazy\" decoding=\"async\" class=\"alignnone wp-image-99549 size-large\" src=\"https:\/\/www.tgrthaber.com\/mavikadin\/wp-content\/uploads\/Ekran-Resmi-2024-11-29-20.48.10-1024x651.png\" alt=\"cevizli tahinli kurabiye\" width=\"1024\" height=\"651\" title=\"\" srcset=\"https:\/\/www.tgrthaber.com\/mavikadin\/wp-content\/uploads\/Ekran-Resmi-2024-11-29-20.48.10-1024x651.png 1024w, https:\/\/www.tgrthaber.com\/mavikadin\/wp-content\/uploads\/Ekran-Resmi-2024-11-29-20.48.10-300x191.png 300w, https:\/\/www.tgrthaber.com\/mavikadin\/wp-content\/uploads\/Ekran-Resmi-2024-11-29-20.48.10-768x488.png 768w, https:\/\/www.tgrthaber.com\/mavikadin\/wp-content\/uploads\/Ekran-Resmi-2024-11-29-20.48.10-1536x977.png 1536w, https:\/\/www.tgrthaber.com\/mavikadin\/wp-content\/uploads\/Ekran-Resmi-2024-11-29-20.48.10.png 1698w\" sizes=\"(max-width: 1024px) 100vw, 1024px\" \/><\/p>\n<p><strong>Malzemeler:<\/strong><\/p>\n<p>1 su barda\u011f\u0131 tahin<br \/>\n1 su barda\u011f\u0131 pudra \u015fekeri<br \/>\n1 su barda\u011f\u0131 ceviz i\u00e7i (iri d\u00f6v\u00fclm\u00fc\u015f)<br \/>\n1 \u00e7ay barda\u011f\u0131 s\u0131v\u0131 ya\u011f<br \/>\n1 paket vanilin<br \/>\n1 paket kabartma tozu<br \/>\n2 su barda\u011f\u0131 un<br \/>\nYar\u0131m \u00e7ay barda\u011f\u0131 s\u00fct (iste\u011fe ba\u011fl\u0131)<br \/>\nYumurta sar\u0131s\u0131 (\u00fczeri i\u00e7in)<\/p>\n<p><strong>Haz\u0131rlan\u0131\u015f\u0131:<\/strong><\/p>\n<p><strong>Hamuru. haz\u0131rlama:<\/strong>\u00a0\u0130lk olarak derin bir kar\u0131\u015ft\u0131rma kab\u0131na tahin ve pudra \u015fekerini ekleyin. Kar\u0131\u015ft\u0131rarak homojen bir k\u0131vam elde edin. Ard\u0131ndan s\u0131v\u0131 ya\u011f\u0131 ve vanilini ekleyin ve kar\u0131\u015ft\u0131rmaya devam edin.<\/p>\n<p><strong>Ceviz ve kuru malzemeleri ekleyin:<\/strong>\u00a0D\u00f6v\u00fclm\u00fc\u015f cevizleri, kabartma tozunu ve unu s\u0131ras\u0131yla ekleyin. \u0130yice kar\u0131\u015ft\u0131rarak yo\u011furmaya ba\u015flay\u0131n. Hamur olduk\u00e7a yumu\u015fak olacakt\u0131r, bu y\u00fczden gerekirse yar\u0131m \u00e7ay barda\u011f\u0131 s\u00fct ekleyerek k\u0131vam\u0131n\u0131 ayarlayabilirsiniz.<\/p>\n<p><img loading=\"lazy\" decoding=\"async\" class=\"alignnone wp-image-99550 size-large\" src=\"https:\/\/www.tgrthaber.com\/mavikadin\/wp-content\/uploads\/Ekran-Resmi-2024-11-29-20.48.02-1024x982.png\" alt=\"cevizli tahinli kurabiye \" width=\"1024\" height=\"982\" title=\"\" srcset=\"https:\/\/www.tgrthaber.com\/mavikadin\/wp-content\/uploads\/Ekran-Resmi-2024-11-29-20.48.02-1024x982.png 1024w, https:\/\/www.tgrthaber.com\/mavikadin\/wp-content\/uploads\/Ekran-Resmi-2024-11-29-20.48.02-300x288.png 300w, https:\/\/www.tgrthaber.com\/mavikadin\/wp-content\/uploads\/Ekran-Resmi-2024-11-29-20.48.02-768x737.png 768w, https:\/\/www.tgrthaber.com\/mavikadin\/wp-content\/uploads\/Ekran-Resmi-2024-11-29-20.48.02.png 1480w\" sizes=\"(max-width: 1024px) 100vw, 1024px\" \/><\/p>\n<p><strong>Kurabiye \u015fekli verme<\/strong>:\u00a0Hamurdan ceviz b\u00fcy\u00fckl\u00fc\u011f\u00fcnde par\u00e7alar kopar\u0131p avu\u00e7 i\u00e7inde yuvarlay\u0131n. Elinizle hafif\u00e7e d\u00fczle\u015ftirip ya\u011fl\u0131 ka\u011f\u0131t serili f\u0131r\u0131n tepsisine dizin. \u00dczerine yumurta sar\u0131s\u0131 s\u00fcrerek parlak bir g\u00f6r\u00fcn\u00fcm elde edin.<\/p>\n<p><strong>Pi\u015firme<\/strong>:\u00a0\u00d6nceden \u0131s\u0131t\u0131lm\u0131\u015f 180\u00b0C f\u0131r\u0131nda yakla\u015f\u0131k 15-20 dakika kadar pi\u015firin. Kurabiyelerin \u00fczeri hafif\u00e7e alt\u0131n rengi olana kadar pi\u015fmeye devam etsin. F\u0131r\u0131ndan \u00e7\u0131kard\u0131ktan sonra kurabiyeler biraz so\u011fuduktan sonra servis yapabilirsiniz.<\/p>\n<h3>TAH\u0130NL\u0130 KURAB\u0130YE NEDEN YAYILIR?<\/h3>\n<p class=\"p1\">Kurabiyelerin pi\u015ferken yay\u0131l\u0131p da\u011f\u0131lmas\u0131, genellikle hamurda kullan\u0131lan malzemelerin dengesizli\u011finden kaynaklan\u0131r. \u00d6zellikle s\u0131v\u0131 ya\u011f veya eritilmi\u015f tereya\u011f\u0131 gibi malzemelerle yap\u0131lan hamurlarda, un oran\u0131 genellikle daha az tutulur. Bu durum, hamurun tam istedi\u011finiz k\u0131vam\u0131 tutturamamas\u0131na yol a\u00e7ar ve kurabiyeler pi\u015ferken yay\u0131labilir. Hamurun yay\u0131lmas\u0131n\u0131 engellemek i\u00e7in, un miktar\u0131n\u0131 bir miktar art\u0131rarak hamurun k\u0131vam\u0131n\u0131 dengeleyebilirsiniz. Ayr\u0131ca, hamuru buzdolab\u0131nda bir s\u00fcre dinlendirerek ya\u011f\u0131n kat\u0131la\u015fmas\u0131n\u0131 sa\u011flayabilir, b\u00f6ylece kurabiyelerinizin pi\u015ferken yay\u0131lmas\u0131n\u0131 \u00f6nleyebilirsiniz.<\/p>\n","protected":false},"excerpt":{"rendered":"<p>TV8\u2019in sevilen yemek yar\u0131\u015fmas\u0131nda j\u00fcri \u00fcyeli\u011fi yapan Somer Sivrio\u011flu, haftasonu i\u00e7in m\u00fckemmel bir tarif \u00f6neriyor: Cevizli tahinli kurabiye! D\u0131\u015f\u0131 \u00e7\u0131t\u0131r, i\u00e7i ise yumu\u015fac\u0131k olan bu kurabiye, hem tatl\u0131 hem de tuzlu lezzetleri sevenler i\u00e7in ideal bir se\u00e7enek. \u00c7ay saatinizi ta\u00e7land\u0131racak, misafirlerinize de kolayca ikram edebilece\u011finiz bu tarif, bir kez deneyenin vazge\u00e7emeyece\u011fi kadar lezzetli! \u0130\u015fte cevizli tahinli kurabiye tarifi&#8230;<\/p>\n","protected":false},"author":16,"featured_media":99555,"comment_status":"closed","ping_status":"closed","sticky":false,"template":"","format":"standard","meta":{"rank_math_lock_modified_date":false,"footnotes":""},"categories":[191],"tags":[3078,3079],"class_list":["post-99548","post","type-post","status-publish","format-standard","has-post-thumbnail","hentry","category-yemek-tarifleri","tag-cevizli-tahinli-kurabiye-tarifi","tag-somer-sivrioglu-kurabiye-tarifi"],"_links":{"self":[{"href":"https:\/\/www.tgrthaber.com\/mavikadin\/wp-json\/wp\/v2\/posts\/99548"}],"collection":[{"href":"https:\/\/www.tgrthaber.com\/mavikadin\/wp-json\/wp\/v2\/posts"}],"about":[{"href":"https:\/\/www.tgrthaber.com\/mavikadin\/wp-json\/wp\/v2\/types\/post"}],"author":[{"embeddable":true,"href":"https:\/\/www.tgrthaber.com\/mavikadin\/wp-json\/wp\/v2\/users\/16"}],"replies":[{"embeddable":true,"href":"https:\/\/www.tgrthaber.com\/mavikadin\/wp-json\/wp\/v2\/comments?post=99548"}],"version-history":[{"count":3,"href":"https:\/\/www.tgrthaber.com\/mavikadin\/wp-json\/wp\/v2\/posts\/99548\/revisions"}],"predecessor-version":[{"id":99560,"href":"https:\/\/www.tgrthaber.com\/mavikadin\/wp-json\/wp\/v2\/posts\/99548\/revisions\/99560"}],"wp:featuredmedia":[{"embeddable":true,"href":"https:\/\/www.tgrthaber.com\/mavikadin\/wp-json\/wp\/v2\/media\/99555"}],"wp:attachment":[{"href":"https:\/\/www.tgrthaber.com\/mavikadin\/wp-json\/wp\/v2\/media?parent=99548"}],"wp:term":[{"taxonomy":"category","embeddable":true,"href":"https:\/\/www.tgrthaber.com\/mavikadin\/wp-json\/wp\/v2\/categories?post=99548"},{"taxonomy":"post_tag","embeddable":true,"href":"https:\/\/www.tgrthaber.com\/mavikadin\/wp-json\/wp\/v2\/tags?post=99548"}],"curies":[{"name":"wp","href":"https:\/\/api.w.org\/{rel}","templated":true}]}}