{"id":99664,"date":"2024-11-30T08:50:05","date_gmt":"2024-11-30T05:50:05","guid":{"rendered":"https:\/\/www.tgrthaber.com\/mavikadin\/?p=99664"},"modified":"2024-11-30T12:20:11","modified_gmt":"2024-11-30T09:20:11","slug":"acun-ilicalidan-esi-ayca-cagla-altunkayaya-ovgu-dolu-sozler","status":"publish","type":"post","link":"https:\/\/www.tgrthaber.com\/mavikadin\/acun-ilicalidan-esi-ayca-cagla-altunkayaya-ovgu-dolu-sozler\/","title":{"rendered":"Acun Il\u0131cal\u0131&#8217;dan e\u015fi Ay\u00e7a \u00c7a\u011fla Altunkaya\u2019ya \u00f6vg\u00fc dolu s\u00f6zler!"},"content":{"rendered":"<p>\u00dcnl\u00fc televizyoncu Acun Il\u0131cal\u0131, uzun s\u00fcredir beraber oldu\u011fu Ay\u00e7a \u00c7a\u011fla Altunkaya ile 4 Eyl\u00fcl 2024 tarihinde evlendi. Esma Sultan Yal\u0131s\u0131&#8217;nda ger\u00e7ekle\u015fen d\u00fc\u011f\u00fcn t\u00f6reninde nik\u00e2h \u015fahitliklerini Esat Yontun\u00e7 ve Ceren Kocakaplan \u00fcstlendi. Bu mutlu g\u00fcnlerinde yak\u0131n dostlar\u0131yla bir araya gelen \u00e7ift, Ortak\u00f6y&#8217;deki muhte\u015fem mek\u00e2nda d\u00fczenlenen t\u00f6rende hayranlar\u0131n\u0131n ve sevenlerinin de deste\u011fini ald\u0131. Ayr\u0131ca, Acun Il\u0131cal\u0131&#8217;n\u0131n H\u00fclya Av\u015far\u2019\u0131n Youtube program\u0131na konuk olmas\u0131 da dikkat \u00e7ekti.<\/p>\n<h3>ACUN ILICALI\u2019NIN \u00c7A\u011eLA ALTUNKAYA\u2019YA \u00d6V\u00dcG\u00dc DOLU S\u00d6ZLER<\/h3>\n<p>\u00dcnl\u00fc televizyoncu Acun Il\u0131cal\u0131, e\u015fi Ay\u00e7a \u00c7a\u011fla Altunkaya hakk\u0131nda \u00f6vg\u00fc dolu s\u00f6zlerle konu\u015farak, &#8220;\u00c7a\u011fla da sa\u011f olsun. Bu d\u00f6nemki ba\u015far\u0131mda \u00e7ok da etkisi var&#8221; ifadelerini kulland\u0131. Il\u0131cal\u0131&#8217;n\u0131n e\u015fine duydu\u011fu sayg\u0131 ve minneti dile getirdi\u011fi bu a\u00e7\u0131klama, ili\u015fkilerindeki g\u00fc\u00e7l\u00fc ba\u011f\u0131 ve birlikte ge\u00e7irdikleri ba\u015far\u0131l\u0131 zamanlar\u0131 vurgulad\u0131.<\/p>\n<p><img loading=\"lazy\" decoding=\"async\" class=\"alignnone wp-image-99666 size-full\" src=\"https:\/\/www.tgrthaber.com\/mavikadin\/wp-content\/uploads\/hulyaavsar.jpg\" alt=\"h\u00fclyaav\u015far\" width=\"1920\" height=\"1080\" title=\"\" srcset=\"https:\/\/www.tgrthaber.com\/mavikadin\/wp-content\/uploads\/hulyaavsar.jpg 1920w, https:\/\/www.tgrthaber.com\/mavikadin\/wp-content\/uploads\/hulyaavsar-300x169.jpg 300w, https:\/\/www.tgrthaber.com\/mavikadin\/wp-content\/uploads\/hulyaavsar-1024x576.jpg 1024w, https:\/\/www.tgrthaber.com\/mavikadin\/wp-content\/uploads\/hulyaavsar-768x432.jpg 768w, https:\/\/www.tgrthaber.com\/mavikadin\/wp-content\/uploads\/hulyaavsar-1536x864.jpg 1536w\" sizes=\"(max-width: 1920px) 100vw, 1920px\" \/><\/p>\n<h3>H\u00dcLYA AV\u015eAR\u2019DAN \u0130T\u0130RAF: \u201cBEN \u00c7A\u011eLAYI \u00c7OK SEV\u0130YORUM\u201d<\/h3>\n<p>H\u00fclya Av\u015far, Acun Il\u0131cal\u0131&#8217;n\u0131n e\u015fi Ay\u00e7a \u00c7a\u011fla Altunkaya hakk\u0131ndaki \u00f6vg\u00fc dolu s\u00f6zlerine kar\u015f\u0131l\u0131k vererek, &#8220;Ben, \u00c7a\u011flay\u0131 \u00e7ok seviyorum. Yani ger\u00e7ekten. L\u00fctfen kimse al\u0131nmas\u0131n da bu konuda. \u00c7a\u011fla \u00e7ok olgun. Konu\u015faca\u011f\u0131 zaman\u0131, oturaca\u011f\u0131 zaman\u0131 biliyor.&#8221; \u015feklinde a\u00e7\u0131klamada bulundu.<\/p>\n<p><img loading=\"lazy\" decoding=\"async\" class=\"alignnone wp-image-99667 size-full\" src=\"https:\/\/www.tgrthaber.com\/mavikadin\/wp-content\/uploads\/acun-ilicali-ve-cagla-altinkaya.jpg\" alt=\"acun \u0131l\u0131cal\u0131 ve \u00e7a\u011fla alt\u0131nkaya\" width=\"1920\" height=\"1080\" title=\"\" srcset=\"https:\/\/www.tgrthaber.com\/mavikadin\/wp-content\/uploads\/acun-ilicali-ve-cagla-altinkaya.jpg 1920w, https:\/\/www.tgrthaber.com\/mavikadin\/wp-content\/uploads\/acun-ilicali-ve-cagla-altinkaya-300x169.jpg 300w, https:\/\/www.tgrthaber.com\/mavikadin\/wp-content\/uploads\/acun-ilicali-ve-cagla-altinkaya-1024x576.jpg 1024w, https:\/\/www.tgrthaber.com\/mavikadin\/wp-content\/uploads\/acun-ilicali-ve-cagla-altinkaya-768x432.jpg 768w, https:\/\/www.tgrthaber.com\/mavikadin\/wp-content\/uploads\/acun-ilicali-ve-cagla-altinkaya-1536x864.jpg 1536w\" sizes=\"(max-width: 1920px) 100vw, 1920px\" \/><\/p>\n<h3>\u201cKEND\u0130N\u0130 G\u00d6STERMEYE \u00c7ALI\u015eANLARDAN DE\u011e\u0130L\u201d<\/h3>\n<p>Acun Il\u0131cal\u0131, H\u00fclya Av\u015far&#8217;\u0131n Ay\u00e7a \u00c7a\u011fla Altunkaya hakk\u0131ndaki samimi s\u00f6zlerine te\u015fekk\u00fcr ederek, &#8220;Senin b\u00f6yle d\u00fc\u015f\u00fcnmen de beni ayr\u0131ca mutlu etti. Ben buraday\u0131m diye kendini g\u00f6stermeye \u00e7al\u0131\u015fanlardan de\u011fil. Sa\u011f olsun her zaman da derdimi dert etmi\u015f, benimle ilgilenmi\u015ftir. Bu ba\u015far\u0131l\u0131 d\u00f6nemimde de a\u00e7\u0131k\u00e7as\u0131 sorun yaratmayarak bana iyi hissettirmi\u015ftir.&#8221; \u015feklinde a\u00e7\u0131klamada bulundu.<\/p>\n","protected":false},"excerpt":{"rendered":"<p>H\u00fclya Av\u015far&#8217;\u0131n YouTube program\u0131nda e\u015fi Ay\u00e7a \u00c7a\u011fla Alt\u0131nkaya i\u00e7in \u00f6vg\u00fc dolu ifadeler kullanan Acun Il\u0131cal\u0131, &#8220;Ba\u015far\u0131mda b\u00fcy\u00fck katk\u0131s\u0131 oldu&#8221; \u015feklinde konu\u015ftu. Bu durumda televizyoncu \u00f6nemli bir rol oynad\u0131\u011f\u0131n\u0131 belirtti.<\/p>\n","protected":false},"author":10,"featured_media":99665,"comment_status":"closed","ping_status":"closed","sticky":false,"template":"","format":"standard","meta":{"rank_math_lock_modified_date":false,"footnotes":""},"categories":[76],"tags":[2368,3098],"class_list":["post-99664","post","type-post","status-publish","format-standard","has-post-thumbnail","hentry","category-magazin","tag-acun-ilicali","tag-ayca-cagla-altinkaya"],"_links":{"self":[{"href":"https:\/\/www.tgrthaber.com\/mavikadin\/wp-json\/wp\/v2\/posts\/99664"}],"collection":[{"href":"https:\/\/www.tgrthaber.com\/mavikadin\/wp-json\/wp\/v2\/posts"}],"about":[{"href":"https:\/\/www.tgrthaber.com\/mavikadin\/wp-json\/wp\/v2\/types\/post"}],"author":[{"embeddable":true,"href":"https:\/\/www.tgrthaber.com\/mavikadin\/wp-json\/wp\/v2\/users\/10"}],"replies":[{"embeddable":true,"href":"https:\/\/www.tgrthaber.com\/mavikadin\/wp-json\/wp\/v2\/comments?post=99664"}],"version-history":[{"count":2,"href":"https:\/\/www.tgrthaber.com\/mavikadin\/wp-json\/wp\/v2\/posts\/99664\/revisions"}],"predecessor-version":[{"id":99674,"href":"https:\/\/www.tgrthaber.com\/mavikadin\/wp-json\/wp\/v2\/posts\/99664\/revisions\/99674"}],"wp:featuredmedia":[{"embeddable":true,"href":"https:\/\/www.tgrthaber.com\/mavikadin\/wp-json\/wp\/v2\/media\/99665"}],"wp:attachment":[{"href":"https:\/\/www.tgrthaber.com\/mavikadin\/wp-json\/wp\/v2\/media?parent=99664"}],"wp:term":[{"taxonomy":"category","embeddable":true,"href":"https:\/\/www.tgrthaber.com\/mavikadin\/wp-json\/wp\/v2\/categories?post=99664"},{"taxonomy":"post_tag","embeddable":true,"href":"https:\/\/www.tgrthaber.com\/mavikadin\/wp-json\/wp\/v2\/tags?post=99664"}],"curies":[{"name":"wp","href":"https:\/\/api.w.org\/{rel}","templated":true}]}}