{"id":99676,"date":"2024-11-30T10:21:32","date_gmt":"2024-11-30T07:21:32","guid":{"rendered":"https:\/\/www.tgrthaber.com\/mavikadin\/?p=99676"},"modified":"2024-11-30T12:21:56","modified_gmt":"2024-11-30T09:21:56","slug":"demet-ozdemir-dizileri-neden-birakti-iste-ilk-aciklama","status":"publish","type":"post","link":"https:\/\/www.tgrthaber.com\/mavikadin\/demet-ozdemir-dizileri-neden-birakti-iste-ilk-aciklama\/","title":{"rendered":"Demet \u00d6zdemir dizileri neden b\u0131rakt\u0131? \u0130\u015fte ilk a\u00e7\u0131klama"},"content":{"rendered":"<p>Demet \u00d6zdemir\u2019inde kat\u0131ld\u0131\u011f\u0131 T\u00fcrkiye Sinema ve Audiovisuel K\u00fclt\u00fcr Vakf\u0131 (T\u00dcRSAK) i\u015f birli\u011fiyle T.C. K\u00fclt\u00fcr ve Turizm Bakanl\u0131\u011f\u0131 Sinema Genel M\u00fcd\u00fcrl\u00fc\u011f\u00fc deste\u011fiyle 21. kez d\u00fczenlenen &#8220;Gelece\u011fin Sinemas\u0131 Yar\u0131\u015fmas\u0131&#8221;n\u0131n \u00f6d\u00fcl t\u00f6reni, The Bank Hotel&#8217;de ger\u00e7ekle\u015fti. \u00dcnl\u00fc oyuncu Demet \u00d6zdemir, bu anlaml\u0131 etkinlikte sinema \u00f6\u011frencilerinin k\u0131sa film projelerini destekleme yar\u0131\u015fmas\u0131 gecesine kat\u0131larak gen\u00e7 yeteneklere verdi\u011fi de\u011feri bir kez daha g\u00f6sterdi. T\u00fcrk sinemas\u0131n\u0131n gelece\u011fine \u0131\u015f\u0131k tutan bu organizasyonda yer alarak sanata ve gen\u00e7 sinemac\u0131lara olan destek ve ilgisini ortaya koyan Demet \u00d6zdemir, geceye renk katt\u0131.<\/p>\n<h3>DEMET \u00d6ZDEM\u0130R DUBA\u0130 \u00d6D\u00dcL\u00dc HAKKINDA KONU\u015eTU<\/h3>\n<p>Demet \u00d6zdemir, Dubai&#8217;de d\u00fczenlenen DIAFA \u00d6d\u00fcl T\u00f6reni&#8217;nde &#8220;Uluslararas\u0131 En \u0130yi Oyuncu&#8221; \u00f6d\u00fcl\u00fcne lay\u0131k g\u00f6r\u00fcld\u00fc. \u00d6d\u00fcl konu\u015fmas\u0131nda Arap\u00e7a te\u015fekk\u00fcrler ederek geceye damga vuran \u00d6zdemir, ald\u0131\u011f\u0131 \u00f6d\u00fcl hakk\u0131nda \u015funlar\u0131 s\u00f6yledi: &#8220;D\u00fcnyan\u0131n d\u00f6rt bir yan\u0131ndaki projelerimizle ba\u015far\u0131 elde ederek tan\u0131n\u0131yoruz ve bu bizi \u00f6d\u00fcllerle onurland\u0131r\u0131yoruz. Bu ger\u00e7ekten m\u00fcthi\u015f bir duygu. Bu deneyimi Dubai&#8217;de ya\u015famak benim i\u00e7in \u00e7ok \u00f6zel. \u00c7\u00fcnk\u00fc benim ilk uluslararas\u0131 \u00f6d\u00fcl\u00fcm oldu. O y\u00fczden olduk\u00e7a heyecan verici ve iyiydi.&#8221;<\/p>\n<p>Demet \u00d6zdemir, Dubai \u00f6d\u00fcl t\u00f6reninde sahneye davet edildi\u011finde \u00e7evirisi yap\u0131lmadan nam salan olarak herkes taraf\u0131ndan lanse edilmesi s\u00f6zlerine kar\u015f\u0131l\u0131k \u015funlar\u0131 s\u00f6yledi: &#8221; Ben \u00f6d\u00fcl ald\u0131\u011f\u0131m \u00fclkelerde \u00f6d\u00fcl al\u0131rken onlar\u0131n kendi diline uygun c\u00fcmleler kullan\u0131yorum&#8221;<\/p>\n<p><img loading=\"lazy\" decoding=\"async\" class=\"alignnone wp-image-99680 size-full\" src=\"https:\/\/www.tgrthaber.com\/mavikadin\/wp-content\/uploads\/demet-ozdemir-dubai-odulu.jpg\" alt=\"demet \u00f6zdemir dubai \u00f6d\u00fcl\u00fc\" width=\"1920\" height=\"1080\" title=\"\" srcset=\"https:\/\/www.tgrthaber.com\/mavikadin\/wp-content\/uploads\/demet-ozdemir-dubai-odulu.jpg 1920w, https:\/\/www.tgrthaber.com\/mavikadin\/wp-content\/uploads\/demet-ozdemir-dubai-odulu-300x169.jpg 300w, https:\/\/www.tgrthaber.com\/mavikadin\/wp-content\/uploads\/demet-ozdemir-dubai-odulu-1024x576.jpg 1024w, https:\/\/www.tgrthaber.com\/mavikadin\/wp-content\/uploads\/demet-ozdemir-dubai-odulu-768x432.jpg 768w, https:\/\/www.tgrthaber.com\/mavikadin\/wp-content\/uploads\/demet-ozdemir-dubai-odulu-1536x864.jpg 1536w\" sizes=\"(max-width: 1920px) 100vw, 1920px\" \/><\/p>\n<p>Demet \u00d6zdemir, Dubai \u00f6d\u00fcl t\u00f6reninde sahneye davet edildi\u011finde \u00e7evirisi yap\u0131lmadan nam salan olarak herkes taraf\u0131ndan lanse edilmesi s\u00f6zlerine kar\u015f\u0131l\u0131k \u015funlar\u0131 s\u00f6yledi: &#8221; Ben \u00f6d\u00fcl ald\u0131\u011f\u0131m \u00fclkelerde \u00f6d\u00fcl al\u0131rken onlar\u0131n kendi diline uygun c\u00fcmleler kullan\u0131yorum&#8221;<\/p>\n<h3>DEMET \u00d6ZDEM\u0130R EKRANA D\u00d6NECEK M\u0130?<\/h3>\n<p>Gazetecilerin sorular\u0131n\u0131 cevaplayan Demet \u00d6zdemir, muhabirlerden y\u00f6neltilen \u201c Televizyonda ana ak\u0131mda olacak m\u0131s\u0131n\u0131z? Bu sene i\u00e7in en az\u0131ndan\u201d sorusuna kar\u015f\u0131l\u0131k \u015funlar\u0131 s\u00f6yledi:<\/p>\n<p>\u201cBu sene bence tam olarak yani mevsimsel olarak ka\u00e7t\u0131\u011f\u0131n\u0131 d\u00fc\u015f\u00fcn\u00fcyorum. Ama Eyl\u00fcl itibari ile olabilme ihtimali \u00e7ok y\u00fcksek. Gelen i\u015fleri de\u011ferlendiriyoruz. \u00c7ok da g\u00fczel i\u015fler var. Takip etti\u011fim i\u015fler de var. Zaten haberim olsun diye de izliyorum hepsini. Hepsi de \u00e7ok g\u00fczeller. Ama hem biraz dinlenmek istedim hem de bir kad\u0131n hik\u00e2yesi pe\u015findeydim. Bir geldi ertelendi bir \u015fey oldu derken film \u00e7ekme f\u0131rsat\u0131na eri\u015ftim asl\u0131nda. Eyl\u00fcl itibari ile \u00e7ok istiyorum. Belki olmaz dijital olur belki olmaz Ocak olur. \u00a0Emin de\u011filim ama bakal\u0131m\u201d<\/p>\n<p><img loading=\"lazy\" decoding=\"async\" class=\"alignnone wp-image-99679 size-full\" src=\"https:\/\/www.tgrthaber.com\/mavikadin\/wp-content\/uploads\/facebook-ve-X-paylasimi-2.jpg\" alt=\"demet \u00f6zdemir \" width=\"1920\" height=\"1080\" title=\"\" srcset=\"https:\/\/www.tgrthaber.com\/mavikadin\/wp-content\/uploads\/facebook-ve-X-paylasimi-2.jpg 1920w, https:\/\/www.tgrthaber.com\/mavikadin\/wp-content\/uploads\/facebook-ve-X-paylasimi-2-300x169.jpg 300w, https:\/\/www.tgrthaber.com\/mavikadin\/wp-content\/uploads\/facebook-ve-X-paylasimi-2-1024x576.jpg 1024w, https:\/\/www.tgrthaber.com\/mavikadin\/wp-content\/uploads\/facebook-ve-X-paylasimi-2-768x432.jpg 768w, https:\/\/www.tgrthaber.com\/mavikadin\/wp-content\/uploads\/facebook-ve-X-paylasimi-2-1536x864.jpg 1536w\" sizes=\"(max-width: 1920px) 100vw, 1920px\" \/><\/p>\n<h3>\u201cSEY\u0130RC\u0130LER \u00d6ZLES\u0130N \u0130ST\u0130YORUM\u201d<\/h3>\n<p>Demet \u00d6zdemir, \u201c Eyl\u00fcl itibari ile \u00e7ok istiyorum. Belki olmaz dijital olur belki olmaz Ocak olur. \u00a0Emin de\u011filim ama bakal\u0131m. Hem ana ak\u0131m\u0131 \u00f6zlemek istiyorum hem de izleyicilerde \u00f6zlesin istiyorum.\u201d Diye a\u00e7\u0131klamalarda bulundu.<\/p>\n","protected":false},"excerpt":{"rendered":"<p>Demet \u00d6zdemir, T.C K\u00fclt\u00fcr ve Turizm Bakanl\u0131\u011f\u0131 ve T\u00fcrsak Vakf\u0131 \u0130\u015f birli\u011fi ile Ger\u00e7ekle\u015fen 21. Gelece\u011fin sinemas\u0131 etkinli\u011finde sinema \u00f6\u011frencilerinin k\u0131sa film projesini destekleme yar\u0131\u015fmas\u0131 gecesine kat\u0131ld\u0131.<\/p>\n","protected":false},"author":10,"featured_media":99677,"comment_status":"closed","ping_status":"closed","sticky":false,"template":"","format":"standard","meta":{"rank_math_lock_modified_date":false,"footnotes":""},"categories":[76],"tags":[2570],"class_list":["post-99676","post","type-post","status-publish","format-standard","has-post-thumbnail","hentry","category-magazin","tag-demet-ozdemir"],"_links":{"self":[{"href":"https:\/\/www.tgrthaber.com\/mavikadin\/wp-json\/wp\/v2\/posts\/99676"}],"collection":[{"href":"https:\/\/www.tgrthaber.com\/mavikadin\/wp-json\/wp\/v2\/posts"}],"about":[{"href":"https:\/\/www.tgrthaber.com\/mavikadin\/wp-json\/wp\/v2\/types\/post"}],"author":[{"embeddable":true,"href":"https:\/\/www.tgrthaber.com\/mavikadin\/wp-json\/wp\/v2\/users\/10"}],"replies":[{"embeddable":true,"href":"https:\/\/www.tgrthaber.com\/mavikadin\/wp-json\/wp\/v2\/comments?post=99676"}],"version-history":[{"count":3,"href":"https:\/\/www.tgrthaber.com\/mavikadin\/wp-json\/wp\/v2\/posts\/99676\/revisions"}],"predecessor-version":[{"id":99704,"href":"https:\/\/www.tgrthaber.com\/mavikadin\/wp-json\/wp\/v2\/posts\/99676\/revisions\/99704"}],"wp:featuredmedia":[{"embeddable":true,"href":"https:\/\/www.tgrthaber.com\/mavikadin\/wp-json\/wp\/v2\/media\/99677"}],"wp:attachment":[{"href":"https:\/\/www.tgrthaber.com\/mavikadin\/wp-json\/wp\/v2\/media?parent=99676"}],"wp:term":[{"taxonomy":"category","embeddable":true,"href":"https:\/\/www.tgrthaber.com\/mavikadin\/wp-json\/wp\/v2\/categories?post=99676"},{"taxonomy":"post_tag","embeddable":true,"href":"https:\/\/www.tgrthaber.com\/mavikadin\/wp-json\/wp\/v2\/tags?post=99676"}],"curies":[{"name":"wp","href":"https:\/\/api.w.org\/{rel}","templated":true}]}}