{"id":99690,"date":"2024-11-30T11:58:18","date_gmt":"2024-11-30T08:58:18","guid":{"rendered":"https:\/\/www.tgrthaber.com\/mavikadin\/?p=99690"},"modified":"2024-11-30T11:58:18","modified_gmt":"2024-11-30T08:58:18","slug":"tavada-yapilacak-tatli-tarifleri-firin-yok-cok-ugrasmak-yok","status":"publish","type":"post","link":"https:\/\/www.tgrthaber.com\/mavikadin\/tavada-yapilacak-tatli-tarifleri-firin-yok-cok-ugrasmak-yok\/","title":{"rendered":"Tavada yap\u0131lacak tatl\u0131 tarifleri, f\u0131r\u0131n yok, \u00e7ok u\u011fra\u015fmak yok!"},"content":{"rendered":"<p>Tatl\u0131 kriziniz tuttuysa pratik ve lezzetli bir tarif ar\u0131yorsan\u0131z tavada kazandibi, revani, \u0131slak kek gibi f\u0131r\u0131nda yapabilece\u011finiz tatl\u0131lar\u0131 pi\u015firebilirsiniz.<\/p>\n<p>Tatl\u0131lar y\u00fcksek karbonhidrat i\u00e7erdi\u011finden g\u00fcnl\u00fck enerji ihtiyac\u0131m\u0131z\u0131 kar\u015f\u0131lamaya yard\u0131mc\u0131 oluyor, halsizli\u011fi gideriyor.<\/p>\n<p>Damak zevkine g\u00f6re kimi insanlar s\u00fctl\u00fc tatl\u0131lar\u0131 kimileri de \u015ferbetli tatl\u0131lar\u0131 seviyor.<\/p>\n<p>Hangi tatl\u0131 favoriniz olursa olsun baz\u0131 tatl\u0131lar\u0131 yaln\u0131zca f\u0131r\u0131nda de\u011fil ocakta tava i\u00e7erisinde de haz\u0131rlayabilirsiniz.<\/p>\n<h3>TAVADA TATLI NASIL YAPILIR?<\/h3>\n<p>Tavada tatl\u0131 yapmak i\u00e7in tarif ar\u0131yorsan\u0131z i\u015fte tavada yapabilece\u011finiz en g\u00fczel tarifler:<\/p>\n<p><strong>TAVADA KAZAND\u0130B\u0130 TAR\u0130F\u0130<\/strong><\/p>\n<p><strong>Malzemeler<\/strong><\/p>\n<ul>\n<li>2,5 su barda\u011f\u0131 s\u00fct<\/li>\n<li>1 \u00e7ay barda\u011f\u0131 \u015feker<\/li>\n<li>1,5 yemek ka\u015f\u0131\u011f\u0131 ni\u015fasta<\/li>\n<li>Yar\u0131m paket vanilya<\/li>\n<li>1,5 yemek ka\u015f\u0131\u011f\u0131 un<\/li>\n<li>1 yumurta sar\u0131s\u0131<\/li>\n<\/ul>\n<p><strong>Karamelize etmek i\u00e7in;<\/strong><\/p>\n<p>2 yemek ka\u015f\u0131\u011f\u0131 pudra \u015fekeri<\/p>\n<p><img loading=\"lazy\" decoding=\"async\" class=\"wp-image-99691 size-large\" src=\"https:\/\/www.tgrthaber.com\/mavikadin\/wp-content\/uploads\/tavada-tatli-tarifleri-2-1024x576.jpg\" alt=\"tavada tatl\u0131 tarifleri\" width=\"1024\" height=\"576\" title=\"\" srcset=\"https:\/\/www.tgrthaber.com\/mavikadin\/wp-content\/uploads\/tavada-tatli-tarifleri-2-1024x576.jpg 1024w, https:\/\/www.tgrthaber.com\/mavikadin\/wp-content\/uploads\/tavada-tatli-tarifleri-2-300x169.jpg 300w, https:\/\/www.tgrthaber.com\/mavikadin\/wp-content\/uploads\/tavada-tatli-tarifleri-2-768x432.jpg 768w, https:\/\/www.tgrthaber.com\/mavikadin\/wp-content\/uploads\/tavada-tatli-tarifleri-2-1536x864.jpg 1536w, https:\/\/www.tgrthaber.com\/mavikadin\/wp-content\/uploads\/tavada-tatli-tarifleri-2.jpg 1920w\" sizes=\"(max-width: 1024px) 100vw, 1024px\" \/><\/p>\n<p><strong>Haz\u0131rlan\u0131\u015f\u0131<\/strong><\/p>\n<p>K\u00fc\u00e7\u00fck bir tencereye s\u00fct, \u015feker, ni\u015fasta, vanilya, un, yumurta sar\u0131s\u0131n\u0131 al\u0131p tel \u00e7\u0131rp\u0131c\u0131 ile kar\u0131\u015ft\u0131ra kar\u0131\u015ft\u0131ra pi\u015firelim. Muhallebimiz haz\u0131r.<\/p>\n<p>Oca\u011f\u0131n alt\u0131n\u0131 kapat\u0131p muhallebinin kabuklanmamas\u0131 i\u00e7in ara ara kar\u0131\u015ft\u0131ral\u0131m.<\/p>\n<p>2 yemek ka\u015f\u0131\u011f\u0131 pudra \u015fekerini tavan\u0131n her taraf\u0131na e\u015fit bir \u015fekilde serpelim. Oca\u011f\u0131n alt\u0131n\u0131 a\u00e7\u0131p orta ates\u0327te, pudra s\u0327ekeri karamelize olana kadar eritelim.<\/p>\n<p>Haz\u0131rlad\u0131\u011f\u0131m\u0131z muhallebiyi karamelize olmu\u015f pudra \u015fekerinin \u00fczerine yava\u015f\u00e7a d\u00f6k\u00fcp hi\u00e7 kar\u0131\u015ft\u0131rmadan 7-8 dakika pi\u015firelim.<\/p>\n<p>Muhallebinin kenarlar\u0131ndan b\u0131\u00e7a\u011f\u0131n ucuyla kald\u0131r\u0131p dibinin tutup tutmad\u0131\u011f\u0131n\u0131 kontrol edin, dibi tuttuysa olmu\u015f demektir. Oca\u011f\u0131 kapat\u0131n.<\/p>\n<p>Il\u0131k hale geldi\u011finde dilimleyip ters \u00e7evirip taba\u011fa al\u0131n.<\/p>\n<p>Buzdolab\u0131nda birka\u00e7 saat bekletip servis yapabilirsiniz.<\/p>\n<p><strong>TAVADA ISLAK KEK TAR\u0130F\u0130<\/strong><\/p>\n<p><strong>Malzemeler<\/strong><\/p>\n<ul>\n<li>1 \u00e7ay barda\u011f\u0131 s\u00fct<\/li>\n<li>2 yemek ka\u015f\u0131\u011f\u0131 kakao<\/li>\n<li>1 yumurta<\/li>\n<li>1 \u00e7ay barda\u011f\u0131 \u015feker<\/li>\n<li>Yar\u0131m barda\u011f\u0131 s\u0131v\u0131ya\u011f<\/li>\n<li>1 su barda\u011f\u0131 un<\/li>\n<li>1 paket kabartma tozu<\/li>\n<li>1 paket vanilya<\/li>\n<\/ul>\n<p><strong>Sosu i\u00e7in<\/strong><\/p>\n<ul>\n<li>1 su barda\u011f\u0131 s\u00fct<\/li>\n<li>1\/2 \u00e7ay barda\u011f\u0131 \u015feker<\/li>\n<li>1 ka\u015f\u0131k kakao<\/li>\n<\/ul>\n<p><img loading=\"lazy\" decoding=\"async\" class=\"wp-image-99692 size-large\" src=\"https:\/\/www.tgrthaber.com\/mavikadin\/wp-content\/uploads\/tavada-tatli-tarifleri-3-1024x576.jpg\" alt=\"tavada tatl\u0131 tarifleri\" width=\"1024\" height=\"576\" title=\"\" srcset=\"https:\/\/www.tgrthaber.com\/mavikadin\/wp-content\/uploads\/tavada-tatli-tarifleri-3-1024x576.jpg 1024w, https:\/\/www.tgrthaber.com\/mavikadin\/wp-content\/uploads\/tavada-tatli-tarifleri-3-300x169.jpg 300w, https:\/\/www.tgrthaber.com\/mavikadin\/wp-content\/uploads\/tavada-tatli-tarifleri-3-768x432.jpg 768w, https:\/\/www.tgrthaber.com\/mavikadin\/wp-content\/uploads\/tavada-tatli-tarifleri-3-1536x864.jpg 1536w, https:\/\/www.tgrthaber.com\/mavikadin\/wp-content\/uploads\/tavada-tatli-tarifleri-3.jpg 1920w\" sizes=\"(max-width: 1024px) 100vw, 1024px\" \/><\/p>\n<p>22 cm orta boy tavaya kek i\u00e7in yukar\u0131 yazan t\u00fcm malzemeleri d\u00f6k\u00fcn.<\/p>\n<p>Tel veya silikon \u00e7\u0131rp\u0131c\u0131 ile t\u00fcm malzemeleri g\u00fczelce \u00e7\u0131rp\u0131n.<\/p>\n<p>Tavan\u0131n kapa\u011f\u0131n\u0131 kapat\u0131n, oca\u011f\u0131n alt\u0131n\u0131 k\u0131s\u0131p 10 dakika boyunca pi\u015firin.<\/p>\n<p>Sos yap\u0131m\u0131na ge\u00e7elim, sos i\u00e7in kar\u0131\u015ft\u0131rma kab\u0131na s\u00fct, \u015feker ve kakaoyu al\u0131p iyice \u00e7\u0131rp\u0131n.<\/p>\n<p>Kekin ilk s\u0131ca\u011f\u0131 gidince sosu \u00fczerine d\u00f6k\u00fcn.<\/p>\n<p>Dilimleyin ve servis yap\u0131n. Afiyet olsun.<\/p>\n<p><strong>TAVADA REVAN\u0130 TAR\u0130F\u0130<\/strong><\/p>\n<p><strong>Malzemeler<\/strong><\/p>\n<ul>\n<li>2 adet yumurta<\/li>\n<li>Yar\u0131m \u00e7ay barda\u011f\u0131 toz \u015feker<\/li>\n<li>1 \u00e7ay barda\u011f\u0131 s\u0131v\u0131 ya\u011f<\/li>\n<li>1 \u00e7ay barda\u011f\u0131 yo\u011furt<\/li>\n<li>1 su barda\u011f\u0131 irmik<\/li>\n<li>1 paket vanilya<\/li>\n<li>1 su barda\u011f\u0131 un<\/li>\n<li>1 paket kabartma tozu<\/li>\n<li>1 yemek ka\u015f\u0131\u011f\u0131 rendelenmi\u015f portakal kabu\u011fu<\/li>\n<li>Tereya\u011f\u0131 ( tavaya s\u00fcrmek i\u00e7in )<\/li>\n<\/ul>\n<p><strong>\u015eerbeti i\u00e7in<\/strong><\/p>\n<ul>\n<li>2 su barda\u011f\u0131 toz \u015feker<\/li>\n<li>2 bu\u00e7uk su barda\u011f\u0131 su<\/li>\n<li>1 dilim limon<\/li>\n<\/ul>\n<figure id=\"attachment_99693\" aria-describedby=\"caption-attachment-99693\" style=\"width: 1024px\" class=\"wp-caption alignnone\"><img loading=\"lazy\" decoding=\"async\" class=\"wp-image-99693 size-large\" src=\"https:\/\/www.tgrthaber.com\/mavikadin\/wp-content\/uploads\/tavada-tatli-tarifleri-4-1024x576.jpg\" alt=\"tavada tatl\u0131 tarifleri\" width=\"1024\" height=\"576\" title=\"\" srcset=\"https:\/\/www.tgrthaber.com\/mavikadin\/wp-content\/uploads\/tavada-tatli-tarifleri-4-1024x576.jpg 1024w, https:\/\/www.tgrthaber.com\/mavikadin\/wp-content\/uploads\/tavada-tatli-tarifleri-4-300x169.jpg 300w, https:\/\/www.tgrthaber.com\/mavikadin\/wp-content\/uploads\/tavada-tatli-tarifleri-4-768x432.jpg 768w, https:\/\/www.tgrthaber.com\/mavikadin\/wp-content\/uploads\/tavada-tatli-tarifleri-4-1536x864.jpg 1536w, https:\/\/www.tgrthaber.com\/mavikadin\/wp-content\/uploads\/tavada-tatli-tarifleri-4.jpg 1920w\" sizes=\"(max-width: 1024px) 100vw, 1024px\" \/><figcaption id=\"caption-attachment-99693\" class=\"wp-caption-text\">\u00a0<\/figcaption><\/figure>\n<p>Revaniyi yapmaya \u015ferbeti yapmakla ba\u015flayal\u0131m. Tencereye \u015ferbet malzemelerini al\u0131p oca\u011f\u0131n alt\u0131n\u0131 a\u00e7\u0131n.<\/p>\n<p>Kaynamaya ba\u015flad\u0131ktan sonra k\u0131s\u0131k ate\u015fte 10 dakika kaynatal\u0131m ve ocaktan al\u0131p so\u011fumaya b\u0131rakal\u0131m.<\/p>\n<p>Revaniyi yapmaya ge\u00e7elim. Kar\u0131\u015ft\u0131rma kab\u0131na yumurta ve \u015fekeri al\u0131p mikser yard\u0131m\u0131yla iyice \u00e7\u0131rpal\u0131m. Di\u011fer malzemeleri de ekleyip kar\u0131\u015ft\u0131ral\u0131m.<\/p>\n<p>Tavay\u0131 oda s\u0131cakl\u0131\u011f\u0131nda tereya\u011f\u0131 ile ya\u011flayal\u0131m. Revani harc\u0131n\u0131 d\u00f6kelim.<\/p>\n<p>Oca\u011f\u0131n orta g\u00f6z\u00fcnde k\u0131s\u0131k ate\u015fte pi\u015firelim.<\/p>\n<p>10 dakika sonra revaninin kenar\u0131ndan b\u0131\u00e7akla kontrol edip pi\u015fip pi\u015fmedi\u011fini kontrol edelim.<\/p>\n<p>Revani haz\u0131rsa f\u0131r\u0131n ka\u011f\u0131d\u0131n\u0131n \u00fczerine kapak yard\u0131m\u0131yla ters \u00e7evirelim. F\u0131r\u0131n ka\u011f\u0131d\u0131n\u0131 kald\u0131rmayal\u0131m.<\/p>\n<p>Tekrar kapa\u011f\u0131n\u0131 \u00f6rt\u00fcp 3-4 dakika sonunda pi\u015fip pi\u015fmedi\u011fini kontrol edelim. Pi\u015ftikten sonra borcama veya tepsiye al\u0131p 5 dakika \u0131l\u0131maya b\u0131rakal\u0131m.<\/p>\n<p>So\u011fuk \u015ferbeti \u00fczerine gezdirip 1-2 saat dinlenmeye b\u0131rakal\u0131m.<\/p>\n<p>Afiyet olsun.<\/p>\n<p><strong>TAVADA UN HELVASI TAR\u0130F\u0130<\/strong><\/p>\n<p><strong>Malzemeler<\/strong><\/p>\n<ul>\n<li>3 tepeleme yemek ka\u015f\u0131\u011f\u0131 tereya\u011f\u0131<\/li>\n<li>1 \u00e7ay barda\u011f\u0131 s\u0131v\u0131ya\u011f<\/li>\n<li>2 su barda\u011f\u0131 un<\/li>\n<\/ul>\n<p><strong>\u015eerbeti i\u00e7in<\/strong><\/p>\n<ul>\n<li>2 su barda\u011f\u0131 \u015feker<\/li>\n<li>1 su barda\u011f\u0131 s\u00fct<\/li>\n<li>1.5 su barda\u011f\u0131 su<\/li>\n<\/ul>\n<figure id=\"attachment_99694\" aria-describedby=\"caption-attachment-99694\" style=\"width: 1024px\" class=\"wp-caption alignnone\"><img loading=\"lazy\" decoding=\"async\" class=\"wp-image-99694 size-large\" src=\"https:\/\/www.tgrthaber.com\/mavikadin\/wp-content\/uploads\/tavada-tatli-tarifleri-5-1024x576.jpg\" alt=\"tavada tatl\u0131 tarifleri\" width=\"1024\" height=\"576\" title=\"\" srcset=\"https:\/\/www.tgrthaber.com\/mavikadin\/wp-content\/uploads\/tavada-tatli-tarifleri-5-1024x576.jpg 1024w, https:\/\/www.tgrthaber.com\/mavikadin\/wp-content\/uploads\/tavada-tatli-tarifleri-5-300x169.jpg 300w, https:\/\/www.tgrthaber.com\/mavikadin\/wp-content\/uploads\/tavada-tatli-tarifleri-5-768x432.jpg 768w, https:\/\/www.tgrthaber.com\/mavikadin\/wp-content\/uploads\/tavada-tatli-tarifleri-5-1536x864.jpg 1536w, https:\/\/www.tgrthaber.com\/mavikadin\/wp-content\/uploads\/tavada-tatli-tarifleri-5.jpg 1920w\" sizes=\"(max-width: 1024px) 100vw, 1024px\" \/><figcaption id=\"caption-attachment-99694\" class=\"wp-caption-text\">\u00a0<\/figcaption><\/figure>\n<p>\u00d6ncelikle un helvas\u0131n\u0131n \u015ferbetini yapal\u0131m. Tencereye \u015feker, s\u00fct ve suyu al\u0131p kar\u0131\u015ft\u0131r\u0131p kaynay\u0131nca oca\u011f\u0131n alt\u0131n\u0131 kapat\u0131n, \u0131l\u0131maya b\u0131rak\u0131n.<\/p>\n<p>Tavaya 3 tepeleme yemek ka\u015f\u0131\u011f\u0131n\u0131 al\u0131p eritin,\u00a0 s\u0131v\u0131ya\u011f\u0131 ekleyin en son unu ilave edip oca\u011f\u0131n b\u00fcy\u00fck g\u00f6z\u00fcnde, k\u0131s\u0131t ate\u015fte s\u00fcrekli kar\u0131\u015ft\u0131rarak kavurun.<\/p>\n<p>25 dakika kavurup \u015ferbeti dikkatlice d\u00f6k\u00fcn.<\/p>\n<p>\u015eerbeti d\u00f6kt\u00fckten sonra 1 dakika kadar kavurmaya devam edin.<\/p>\n<p>Oca\u011f\u0131n alt\u0131n\u0131 kapat\u0131n.<\/p>\n<p>Afiyet olsun.<\/p>\n","protected":false},"excerpt":{"rendered":"<p>Tavada yap\u0131lan tarifler f\u0131r\u0131na g\u00f6re hem daha ekonomik hem de pratik oluyor. Tavada tatl\u0131 da yapabilirsiniz. \u0130\u015fte birbirinden lezzetli tavada tatl\u0131 tarifleri:<\/p>\n","protected":false},"author":30,"featured_media":99695,"comment_status":"closed","ping_status":"closed","sticky":false,"template":"","format":"standard","meta":{"rank_math_lock_modified_date":false,"footnotes":""},"categories":[191],"tags":[3102],"class_list":["post-99690","post","type-post","status-publish","format-standard","has-post-thumbnail","hentry","category-yemek-tarifleri","tag-tavada-tatli"],"_links":{"self":[{"href":"https:\/\/www.tgrthaber.com\/mavikadin\/wp-json\/wp\/v2\/posts\/99690"}],"collection":[{"href":"https:\/\/www.tgrthaber.com\/mavikadin\/wp-json\/wp\/v2\/posts"}],"about":[{"href":"https:\/\/www.tgrthaber.com\/mavikadin\/wp-json\/wp\/v2\/types\/post"}],"author":[{"embeddable":true,"href":"https:\/\/www.tgrthaber.com\/mavikadin\/wp-json\/wp\/v2\/users\/30"}],"replies":[{"embeddable":true,"href":"https:\/\/www.tgrthaber.com\/mavikadin\/wp-json\/wp\/v2\/comments?post=99690"}],"version-history":[{"count":1,"href":"https:\/\/www.tgrthaber.com\/mavikadin\/wp-json\/wp\/v2\/posts\/99690\/revisions"}],"predecessor-version":[{"id":99696,"href":"https:\/\/www.tgrthaber.com\/mavikadin\/wp-json\/wp\/v2\/posts\/99690\/revisions\/99696"}],"wp:featuredmedia":[{"embeddable":true,"href":"https:\/\/www.tgrthaber.com\/mavikadin\/wp-json\/wp\/v2\/media\/99695"}],"wp:attachment":[{"href":"https:\/\/www.tgrthaber.com\/mavikadin\/wp-json\/wp\/v2\/media?parent=99690"}],"wp:term":[{"taxonomy":"category","embeddable":true,"href":"https:\/\/www.tgrthaber.com\/mavikadin\/wp-json\/wp\/v2\/categories?post=99690"},{"taxonomy":"post_tag","embeddable":true,"href":"https:\/\/www.tgrthaber.com\/mavikadin\/wp-json\/wp\/v2\/tags?post=99690"}],"curies":[{"name":"wp","href":"https:\/\/api.w.org\/{rel}","templated":true}]}}