{"id":99755,"date":"2024-11-30T15:31:07","date_gmt":"2024-11-30T12:31:07","guid":{"rendered":"https:\/\/www.tgrthaber.com\/mavikadin\/?p=99755"},"modified":"2024-11-30T15:37:02","modified_gmt":"2024-11-30T12:37:02","slug":"vedat-milor-ben-maymun-degilim-cikisinin-ardindan-aciklama-yapti","status":"publish","type":"post","link":"https:\/\/www.tgrthaber.com\/mavikadin\/vedat-milor-ben-maymun-degilim-cikisinin-ardindan-aciklama-yapti\/","title":{"rendered":"Vedat Milor &#8220;Ben maymun de\u011filim&#8221; \u00e7\u0131k\u0131\u015f\u0131n\u0131n ard\u0131ndan a\u00e7\u0131klama yapt\u0131"},"content":{"rendered":"<p>\u00dcnl\u00fc yemek yazar\u0131 Vedat Milor, ge\u00e7ti\u011fimiz g\u00fcnlerde bir lahmacun restoran\u0131nda ya\u015fad\u0131\u011f\u0131 rahats\u0131zl\u0131kla g\u00fcndeme geldi. Restoran sahibinin, izinsiz bir \u015fekilde foto\u011fraf\u0131n\u0131 \u00e7ekmesi \u00fczerine sert bir tepki g\u00f6steren Milor, T\u00fcrkiye ile ba\u011flar\u0131n\u0131 koparmay\u0131 bile d\u00fc\u015f\u00fcnd\u00fc\u011f\u00fcn\u00fc belirtti.<\/p>\n<p>Milor, sosyal medyada da payla\u015ft\u0131\u011f\u0131 a\u00e7\u0131klamas\u0131nda, izinsiz foto\u011fraf \u00e7ekilmesinin kendisini rencide etti\u011fini vurgulad\u0131: &#8220;Yemek harika ama bir daha buraya gelece\u011fimi sanm\u0131yorum. Benim iznim olmadan, ad\u0131m ad\u0131na herhangi bir \u015fey yap\u0131lmas\u0131n\u0131 istemem. Kendimi kullan\u0131lm\u0131\u015f ve istismar edilmi\u015f hissediyorum.&#8221; Milor, foto\u011fraf \u00e7ekilmesinin \u00f6zel alan\u0131na m\u00fcdahale oldu\u011funu ve bu durumun kendisini son derece rahats\u0131z etti\u011fini belirtti.<\/p>\n<h3>VEDAT M\u0130LOR: RAHATSIZ ED\u0130LMEK \u0130STEM\u0130YORUM<\/h3>\n<p>\u00dcnl\u00fc gurme, \u201cBen burada yemek yerken, foto\u011fraf \u00e7ekmek \u00f6zelime kar\u0131\u015fmak oluyor. Rahats\u0131z edilmek istemiyorum, bu beni rencide etti,\u201d diyerek, ki\u015fisel s\u0131n\u0131rlar\u0131n\u0131n ihlal edilmesine olan \u00f6fkesini dile getirdi. Ayr\u0131ca, izinsiz foto\u011fraflar\u0131n onu sadece rahats\u0131z etmekle kalmad\u0131\u011f\u0131n\u0131, \u00f6zel alan\u0131n\u0131 ihlal etti\u011fini ve bunun kendisini strese soktu\u011funu s\u00f6yledi: \u201cBen burada oynayan maymun de\u011filim. Rahats\u0131z edilmek istemiyorum.\u201d<\/p>\n<p><img loading=\"lazy\" decoding=\"async\" class=\"alignnone wp-image-99761\" src=\"https:\/\/www.tgrthaber.com\/mavikadin\/wp-content\/uploads\/Ekran-goruntusu-2024-11-30-153337.png\" alt=\"\" width=\"1130\" height=\"661\" title=\"\" srcset=\"https:\/\/www.tgrthaber.com\/mavikadin\/wp-content\/uploads\/Ekran-goruntusu-2024-11-30-153337.png 875w, https:\/\/www.tgrthaber.com\/mavikadin\/wp-content\/uploads\/Ekran-goruntusu-2024-11-30-153337-300x176.png 300w, https:\/\/www.tgrthaber.com\/mavikadin\/wp-content\/uploads\/Ekran-goruntusu-2024-11-30-153337-768x449.png 768w\" sizes=\"(max-width: 1130px) 100vw, 1130px\" \/><\/p>\n<h3>&#8220;B\u0130R DAHA GELMEYECE\u011e\u0130M&#8221;<\/h3>\n<p>Milor, ya\u015fad\u0131\u011f\u0131 rahats\u0131zl\u0131\u011f\u0131n ard\u0131ndan T\u00fcrkiye ile ili\u015fkilerini g\u00f6zden ge\u00e7irebilece\u011fini de ifade etti: \u201cBu t\u00fcr davran\u0131\u015flar beni ger\u00e7ekten mutsuz ediyor. Belki de T\u00fcrkiye\u2019yle olan ba\u011flar\u0131m\u0131 tamamen koparaca\u011f\u0131m,\u201d dedi.<\/p>\n<p>T\u00fcm bu olumsuzluklara ra\u011fmen, restoran\u0131n yemeklerine dair olumlu yorum yapmay\u0131 da ihmal etmeyen Milor, yemeklerin \u00e7ok lezzetli oldu\u011funu belirtti ancak yine de bir daha geri d\u00f6nmeyece\u011fini a\u00e7\u0131klad\u0131: \u201cYemekler ger\u00e7ekten \u00e7ok g\u00fczeldi ama bir daha gelmeyece\u011fim.\u201d<\/p>\n<p><img loading=\"lazy\" decoding=\"async\" class=\"alignnone wp-image-99760\" src=\"https:\/\/www.tgrthaber.com\/mavikadin\/wp-content\/uploads\/vedat-1024x991.jpg\" alt=\"\" width=\"1076\" height=\"1041\" title=\"\" srcset=\"https:\/\/www.tgrthaber.com\/mavikadin\/wp-content\/uploads\/vedat-1024x991.jpg 1024w, https:\/\/www.tgrthaber.com\/mavikadin\/wp-content\/uploads\/vedat-300x290.jpg 300w, https:\/\/www.tgrthaber.com\/mavikadin\/wp-content\/uploads\/vedat-768x743.jpg 768w, https:\/\/www.tgrthaber.com\/mavikadin\/wp-content\/uploads\/vedat.jpg 1200w\" sizes=\"(max-width: 1076px) 100vw, 1076px\" \/><\/p>\n<h3>SOSYAL MEDYADAN A\u00c7IKLAMA YAPTI<\/h3>\n<p>Vedat Milor, sosyal medyada g\u00fcndem olan o anlarla ilgili bir a\u00e7\u0131klama payla\u015ft\u0131:<\/p>\n<p>Son YouTube videomda ya\u015fanan olay sadece foto\u011fraf \u00e7ekimi de\u011fildi. Uzun uzun (dakikalarca) farkl\u0131 a\u00e7\u0131lardan videoya al\u0131nd\u0131m. Bu s\u0131rada mekan sahibi arkamda \u00e7al\u0131\u015fan\u0131na \u2018Tabelay\u0131 da al\u2019 diye f\u0131s\u0131ld\u0131yordu.<\/p>\n<p>Bu davran\u0131\u015f kurnazl\u0131kla harmanlanm\u0131\u015f bir zorbal\u0131k t\u00fcr\u00fc. K\u00fc\u00e7\u00fck ya\u015ftan beri \u201cAman toplum ne der?\u201d diye d\u00fc\u015f\u00fcnerek de\u011fil, \u201cZorbal\u0131kla nas\u0131l ba\u015fa \u00e7\u0131kar\u0131m?\u201d diye hareket etmeyi se\u00e7tim. \u00c7\u00fcnk\u00fc zorbal\u0131k kar\u015f\u0131s\u0131nda sessiz kalan, kazanan\u0131n daima zorba oldu\u011funu garantiler.<\/p>\n<p>\u201cHesap L\u00fctfen\u201d adl\u0131 kitab\u0131m\u0131 okuyanlar, bu konudaki d\u00fc\u015f\u00fcncelerimi ve tutarl\u0131 davrand\u0131\u011f\u0131m\u0131 zaten bilecektir.<\/p>\n<p>&nbsp;<\/p>\n","protected":false},"excerpt":{"rendered":"<p>Restoran sahibinin kendisinin izni olmadan foto\u011fraf \u00e7ekmesine tepki g\u00f6steren Vedat Milor, \u00f6zel alan\u0131n\u0131n ihlal edildi\u011fini belirterek &#8220;Ben burada oynayan maymun de\u011filim&#8221; s\u00f6zleriyle g\u00fcndem oldu.<\/p>\n","protected":false},"author":4,"featured_media":99756,"comment_status":"closed","ping_status":"closed","sticky":false,"template":"","format":"standard","meta":{"rank_math_lock_modified_date":false,"footnotes":""},"categories":[76],"tags":[3112],"class_list":["post-99755","post","type-post","status-publish","format-standard","has-post-thumbnail","hentry","category-magazin","tag-vedat-milor"],"_links":{"self":[{"href":"https:\/\/www.tgrthaber.com\/mavikadin\/wp-json\/wp\/v2\/posts\/99755"}],"collection":[{"href":"https:\/\/www.tgrthaber.com\/mavikadin\/wp-json\/wp\/v2\/posts"}],"about":[{"href":"https:\/\/www.tgrthaber.com\/mavikadin\/wp-json\/wp\/v2\/types\/post"}],"author":[{"embeddable":true,"href":"https:\/\/www.tgrthaber.com\/mavikadin\/wp-json\/wp\/v2\/users\/4"}],"replies":[{"embeddable":true,"href":"https:\/\/www.tgrthaber.com\/mavikadin\/wp-json\/wp\/v2\/comments?post=99755"}],"version-history":[{"count":4,"href":"https:\/\/www.tgrthaber.com\/mavikadin\/wp-json\/wp\/v2\/posts\/99755\/revisions"}],"predecessor-version":[{"id":99762,"href":"https:\/\/www.tgrthaber.com\/mavikadin\/wp-json\/wp\/v2\/posts\/99755\/revisions\/99762"}],"wp:featuredmedia":[{"embeddable":true,"href":"https:\/\/www.tgrthaber.com\/mavikadin\/wp-json\/wp\/v2\/media\/99756"}],"wp:attachment":[{"href":"https:\/\/www.tgrthaber.com\/mavikadin\/wp-json\/wp\/v2\/media?parent=99755"}],"wp:term":[{"taxonomy":"category","embeddable":true,"href":"https:\/\/www.tgrthaber.com\/mavikadin\/wp-json\/wp\/v2\/categories?post=99755"},{"taxonomy":"post_tag","embeddable":true,"href":"https:\/\/www.tgrthaber.com\/mavikadin\/wp-json\/wp\/v2\/tags?post=99755"}],"curies":[{"name":"wp","href":"https:\/\/api.w.org\/{rel}","templated":true}]}}