{"id":99763,"date":"2024-11-30T16:02:57","date_gmt":"2024-11-30T13:02:57","guid":{"rendered":"https:\/\/www.tgrthaber.com\/mavikadin\/?p=99763"},"modified":"2024-11-30T16:13:20","modified_gmt":"2024-11-30T13:13:20","slug":"cemre-baysel-ve-aytac-sasmazin-suratindan-dusen-bin-parca","status":"publish","type":"post","link":"https:\/\/www.tgrthaber.com\/mavikadin\/cemre-baysel-ve-aytac-sasmazin-suratindan-dusen-bin-parca\/","title":{"rendered":"Cemre Baysel ve Ayta\u00e7 \u015ea\u015fmaz&#8217;\u0131n surat\u0131ndan d\u00fc\u015fen bin par\u00e7a"},"content":{"rendered":"<p>Bir d\u00f6nem &#8220;Baht Oyunu&#8221; dizisinde rol alan ve dizi setinde ba\u015flayan a\u015fklar\u0131yla dikkat \u00e7eken Cemre Baysel ve Ayta\u00e7 \u015ea\u015fmaz, bir bu\u00e7uk y\u0131l s\u00fcren ayr\u0131l\u0131\u011f\u0131n ard\u0131ndan ili\u015fkilerine yeniden \u015fans verme karar\u0131 alm\u0131\u015ft\u0131. Ancak, ge\u00e7ti\u011fimiz geceki g\u00f6r\u00fcnt\u00fcler, aralar\u0131ndaki havan\u0131n pek de eskisi gibi olmad\u0131\u011f\u0131n\u0131 g\u00f6sterdi.<\/p>\n<h3>CEMRE BAYSEL VE AYTA\u00c7 \u015eA\u015eMAZ&#8217;IN MUTSUZ HALLER\u0130 D\u0130KKAT \u00c7EKT\u0130<\/h3>\n<p>Cemre Baysel, her zamanki ne\u015fesinden uzak, suskun bir \u015fekilde y\u00fcr\u00fcrken, Ayta\u00e7 \u015ea\u015fmaz da ona benzer \u015fekilde sessiz kald\u0131. \u00dcnl\u00fc \u00e7iftin keyifsiz tav\u0131rlar\u0131, ili\u015fkilerinin yeniden sorgulanmas\u0131na neden oldu. Ayta\u00e7 \u015ea\u015fmaz, gazetecilere sadece \u201c\u0130yi ak\u015famlar\u201d demekle yetinirken, Cemre Baysel&#8217;in hi\u00e7bir tepki vermemesi, ikilinin aras\u0131nda gerginlik mi var? sorusunu g\u00fcndeme getirdi. Evlilik sorular\u0131n\u0131 duymazdan gelen \u00e7ift ara\u00e7lar\u0131na binerek h\u0131zla uzakla\u015ft\u0131.<\/p>\n<div style=\"width: 640px;\" class=\"wp-video\"><!--[if lt IE 9]><script>document.createElement('video');<\/script><![endif]-->\n<video class=\"wp-video-shortcode\" id=\"video-99763-1\" width=\"640\" height=\"541\" preload=\"metadata\" controls=\"controls\"><source type=\"video\/mp4\" src=\"https:\/\/www.tgrthaber.com\/mavikadin\/wp-content\/uploads\/ssstwitter.com_1732961642294-online-video-cutter.com_.mp4?_=1\" \/><a href=\"https:\/\/www.tgrthaber.com\/mavikadin\/wp-content\/uploads\/ssstwitter.com_1732961642294-online-video-cutter.com_.mp4\">https:\/\/www.tgrthaber.com\/mavikadin\/wp-content\/uploads\/ssstwitter.com_1732961642294-online-video-cutter.com_.mp4<\/a><\/video><\/div>\n<p>Hayranlar\u0131n\u0131n, \u00e7iftin yeniden bir araya gelmesine sevindi\u011fi biliniyor, ancak bu g\u00f6r\u00fcnt\u00fcler, ili\u015fkilerindeki mutlulu\u011fun sorgulanmas\u0131na yol a\u00e7t\u0131.<\/p>\n<h3>CEMRE BAYSEL K\u0130MD\u0130R?<\/h3>\n<p>Cemre Baysel, 5 \u015eubat 1999&#8217;da \u0130zmir&#8217;de d\u00fcnyaya geldi. Sanat e\u011fitimini Ege \u00dcniversitesi&#8217;nde tamamlad\u0131ktan sonra, televizyona ilk ad\u0131m\u0131n\u0131 2014 y\u0131l\u0131nda Ye\u015fil Deniz dizisinde yard\u0131mc\u0131 bir rol \u00fcstlenerek att\u0131. Ard\u0131ndan 2017\u2019de \u0130simsizler dizisinde k\u0131sa bir s\u00fcre yer ald\u0131. Tarih\u00ee drama Payitaht Abd\u00fclhamid dizisinde &#8220;Firuze&#8221; karakteriyle dikkat \u00e7ekti. 2018-2019 y\u0131llar\u0131nda Elimi B\u0131rakma dizisinde yard\u0131mc\u0131 rolde yer alarak ad\u0131ndan s\u00f6z ettirdi. Daha sonra, su\u00e7 drama dizisi Ramoda k\u00fc\u00e7\u00fck bir rolle izleyiciyle bulu\u015ftu. 2020 y\u0131l\u0131nda Sol Yan\u0131m dizisinde performans sergileyen Baysel, 2021\u2019de ise romantik komedi t\u00fcr\u00fcndeki Baht Oyunu adl\u0131 dizide ba\u015frol oynayarak Ayta\u00e7 \u015ea\u015fmaz ile ekranlarda birlikte yer ald\u0131. Bu ba\u015far\u0131l\u0131 performanslar\u0131 sonucunda, 47. Alt\u0131n Kelebek \u00d6d\u00fclleri&#8217;nde &#8220;Y\u0131ld\u0131z\u0131 Parlayanlar&#8221; \u00f6d\u00fcl\u00fcn\u00fc kazand\u0131.<\/p>\n<p>&nbsp;<\/p>\n<p><img loading=\"lazy\" decoding=\"async\" class=\"alignnone wp-image-99770\" src=\"https:\/\/www.tgrthaber.com\/mavikadin\/wp-content\/uploads\/640x360-1.jpg\" alt=\"\" width=\"1102\" height=\"620\" title=\"\" srcset=\"https:\/\/www.tgrthaber.com\/mavikadin\/wp-content\/uploads\/640x360-1.jpg 640w, https:\/\/www.tgrthaber.com\/mavikadin\/wp-content\/uploads\/640x360-1-300x169.jpg 300w\" sizes=\"(max-width: 1102px) 100vw, 1102px\" \/><\/p>\n<h3>AYTA\u00c7 \u015eA\u015eMAZ SEN A\u011eLAMA \u0130STANBUL \u0130LE EKRANA D\u00d6N\u00dcYOR<\/h3>\n<p>Ayta\u00e7 \u015ea\u015fmaz, 4 A\u011fustos 1998&#8217;de Manisa&#8217;da d\u00fcnyaya gelmi\u015ftir ve T\u00fcrk televizyonunun tan\u0131nan oyuncular\u0131ndan biridir. 47. Alt\u0131n Kelebek \u00d6d\u00fclleri\u2019nde &#8220;En \u0130yi Romantik Komedi Erkek Oyuncusu&#8221; \u00f6d\u00fcl\u00fcn\u00fc kazanarak kariyerinde \u00f6nemli bir ad\u0131m atm\u0131\u015ft\u0131r.<\/p>\n<p>2017-2019 | S\u00f6z | Uzman \u00c7avu\u015f Feyzullah Alt\u0131parmak (\u00c7aylak) | Yard\u0131mc\u0131 oyuncu | Star TV<\/p>\n<p>2019-2021 | Hekimo\u011flu | Emre Acar | Ba\u015frol oyuncusu | Kanal D<\/p>\n<p>2018, 2022 | O Ses T\u00fcrkiye Y\u0131lba\u015f\u0131 \u00d6zel | Kendisi | Konuk | TV8<\/p>\n<p>2021 | Baht Oyunu | Bora Do\u011frus\u00f6z | Ba\u015frol oyuncusu | Kanal D<\/p>\n<p>2022 | Darmaduman | Evren | FOX<\/p>\n<p>2023 | Alt\u0131n Kafes | Onur Beyo\u011flu | atv<\/p>\n<p>Yak\u0131nda | Sen A\u011flama \u0130stanbul | Ferhat | Star TV<\/p>\n<p><img loading=\"lazy\" decoding=\"async\" class=\"alignnone wp-image-99771\" src=\"https:\/\/www.tgrthaber.com\/mavikadin\/wp-content\/uploads\/sen-aglama-istanbul-2-1024x582.jpg\" alt=\"\" width=\"1111\" height=\"632\" title=\"\" srcset=\"https:\/\/www.tgrthaber.com\/mavikadin\/wp-content\/uploads\/sen-aglama-istanbul-2-1024x582.jpg 1024w, https:\/\/www.tgrthaber.com\/mavikadin\/wp-content\/uploads\/sen-aglama-istanbul-2-300x171.jpg 300w, https:\/\/www.tgrthaber.com\/mavikadin\/wp-content\/uploads\/sen-aglama-istanbul-2-768x437.jpg 768w, https:\/\/www.tgrthaber.com\/mavikadin\/wp-content\/uploads\/sen-aglama-istanbul-2-1536x873.jpg 1536w, https:\/\/www.tgrthaber.com\/mavikadin\/wp-content\/uploads\/sen-aglama-istanbul-2.jpg 1900w\" sizes=\"(max-width: 1111px) 100vw, 1111px\" \/><\/p>\n","protected":false},"excerpt":{"rendered":"<p>Cemre Baysel ve Ayta\u00e7 \u015ea\u015fmaz, Kuru\u00e7e\u015fme\u2019de bir mekandan \u00e7\u0131karken objektiflere yans\u0131d\u0131. \u0130kilinin suratlar\u0131ndaki keyifsizlik, izleyenlerin dikkatinden ka\u00e7mad\u0131. A\u015fklar\u0131na ikinci bir \u015fans vererek hayranlar\u0131n\u0131 sevindiren \u00e7iftin bu halleri takip\u00e7ilerini \u015fa\u015f\u0131rtt\u0131.<\/p>\n","protected":false},"author":4,"featured_media":99766,"comment_status":"closed","ping_status":"closed","sticky":false,"template":"","format":"standard","meta":{"rank_math_lock_modified_date":false,"footnotes":""},"categories":[76],"tags":[2724,2520],"class_list":["post-99763","post","type-post","status-publish","format-standard","has-post-thumbnail","hentry","category-magazin","tag-aytac-sasmaz","tag-cemre-baysel"],"_links":{"self":[{"href":"https:\/\/www.tgrthaber.com\/mavikadin\/wp-json\/wp\/v2\/posts\/99763"}],"collection":[{"href":"https:\/\/www.tgrthaber.com\/mavikadin\/wp-json\/wp\/v2\/posts"}],"about":[{"href":"https:\/\/www.tgrthaber.com\/mavikadin\/wp-json\/wp\/v2\/types\/post"}],"author":[{"embeddable":true,"href":"https:\/\/www.tgrthaber.com\/mavikadin\/wp-json\/wp\/v2\/users\/4"}],"replies":[{"embeddable":true,"href":"https:\/\/www.tgrthaber.com\/mavikadin\/wp-json\/wp\/v2\/comments?post=99763"}],"version-history":[{"count":3,"href":"https:\/\/www.tgrthaber.com\/mavikadin\/wp-json\/wp\/v2\/posts\/99763\/revisions"}],"predecessor-version":[{"id":99772,"href":"https:\/\/www.tgrthaber.com\/mavikadin\/wp-json\/wp\/v2\/posts\/99763\/revisions\/99772"}],"wp:featuredmedia":[{"embeddable":true,"href":"https:\/\/www.tgrthaber.com\/mavikadin\/wp-json\/wp\/v2\/media\/99766"}],"wp:attachment":[{"href":"https:\/\/www.tgrthaber.com\/mavikadin\/wp-json\/wp\/v2\/media?parent=99763"}],"wp:term":[{"taxonomy":"category","embeddable":true,"href":"https:\/\/www.tgrthaber.com\/mavikadin\/wp-json\/wp\/v2\/categories?post=99763"},{"taxonomy":"post_tag","embeddable":true,"href":"https:\/\/www.tgrthaber.com\/mavikadin\/wp-json\/wp\/v2\/tags?post=99763"}],"curies":[{"name":"wp","href":"https:\/\/api.w.org\/{rel}","templated":true}]}}