{"id":99864,"date":"2024-11-30T20:58:32","date_gmt":"2024-11-30T17:58:32","guid":{"rendered":"https:\/\/www.tgrthaber.com\/mavikadin\/?p=99864"},"modified":"2025-01-03T14:14:15","modified_gmt":"2025-01-03T11:14:15","slug":"karantina-filmi-ocakta-sinemalarda-mahserin-dort-atlisi-geliyor","status":"publish","type":"post","link":"https:\/\/www.tgrthaber.com\/mavikadin\/karantina-filmi-ocakta-sinemalarda-mahserin-dort-atlisi-geliyor\/","title":{"rendered":"Karantina filmi ne zaman \u00e7\u0131kacak 2025? Karantina: Mah\u015ferin d\u00f6rt atl\u0131s\u0131 konusu ve oyuncular\u0131"},"content":{"rendered":"<p>Beyza Alko\u00e7&#8217;un b\u00fcy\u00fck sat\u0131\u015f ba\u015far\u0131s\u0131na imza atan roman\u0131ndan uyarlanan &#8220;Karantina&#8221; filmi, merakla beklenen bir yap\u0131m olarak dikkat \u00e7ekiyor. 10 Ocak 2025 tarihinde sinemalarda izleyiciyle bulu\u015facak olan film i\u00e7in yay\u0131nlanan ilk fragman, heyecan\u0131 artt\u0131rd\u0131. OTTO Entertainment ve Movie Factory i\u015fbirli\u011fiyle hayata ge\u00e7irilecek olan Karantina filminin vizyon tarihi yakla\u015ft\u0131k\u00e7a, sinemaseverler filme duyduklar\u0131 heyecan\u0131 daha da art\u0131r\u0131yorlar. Eserin ba\u015far\u0131l\u0131 uyarlamas\u0131yla yola \u00e7\u0131kan ekip, seyircilere unutulmaz bir sinema deneyimi sunmay\u0131 hedefliyor.<\/p>\n<h3>KARANT\u0130NA F\u0130LM\u0130 ROMANDAN UYARLAMA<\/h3>\n<p>2016 y\u0131l\u0131nda ilk kez okurlarla bulu\u015fan ve alt\u0131 kitaptan olu\u015fan Karantina roman serisi, Beyza Alko\u00e7&#8217;un \u00f6zg\u00fcn kalemiyle dikkat \u00e7ekiyor. Serinin son halkas\u0131 2020&#8217;de yay\u0131mlanan ve Indigo Kitap taraf\u0131ndan bas\u0131lan eser, &#8220;y\u0131ld\u0131zlar\u0131 g\u00f6rebilmek i\u00e7in duvarlar\u0131 aras\u0131nda ya\u015fad\u0131\u011f\u0131m\u0131z evimizden vazge\u00e7tik&#8221; slogar\u0131yla okuyucular\u0131n kar\u015f\u0131s\u0131na \u00e7\u0131k\u0131yor. Karantina serisi, sadece bir kitap dizisi olman\u0131n \u00f6tesinde derin duygular\u0131, karma\u015f\u0131k ili\u015fkileri ve insan\u0131n i\u00e7 d\u00fcnyas\u0131ndaki yolculu\u011fu ustal\u0131kla i\u015fleyerek okuyucular\u0131n\u0131 b\u00fcy\u00fcl\u00fc bir d\u00fcnyaya davet ediyor. Beyza Alko\u00e7 imzas\u0131n\u0131 ta\u015f\u0131yan bu benzersiz seri, edebiyat tutkunlar\u0131n\u0131n ilgi oda\u011f\u0131 haline geldi.<\/p>\n<p><img loading=\"lazy\" decoding=\"async\" class=\"alignnone wp-image-99868 size-full\" src=\"https:\/\/www.tgrthaber.com\/mavikadin\/wp-content\/uploads\/karantina-oyuncu-kadrosu.jpg\" alt=\"karantina oyuncu kadrosu\" width=\"1920\" height=\"1080\" title=\"\" srcset=\"https:\/\/www.tgrthaber.com\/mavikadin\/wp-content\/uploads\/karantina-oyuncu-kadrosu.jpg 1920w, https:\/\/www.tgrthaber.com\/mavikadin\/wp-content\/uploads\/karantina-oyuncu-kadrosu-300x169.jpg 300w, https:\/\/www.tgrthaber.com\/mavikadin\/wp-content\/uploads\/karantina-oyuncu-kadrosu-1024x576.jpg 1024w, https:\/\/www.tgrthaber.com\/mavikadin\/wp-content\/uploads\/karantina-oyuncu-kadrosu-768x432.jpg 768w, https:\/\/www.tgrthaber.com\/mavikadin\/wp-content\/uploads\/karantina-oyuncu-kadrosu-1536x864.jpg 1536w\" sizes=\"(max-width: 1920px) 100vw, 1920px\" \/><\/p>\n<hr \/>\n<h3>KARANT\u0130NA: MAH\u015eER\u0130N D\u00d6RT ATLISI OYUNCULARI VE KADROSU<\/h3>\n<p>Karantina: Mah\u015ferin D\u00f6rt Atl\u0131s\u0131&#8221; filminin oyuncu kadrosu olduk\u00e7a dikkat \u00e7ekici isimlerden olu\u015fuyor. Demirhan Demircio\u011flu, Meltem Ak\u00e7\u00f6l, Onur Bay, \u0130lker Aksum, Deniz U\u011fur ve Taha Baran \u00d6zbek gibi deneyimli ve ba\u015far\u0131l\u0131 oyuncular\u0131n yer ald\u0131\u011f\u0131 film, sinemaseverler taraf\u0131ndan merakla bekleniyor.<\/p>\n<p><iframe loading=\"lazy\" title=\"YouTube video player\" src=\"https:\/\/www.youtube.com\/embed\/fCm3k88VqF0?si=kQMhGOvx4sE2JBxp\" width=\"560\" height=\"315\" frameborder=\"0\" allowfullscreen=\"allowfullscreen\"><\/iframe><\/p>\n<hr \/>\n<p>Bu g\u00fc\u00e7l\u00fc kadro, izleyicilere etkileyici performanslar sunmay\u0131 vaat ederken, her bir karakterin derinlik kazand\u0131r\u0131lmas\u0131nda b\u00fcy\u00fck katk\u0131 sa\u011flayacak. &#8220;Karantina: Mah\u015ferin D\u00f6rt Atl\u0131s\u0131&#8221;, oyuncular\u0131n\u0131n kalitesi ve yetenekleriyle de ad\u0131ndan s\u00f6z ettirecek gibi g\u00f6r\u00fcn\u00fcyor.<\/p>\n<p><img loading=\"lazy\" decoding=\"async\" class=\"alignnone wp-image-99867 size-full\" src=\"https:\/\/www.tgrthaber.com\/mavikadin\/wp-content\/uploads\/karantina-filminden-ilk-fragman.jpg\" alt=\"karantina filminden ilk fragman\" width=\"1920\" height=\"1080\" title=\"\" srcset=\"https:\/\/www.tgrthaber.com\/mavikadin\/wp-content\/uploads\/karantina-filminden-ilk-fragman.jpg 1920w, https:\/\/www.tgrthaber.com\/mavikadin\/wp-content\/uploads\/karantina-filminden-ilk-fragman-300x169.jpg 300w, https:\/\/www.tgrthaber.com\/mavikadin\/wp-content\/uploads\/karantina-filminden-ilk-fragman-1024x576.jpg 1024w, https:\/\/www.tgrthaber.com\/mavikadin\/wp-content\/uploads\/karantina-filminden-ilk-fragman-768x432.jpg 768w, https:\/\/www.tgrthaber.com\/mavikadin\/wp-content\/uploads\/karantina-filminden-ilk-fragman-1536x864.jpg 1536w\" sizes=\"(max-width: 1920px) 100vw, 1920px\" \/><\/p>\n<hr \/>\n<h3>KARANT\u0130NA: MAH\u015eER\u0130N D\u00d6RT ATLISI F\u0130LM\u0130N KONUSU<\/h3>\n<p>Dram, gen\u00e7lik ve romantik t\u00fcrlerini bir araya getiren Beyza Alko\u00e7&#8217;un ayn\u0131 adl\u0131 eserinden uyarlanan film, izleyicilere s\u00fcr\u00fckleyici bir hik\u00e2ye sunmaya haz\u0131rlan\u0131yor. Zeynep ve Onur&#8217;un karma\u015f\u0131k ili\u015fkisine odaklanan yap\u0131m, bir cinayet soru\u015fturmas\u0131n\u0131n g\u00f6lgesinde ge\u00e7en olaylar\u0131 mercek alt\u0131na al\u0131yor. Zeynep&#8217;in yeni okulunda kendisini bekleyen s\u0131ra d\u0131\u015f\u0131 macera; karantina, cinayet ve beklenmedik bir a\u015fk \u00fc\u00e7geniyle dolu. Bu zorlu s\u00fcre\u00e7te Zeynep, duygusal a\u00e7\u0131dan derin bir yolculu\u011fa \u00e7\u0131karken, seyirciler de karakterlerin ya\u015fad\u0131\u011f\u0131 tutkulu ve gerilim dolu anlara tan\u0131kl\u0131k etme f\u0131rsat\u0131n\u0131 bulacaklar.<\/p>\n","protected":false},"excerpt":{"rendered":"<p>Beyza Alko\u00e7\u2018un sat\u0131\u015f rekorlar\u0131na imza atan ayn\u0131 adl\u0131 eserinden uyarlanan Karantina filmi 10 Ocak 2025\u2019te sinemalarda yerini al\u0131yor. Herkesin merakla bekledi\u011fi filmin ilk fragman\u0131 yay\u0131nland\u0131. <\/p>\n","protected":false},"author":10,"featured_media":99866,"comment_status":"closed","ping_status":"closed","sticky":false,"template":"","format":"standard","meta":{"rank_math_lock_modified_date":false,"footnotes":""},"categories":[602],"tags":[3133,3131,3132],"class_list":["post-99864","post","type-post","status-publish","format-standard","has-post-thumbnail","hentry","category-diziler","tag-beyza-alkoc","tag-karantina-filmi","tag-karantina-ocakta"],"_links":{"self":[{"href":"https:\/\/www.tgrthaber.com\/mavikadin\/wp-json\/wp\/v2\/posts\/99864"}],"collection":[{"href":"https:\/\/www.tgrthaber.com\/mavikadin\/wp-json\/wp\/v2\/posts"}],"about":[{"href":"https:\/\/www.tgrthaber.com\/mavikadin\/wp-json\/wp\/v2\/types\/post"}],"author":[{"embeddable":true,"href":"https:\/\/www.tgrthaber.com\/mavikadin\/wp-json\/wp\/v2\/users\/10"}],"replies":[{"embeddable":true,"href":"https:\/\/www.tgrthaber.com\/mavikadin\/wp-json\/wp\/v2\/comments?post=99864"}],"version-history":[{"count":4,"href":"https:\/\/www.tgrthaber.com\/mavikadin\/wp-json\/wp\/v2\/posts\/99864\/revisions"}],"predecessor-version":[{"id":116429,"href":"https:\/\/www.tgrthaber.com\/mavikadin\/wp-json\/wp\/v2\/posts\/99864\/revisions\/116429"}],"wp:featuredmedia":[{"embeddable":true,"href":"https:\/\/www.tgrthaber.com\/mavikadin\/wp-json\/wp\/v2\/media\/99866"}],"wp:attachment":[{"href":"https:\/\/www.tgrthaber.com\/mavikadin\/wp-json\/wp\/v2\/media?parent=99864"}],"wp:term":[{"taxonomy":"category","embeddable":true,"href":"https:\/\/www.tgrthaber.com\/mavikadin\/wp-json\/wp\/v2\/categories?post=99864"},{"taxonomy":"post_tag","embeddable":true,"href":"https:\/\/www.tgrthaber.com\/mavikadin\/wp-json\/wp\/v2\/tags?post=99864"}],"curies":[{"name":"wp","href":"https:\/\/api.w.org\/{rel}","templated":true}]}}